{"id":2125538,"date":"2026-09-03T02:36:33","date_gmt":"2026-09-02T23:36:33","guid":{"rendered":"https:\/\/analyse.optim.biz\/?p=2125538"},"modified":"2026-09-03T02:36:33","modified_gmt":"2026-09-02T23:36:33","slug":"nu-l-prinde-paltonul-la-mine-patronul-din-liga-1-l-a-facut-praf-si-ameninta-cu-despartirea-dupa-inca-o-infrangere","status":"publish","type":"post","link":"https:\/\/analyse.optim.biz\/?p=2125538","title":{"rendered":"\u201eNu-l prinde paltonul la mine\u201d. Patronul din Liga 1 l-a f\u0103cut praf \u0219i amenin\u021b\u0103 cu desp\u0103r\u021birea, dup\u0103 \u00eenc\u0103 o \u00eenfr\u00e2ngere"},"content":{"rendered":"<p>[analyse_image type=&#8221;featured&#8221; src=&#8221;https:\/\/s1.ziareromania.ro\/?mmid=7ca3856b2a70827b94&#8243;]<\/p>\n<div id=\"article__container\" class=\"news__container news__image__container\">\n<h1 class=\"news__title\" title=\"\u201eNu-l prinde paltonul la mine\u201d. Patronul din Liga 1 l-a f\u0103cut praf \u0219i amenin\u021b\u0103 cu desp\u0103r\u021birea, dup\u0103 \u00eenc\u0103 o \u00eenfr\u00e2ngere\">\u201eNu-l prinde paltonul la mine\u201d. Patronul din Liga 1 l-a f\u0103cut praf \u0219i amenin\u021b\u0103 cu desp\u0103r\u021birea, dup\u0103 \u00eenc\u0103 o \u00eenfr\u00e2ngere<\/h1>\n<\/div>\n<div class=\"news__info__content d-flex\">\n<div class=\"d-flex \">\n<div class=\"news__author mar10r\"> Autor: <span><a href=\"https:\/\/ziare.com\/autor\/iosif-pintilie\"> Iosif Pintilie <\/a><\/span><\/div>\n<div class=\"news__publish\">Miercuri, 02 Septembrie 2026, ora 23:43<\/div>\n<\/div>\n<div class=\"news__views\">767 citiri<\/div>\n<\/div>\n<div class=\"stanga_stire news__image fleft article__marker\">\n<div class=\"news-image__content news__image__item\"><a class=\"news__image\" data-href=\"https:\/\/s2.ziareromania.ro\/?mmid=7ca3856b2a70827b94\" data-size=\"1024x683\" title=\"\u201eNu-l prinde paltonul la mine\u201d. Patronul din Liga 1 l-a f\u0103cut praf \u0219i amenin\u021b\u0103 cu desp\u0103r\u021birea, dup\u0103 \u00eenc\u0103 o \u00eenfr\u00e2ngere\"><img decoding=\"async\" src=\"https:\/\/tb.ziareromania.ro\/---Nu-l-prinde-paltonul-la-mine-----Patronul-din-Liga-1-l-a-f--cut-praf---i-amenin-----cu-desp--r--irea--dup-----nc---o---nfr--ngere\/7ca3856b2a70827b94\/400\/225\/2\/100\/---Nu-l-prinde-paltonul-la-mine-----Patronul-din-Liga-1-l-a-f--cut-praf---i-amenin-----cu-desp--r--irea--dup-----nc---o---nfr--ngere.jpg\" alt=\"\u201eNu-l prinde paltonul la mine\u201d. Patronul din Liga 1 l-a f\u0103cut praf \u0219i amenin\u021b\u0103 cu desp\u0103r\u021birea, dup\u0103 \u00eenc\u0103 o \u00eenfr\u00e2ngere\" title=\"\u201eNu-l prinde paltonul la mine\u201d. Patronul din Liga 1 l-a f\u0103cut praf \u0219i amenin\u021b\u0103 cu desp\u0103r\u021birea, dup\u0103 \u00eenc\u0103 o \u00eenfr\u00e2ngere\" class=\"img-responsive\"><\/a><\/p>\n<div class=\"news__caption\">Valeriu Iftime. Foto: hepta<\/div>\n<\/div>\n<\/div>\n<div class=\"news__content descriere_main article__marker\">\n<p><a href=\"https:\/\/ziare.com\/fc\/\" title=\"FC\">FC<\/a> Boto\u0219ani a pierdut meciul cu Corvinul Hunedoara, primul din grupele Cupei Rom\u00e2niei. La finalul meciului, Valeriu Iftime, patronul lui FC Boto\u0219ani, l-a criticat dur pe Jovan Markovic, atacant adus \u00een aceast\u0103 var\u0103.<\/p>\n<p>\u201eSunt prea nervos azi ca s\u0103 fac analiz\u0103. Sunt sup\u0103rat pe situa\u021bie. \u00cencerc\u0103m s\u0103 \u021binem echipa \u00een <a href=\"https:\/\/ziare.com\/liga-1\/\" title=\"Liga 1\">Liga 1<\/a> \u0219i s\u0103 juc\u0103m fotbal. Markovic&#8230; parc\u0103 \u0219i el e la pensie. El e pentru \u0219ase luni la noi. Nu cred c\u0103 \u00eel prinde paltonul, s\u0103 zic a\u0219a.<\/p>\n<p>El e sigur c\u0103 o s\u0103-l fac\u0103 Marius Croitoru om, dar depinde \u0219i ce fel de om. Om de poart\u0103, om de alergat, om de om. Dar om de fotbal, deocamdat\u0103 nu. Nu e un fotbalist care s\u0103 te \u00eenc\u00e2nte.<\/p>\n<p>Azi a avut o pas\u0103 bun\u0103 \u0219i o pas\u0103 pe care a lovit-o ca mine, c\u0103 s-a speriat de ea. Nici n-a jucat mult, dar nu-\u021bi ia ochii deocamdat\u0103. Eu am crezut c\u0103 e explozie.<\/p>\n<p>Cum \u00eel vedem noi acum&#8230; a uitat talentul la <a href=\"https:\/\/ziare.com\/fotbal\/craiova\/\" title=\"Craiova\">Craiova<\/a>. Nu mai sunt transferuri de f\u0103cut, asta e echipa. Mitrov vrea s\u0103 plece, Mailat e obosit, a fost un mercato foarte lung.<\/p>\n<\/div>\n<p>Foarte complicat c\u00e2nd joci f\u0103r\u0103 Hervin, care are o <a href=\"https:\/\/ziare.com\/fotbal\/accidentare\/\" title=\"accidentare\">accidentare<\/a> \u0219i sper\u0103m s\u0103 revin\u0103 la meciul de la Pite\u0219ti. S\u00e2mb\u0103t\u0103 a\u0219tept\u0103m mai mult\u0103 ambi\u021bie\u201d, a declarat Valeriu Iftime, potrivit orangesport.ro.<\/p>\n<p>FC Boto\u0219ani a pierdut al treilea meci al sezonului. Moldovenii au doar dou\u0103 victorii: una \u00een <a href=\"https:\/\/ziare.com\/fotbal\/campionat\/\" title=\"campionat\">campionat<\/a>, cu Csikszereda \u0219i una \u00een Cup\u0103, \u00een playoff, cu \u0218elimb\u0103r.<\/p>\n","protected":false},"excerpt":{"rendered":"<p>[analyse_image type=&#8221;featured&#8221; src=&#8221;https:\/\/s1.ziareromania.ro\/?mmid=7ca3856b2a70827b94&#8243;] \u201eNu-l prinde paltonul la mine\u201d. Patronul din Liga 1 l-a f\u0103cut praf \u0219i amenin\u021b\u0103 cu desp\u0103r\u021birea, dup\u0103 \u00eenc\u0103 o \u00eenfr\u00e2ngere Autor: Iosif Pintilie Miercuri, 02 Septembrie 2026, ora 23:43 767 citiri Valeriu Iftime. Foto: hepta FC Boto\u0219ani a pierdut meciul cu Corvinul Hunedoara, primul din grupele Cupei Rom\u00e2niei. La finalul meciului, Valeriu [&hellip;]<\/p>\n","protected":false},"author":1,"featured_media":0,"comment_status":"open","ping_status":"","sticky":false,"template":"","format":"standard","meta":{"footnotes":""},"categories":[89],"tags":[226,22],"class_list":["post-2125538","post","type-post","status-publish","format-standard","hentry","category-romania","tag-crawlmanager","tag-ziare-com"],"_links":{"self":[{"href":"https:\/\/analyse.optim.biz\/index.php?rest_route=\/wp\/v2\/posts\/2125538","targetHints":{"allow":["GET"]}}],"collection":[{"href":"https:\/\/analyse.optim.biz\/index.php?rest_route=\/wp\/v2\/posts"}],"about":[{"href":"https:\/\/analyse.optim.biz\/index.php?rest_route=\/wp\/v2\/types\/post"}],"author":[{"embeddable":true,"href":"https:\/\/analyse.optim.biz\/index.php?rest_route=\/wp\/v2\/users\/1"}],"replies":[{"embeddable":true,"href":"https:\/\/analyse.optim.biz\/index.php?rest_route=%2Fwp%2Fv2%2Fcomments&post=2125538"}],"version-history":[{"count":0,"href":"https:\/\/analyse.optim.biz\/index.php?rest_route=\/wp\/v2\/posts\/2125538\/revisions"}],"wp:attachment":[{"href":"https:\/\/analyse.optim.biz\/index.php?rest_route=%2Fwp%2Fv2%2Fmedia&parent=2125538"}],"wp:term":[{"taxonomy":"category","embeddable":true,"href":"https:\/\/analyse.optim.biz\/index.php?rest_route=%2Fwp%2Fv2%2Fcategories&post=2125538"},{"taxonomy":"post_tag","embeddable":true,"href":"https:\/\/analyse.optim.biz\/index.php?rest_route=%2Fwp%2Fv2%2Ftags&post=2125538"}],"curies":[{"name":"wp","href":"https:\/\/api.w.org\/{rel}","templated":true}]}}