{"id":2125535,"date":"2026-09-03T02:32:57","date_gmt":"2026-09-02T23:32:57","guid":{"rendered":"https:\/\/analyse.optim.biz\/?p=2125535"},"modified":"2026-09-03T02:32:57","modified_gmt":"2026-09-02T23:32:57","slug":"universitatea-craiova-l-a-inlocuit-pe-anzor-fotbalistul-luat-de-la-otelul-galati","status":"publish","type":"post","link":"https:\/\/analyse.optim.biz\/?p=2125535","title":{"rendered":"Universitatea Craiova l-a \u00eenlocuit pe Anzor: fotbalistul luat de la O\u021belul Gala\u021bi"},"content":{"rendered":"<p>[analyse_image type=&#8221;featured&#8221; src=&#8221;https:\/\/s2.ziareromania.ro\/?mmid=db2b756b2a6e8a5d18&#8243;]<\/p>\n<div id=\"article__container\" class=\"news__container news__image__container\">\n<h1 class=\"news__title\" title=\"Universitatea Craiova l-a \u00eenlocuit pe Anzor: fotbalistul luat de la O\u021belul Gala\u021bi\">Universitatea Craiova l-a \u00eenlocuit pe Anzor: fotbalistul luat de la O\u021belul Gala\u021bi<\/h1>\n<\/div>\n<div class=\"news__info__content d-flex\">\n<div class=\"d-flex \">\n<div class=\"news__author mar10r\"> Autor: <span><a href=\"https:\/\/ziare.com\/autor\/iosif-pintilie\"> Iosif Pintilie <\/a><\/span><\/div>\n<div class=\"news__publish\">Miercuri, 02 Septembrie 2026, ora 23:31<\/div>\n<\/div>\n<div class=\"news__views\">480 citiri<\/div>\n<\/div>\n<div class=\"stanga_stire news__image fleft article__marker\">\n<div class=\"news-image__content news__image__item\"><a class=\"news__image\" data-href=\"https:\/\/s1.ziareromania.ro\/?mmid=db2b756b2a6e8a5d18\" data-size=\"350x234\" title=\"Universitatea Craiova l-a \u00eenlocuit pe Anzor: fotbalistul luat de la O\u021belul Gala\u021bi\"><img decoding=\"async\" src=\"https:\/\/tb.ziareromania.ro\/Universitatea-Craiova-l-a---nlocuit-pe-Anzor--fotbalistul-luat-de-la-O--elul-Gala--i\/db2b756b2a6e8a5d18\/400\/225\/2\/100\/Universitatea-Craiova-l-a---nlocuit-pe-Anzor--fotbalistul-luat-de-la-O--elul-Gala--i.jpg\" alt=\"Universitatea Craiova l-a \u00eenlocuit pe Anzor: fotbalistul luat de la O\u021belul Gala\u021bi\" title=\"Universitatea Craiova l-a \u00eenlocuit pe Anzor: fotbalistul luat de la O\u021belul Gala\u021bi\" class=\"img-responsive\"><\/a><\/p>\n<div class=\"news__caption\">Joao Lameira. Foto: Facebook \/ Universitatea Craiova<\/div>\n<\/div>\n<\/div>\n<div class=\"news__content descriere_main article__marker\">\n<p>Mijloca\u0219ul portughez Joao Lameira a fost achizi\u021bionat definitiv de <a href=\"https:\/\/ziare.com\/universitatea-craiova\/\" title=\"Universitatea Craiova\">Universitatea Craiova<\/a> de la O\u021belul Gala\u021bi, au anun\u021bat, miercuri, cele dou\u0103 <a href=\"https:\/\/ziare.com\/fotbal\/cluburi\/\" title=\"cluburi\">cluburi<\/a>.<\/p>\n<p>Lameira a semnat un contract valabil doi ani, cu op\u021biune de prelungire pentru \u00eenc\u0103 un an.<\/p>\n<p>\u00cen v\u00e2rst\u0103 de 27 de ani, Jo\u00e3o Lameira a purtat banderola de c\u0103pitan a forma\u021biei g\u0103l\u0103\u021bene, fiind unul dintre liderii echipei.<\/p>\n<p>Mijloca\u0219ul portughez se desparte astfel de O\u021belul dup\u0103 trei ani \u00een care a devenit unul dintre oamenii reprezentativi ai echipei \u0219i unul dintre liderii vestiarului ro\u0219-alb-albastru. Transferul la Universitatea <a href=\"https:\/\/ziare.com\/fotbal\/craiova\/\" title=\"Craiova\">Craiova<\/a> se realizeaz\u0103 pentru o sum\u0103 important\u0103, la care se adaug\u0103 un procent dintr-un viitor <a href=\"https:\/\/ziare.com\/fotbal\/transfer\/\" title=\"transfer\">transfer<\/a> al juc\u0103torului, precum \u0219i bonusuri de performan\u021b\u0103, at\u00e2t \u00een func\u021bie de rezultatele echipei craiovene, c\u00e2t \u0219i de performan\u021bele individuale pe care Jo\u00e3o le va avea la noul s\u0103u club, precizeaz\u0103 O\u021belul.<\/p>\n<\/div>\n<p>Jo\u00e3o Pedro Santos Lameira, 27 de ani, a ajuns pentru prima dat\u0103 la O\u021belul sub form\u0103 de \u00eemprumut, iar evolu\u021biile sale au convins clubul s\u0103 continue colaborarea. Ulterior, mijloca\u0219ul portughez a semnat din postura de juc\u0103tor liber de contract, dup\u0103 desp\u0103r\u021birea de forma\u021bia rus\u0103 Baltika Kaliningrad.<\/p>\n<p>\u00cen cele trei sezoane petrecute la Gala\u021bi, Lameira a devenit rapid unul dintre juc\u0103torii importan\u021bi ai forma\u021biei g\u0103l\u0103\u021bene. A purtat banderola de c\u0103pitan, a fost un reper al vestiarului \u0219i a contribuit la parcursul echipei revenite \u00een prim-planul fotbalului rom\u00e2nesc. De-a lungul perioadei sale la O\u021belul, portughezul a fost parte din genera\u021bia care a demonstrat c\u0103 ro\u0219-alb-alba\u0219trii \u00ee\u0219i merit\u0103 cu prisosin\u021b\u0103 locul \u00een Superliga Rom\u00e2niei \u0219i a disputat finala Cupei Rom\u00e2niei din 2024, precizeaz\u0103 clubul.<\/p>\n<p>Ca o\u021belar, Jo\u00e3o a disputat 102 <a href=\"https:\/\/ziare.com\/fotbal\/meciuri\/\" title=\"meciuri\">meciuri<\/a>, at\u00e2t \u00een Superliga, c\u00e2t \u0219i \u00een Cupa Rom\u00e2niei, perioad\u0103 \u00een care a \u00eenscris 8 <a href=\"https:\/\/ziare.com\/fotbal\/goluri\/\" title=\"goluri\">goluri<\/a> \u0219i a furnizat 3 assist-uri.<\/p>\n","protected":false},"excerpt":{"rendered":"<p>[analyse_image type=&#8221;featured&#8221; src=&#8221;https:\/\/s2.ziareromania.ro\/?mmid=db2b756b2a6e8a5d18&#8243;] Universitatea Craiova l-a \u00eenlocuit pe Anzor: fotbalistul luat de la O\u021belul Gala\u021bi Autor: Iosif Pintilie Miercuri, 02 Septembrie 2026, ora 23:31 480 citiri Joao Lameira. Foto: Facebook \/ Universitatea Craiova Mijloca\u0219ul portughez Joao Lameira a fost achizi\u021bionat definitiv de Universitatea Craiova de la O\u021belul Gala\u021bi, au anun\u021bat, miercuri, cele dou\u0103 cluburi. Lameira [&hellip;]<\/p>\n","protected":false},"author":1,"featured_media":0,"comment_status":"open","ping_status":"","sticky":false,"template":"","format":"standard","meta":{"footnotes":""},"categories":[89],"tags":[226,22],"class_list":["post-2125535","post","type-post","status-publish","format-standard","hentry","category-romania","tag-crawlmanager","tag-ziare-com"],"_links":{"self":[{"href":"https:\/\/analyse.optim.biz\/index.php?rest_route=\/wp\/v2\/posts\/2125535","targetHints":{"allow":["GET"]}}],"collection":[{"href":"https:\/\/analyse.optim.biz\/index.php?rest_route=\/wp\/v2\/posts"}],"about":[{"href":"https:\/\/analyse.optim.biz\/index.php?rest_route=\/wp\/v2\/types\/post"}],"author":[{"embeddable":true,"href":"https:\/\/analyse.optim.biz\/index.php?rest_route=\/wp\/v2\/users\/1"}],"replies":[{"embeddable":true,"href":"https:\/\/analyse.optim.biz\/index.php?rest_route=%2Fwp%2Fv2%2Fcomments&post=2125535"}],"version-history":[{"count":0,"href":"https:\/\/analyse.optim.biz\/index.php?rest_route=\/wp\/v2\/posts\/2125535\/revisions"}],"wp:attachment":[{"href":"https:\/\/analyse.optim.biz\/index.php?rest_route=%2Fwp%2Fv2%2Fmedia&parent=2125535"}],"wp:term":[{"taxonomy":"category","embeddable":true,"href":"https:\/\/analyse.optim.biz\/index.php?rest_route=%2Fwp%2Fv2%2Fcategories&post=2125535"},{"taxonomy":"post_tag","embeddable":true,"href":"https:\/\/analyse.optim.biz\/index.php?rest_route=%2Fwp%2Fv2%2Ftags&post=2125535"}],"curies":[{"name":"wp","href":"https:\/\/api.w.org\/{rel}","templated":true}]}}