{"id":2125534,"date":"2026-09-03T02:31:09","date_gmt":"2026-09-02T23:31:09","guid":{"rendered":"https:\/\/analyse.optim.biz\/?p=2125534"},"modified":"2026-09-03T02:31:09","modified_gmt":"2026-09-02T23:31:09","slug":"guvernul-spaniol-acuzat-de-musamalizare-in-criza-din-ceuta-ce-implicatii-ar-fi-avut-marocul","status":"publish","type":"post","link":"https:\/\/analyse.optim.biz\/?p=2125534","title":{"rendered":"Guvernul spaniol, acuzat de \u201emu\u0219amalizare\u201d \u00een criza din Ceuta. Ce implica\u021bii ar fi avut Marocul"},"content":{"rendered":"<p>[analyse_image type=&#8221;featured&#8221; src=&#8221;https:\/\/s1.ziareromania.ro\/?mmid=900c856b29cd84fd59&#8243;]<\/p>\n<div id=\"article__container\" class=\"news__container news__image__container\">\n<h1 class=\"news__title\" title=\"Guvernul spaniol, acuzat de \u201emu\u0219amalizare\u201d \u00een criza din Ceuta. Ce implica\u021bii ar fi avut Marocul\">Guvernul spaniol, acuzat de \u201emu\u0219amalizare\u201d \u00een criza din Ceuta. Ce implica\u021bii ar fi avut Marocul<\/h1>\n<\/div>\n<div class=\"news__info__content d-flex\">\n<div class=\"d-flex \">\n<div class=\"news__author mar10r\"> Autor: <span><a href=\"https:\/\/ziare.com\/autor\/catalina-sirbu\"> Catalina Sirbu <\/a><\/span><\/div>\n<div class=\"news__publish\">Miercuri, 02 Septembrie 2026, ora 23:28<\/div>\n<\/div>\n<div class=\"news__views\">900 citiri<\/div>\n<\/div>\n<div class=\"stanga_stire news__image fleft article__marker\">\n<div class=\"news-image__content news__image__item\"><a class=\"news__image\" data-href=\"https:\/\/s2.ziareromania.ro\/?mmid=900c856b29cd84fd59\" data-size=\"1024x683\" title=\"Guvernul spaniol, acuzat de \u201emu\u0219amalizare\u201d \u00een criza din Ceuta. Ce implica\u021bii ar fi avut Marocul\"><img decoding=\"async\" src=\"https:\/\/tb.ziareromania.ro\/Guvernul-spaniol--acuzat-de----mu--amalizare------n-criza-din-Ceuta--Ce-implica--ii-ar-fi-avut-Marocul\/900c856b29cd84fd59\/400\/225\/2\/100\/Guvernul-spaniol--acuzat-de----mu--amalizare------n-criza-din-Ceuta--Ce-implica--ii-ar-fi-avut-Marocul.jpg\" alt=\"Guvernul spaniol, acuzat de \u201emu\u0219amalizare\u201d \u00een criza din Ceuta. Ce implica\u021bii ar fi avut Marocul\" title=\"Guvernul spaniol, acuzat de \u201emu\u0219amalizare\u201d \u00een criza din Ceuta. Ce implica\u021bii ar fi avut Marocul\" class=\"img-responsive\"><\/a><\/p>\n<div class=\"news__caption\">Imigran\u021bi care au intrat ilegal \u00een Ceuta FOTO Hepta<\/div>\n<\/div>\n<\/div>\n<div class=\"news__content descriere_main article__marker\">\n<p>Executivul de la Madrid, condus de Pedro Sanchez, trece printr-o nou\u0103 criz\u0103 politic\u0103, pe fondul dezv\u0103luirilor din pres\u0103 privind implicarea for\u021belor marocane \u00een valul masiv de migran\u021bi sosi\u021bi \u00een Ceuta.<\/p>\n<p>Presupusul raport al poli\u021biei contrazice versiunea prezentat\u0103 p\u00e2n\u0103 acum de executivul condus de Pedro Sanchez, care a exclus implicarea Marocului. Situa\u021bia s-a complicat dup\u0103 ce un oficial de rang \u00eenalt al poli\u021biei a negat existen\u021ba unui raport care s\u0103 atribuie direct responsabilitatea Rabatului, \u00een timp ce opozi\u021bia \u00eel acuz\u0103 pe premier c\u0103 guvernul \u201e\u0219tia \u0219i a mu\u0219amalizat totul\u201d, potrivit <a href=\"https:\/\/www.euronews.com\/my-europe\/2026\/09\/02\/spain-government-in-disarray-as-conflicting-reports-swirl-over-moroccos-role-in-ceuta\" target=\"_blank\" rel=\"nofollow\">Euronews<\/a>.<\/p>\n<p>Liderul opozi\u021biei spaniole, Alberto N\u00fa\u00f1ez Feij\u00f3o, a lansat miercuri una dintre cele mai dure acuza\u021bii la adresa executivului S\u00e1nchez, sus\u021bin\u00e2nd c\u0103 acesta avea informa\u021bii despre situa\u021bie. Guvernul \u201e\u0219tia \u0219i a mu\u0219amalizat totul\u201d, le-a declarat Feij\u00f3o jurnali\u0219tilor.<\/p>\n<\/div>\n<p>Ministrul spaniol de Interne a solicitat miercuri clarific\u0103ri cu privire la un eventual raport al poli\u021biei, men\u021bionat de pres\u0103, care sugereaz\u0103 implicarea for\u021belor de ordine marocane \u00een recentul aflux masiv de imigran\u021bi din Ceuta, ceea ce ar contrazice versiunea sus\u021binut\u0103 de Madrid, relateaz\u0103 AFP.<\/p>\n<p>Potrivit unor surse din cadrul Ministerului de Interne spaniol, Fernando Grande-Marlaska i-a cerut directorului general al poli\u021biei s\u0103 \u201e\u00eel informeze c\u00e2t mai cur\u00e2nd posibil cu privire la con\u021binutul unui raport pe care Centrul Na\u021bional pentru Imigra\u021bie \u0219i Frontiere (CENIF) l-ar fi transmis Cur\u021bii Na\u021bionale \u0219i \u00een care ar atribui for\u021belor \u0219i corpului de securitate din Maroc asaltul masiv asupra frontierei din Ceuta din 30 \u0219i 31 iulie\u201d.<\/p>\n<p>Aceast\u0103 scrisoare face referire la o informa\u021bie publicat\u0103 de cotidianul online El Espa\u00f1ol, care afirm\u0103 c\u0103 intrarea, de la grani\u021ba cu Marocul, a aproximativ 70.000 de migran\u021bi \u00een mica enclav\u0103 spaniol\u0103 din nordul Africii \u201ea fost dirijat\u0103 de jandarmi marocani afla\u021bi sub ordinele unor agen\u021bi \u00een civil care urm\u0103reau un obiectiv diferit de cel al imigra\u021biei\u201d.<\/p>\n","protected":false},"excerpt":{"rendered":"<p>[analyse_image type=&#8221;featured&#8221; src=&#8221;https:\/\/s1.ziareromania.ro\/?mmid=900c856b29cd84fd59&#8243;] Guvernul spaniol, acuzat de \u201emu\u0219amalizare\u201d \u00een criza din Ceuta. Ce implica\u021bii ar fi avut Marocul Autor: Catalina Sirbu Miercuri, 02 Septembrie 2026, ora 23:28 900 citiri Imigran\u021bi care au intrat ilegal \u00een Ceuta FOTO Hepta Executivul de la Madrid, condus de Pedro Sanchez, trece printr-o nou\u0103 criz\u0103 politic\u0103, pe fondul dezv\u0103luirilor din [&hellip;]<\/p>\n","protected":false},"author":1,"featured_media":0,"comment_status":"open","ping_status":"","sticky":false,"template":"","format":"standard","meta":{"footnotes":""},"categories":[89],"tags":[226,22],"class_list":["post-2125534","post","type-post","status-publish","format-standard","hentry","category-romania","tag-crawlmanager","tag-ziare-com"],"_links":{"self":[{"href":"https:\/\/analyse.optim.biz\/index.php?rest_route=\/wp\/v2\/posts\/2125534","targetHints":{"allow":["GET"]}}],"collection":[{"href":"https:\/\/analyse.optim.biz\/index.php?rest_route=\/wp\/v2\/posts"}],"about":[{"href":"https:\/\/analyse.optim.biz\/index.php?rest_route=\/wp\/v2\/types\/post"}],"author":[{"embeddable":true,"href":"https:\/\/analyse.optim.biz\/index.php?rest_route=\/wp\/v2\/users\/1"}],"replies":[{"embeddable":true,"href":"https:\/\/analyse.optim.biz\/index.php?rest_route=%2Fwp%2Fv2%2Fcomments&post=2125534"}],"version-history":[{"count":0,"href":"https:\/\/analyse.optim.biz\/index.php?rest_route=\/wp\/v2\/posts\/2125534\/revisions"}],"wp:attachment":[{"href":"https:\/\/analyse.optim.biz\/index.php?rest_route=%2Fwp%2Fv2%2Fmedia&parent=2125534"}],"wp:term":[{"taxonomy":"category","embeddable":true,"href":"https:\/\/analyse.optim.biz\/index.php?rest_route=%2Fwp%2Fv2%2Fcategories&post=2125534"},{"taxonomy":"post_tag","embeddable":true,"href":"https:\/\/analyse.optim.biz\/index.php?rest_route=%2Fwp%2Fv2%2Ftags&post=2125534"}],"curies":[{"name":"wp","href":"https:\/\/api.w.org\/{rel}","templated":true}]}}