{"id":2125532,"date":"2026-09-03T02:30:44","date_gmt":"2026-09-02T23:30:44","guid":{"rendered":"https:\/\/analyse.optim.biz\/?p=2125532"},"modified":"2026-09-03T02:30:44","modified_gmt":"2026-09-02T23:30:44","slug":"reorganizare-globala-majora-la-unul-dintre-cei-mai-importanti-giganti-de-ridesharing-mii-de-angajati-vor-fi-concediati","status":"publish","type":"post","link":"https:\/\/analyse.optim.biz\/?p=2125532","title":{"rendered":"Reorganizare global\u0103 major\u0103 la unul dintre cei mai importan\u021bi gigan\u021bi de ridesharing. Mii de angaja\u021bi vor fi concedia\u021bi"},"content":{"rendered":"<p>[analyse_image type=&#8221;featured&#8221; src=&#8221;https:\/\/s1.ziareromania.ro\/?mmid=c24a056b0a930ff3a6&#8243;]<\/p>\n<div id=\"article__container\" class=\"news__container news__image__container\">\n<h1 class=\"news__title\" title=\"Reorganizare global\u0103 major\u0103 la unul dintre cei mai importan\u021bi gigan\u021bi de ridesharing. Mii de angaja\u021bi vor fi concedia\u021bi\">Reorganizare global\u0103 major\u0103 la unul dintre cei mai importan\u021bi gigan\u021bi de ridesharing. Mii de angaja\u021bi vor fi concedia\u021bi<\/h1>\n<\/div>\n<div class=\"news__info__content d-flex\">\n<div class=\"d-flex \">\n<div class=\"news__author mar10r\"> Autor: <span><a href=\"https:\/\/ziare.com\/autor\/catalina-sirbu\"> Catalina Sirbu <\/a><\/span><\/div>\n<div class=\"news__publish\">Miercuri, 02 Septembrie 2026, ora 23:24<\/div>\n<\/div>\n<div class=\"news__views\">833 citiri<\/div>\n<\/div>\n<div class=\"stanga_stire news__image fleft article__marker\">\n<div class=\"news-image__content news__image__item\"><a class=\"news__image\" data-href=\"https:\/\/s2.ziareromania.ro\/?mmid=c24a056b0a930ff3a6\" data-size=\"1024x576\" title=\"Reorganizare global\u0103 major\u0103 la unul dintre cei mai importan\u021bi gigan\u021bi de ridesharing. Mii de angaja\u021bi vor fi concedia\u021bi\"><img decoding=\"async\" src=\"https:\/\/tb.ziareromania.ro\/Reorganizare-global---major---la-unul-dintre-cei-mai-importan--i-gigan--i-de-ridesharing--Mii-de-angaja--i-vor-fi-concedia--i\/c24a056b0a930ff3a6\/400\/225\/2\/100\/Reorganizare-global---major---la-unul-dintre-cei-mai-importan--i-gigan--i-de-ridesharing--Mii-de-angaja--i-vor-fi-concedia--i.jpg\" alt=\"Reorganizare global\u0103 major\u0103 la unul dintre cei mai importan\u021bi gigan\u021bi de ridesharing. Mii de angaja\u021bi vor fi concedia\u021bi\" title=\"Reorganizare global\u0103 major\u0103 la unul dintre cei mai importan\u021bi gigan\u021bi de ridesharing. Mii de angaja\u021bi vor fi concedia\u021bi\" class=\"img-responsive\"><\/a><\/p>\n<div class=\"news__caption\">\u0218ofer Uber la volan FOTO Unsplash<\/div>\n<\/div>\n<\/div>\n<div class=\"news__content descriere_main article__marker\">\n<p>Uber reduce peste 3.000 de locuri de munc\u0103 la nivel mondial, ca parte a unei reorganiz\u0103ri majore menite s\u0103 reduc\u0103 nivelurile de conducere \u0219i s\u0103 redirec\u021bioneze cheltuielile c\u0103tre activitatea sa de baz\u0103.<\/p>\n<p>Concedierile reprezint\u0103 aproximativ 10% din for\u021ba sa de munc\u0103 global\u0103, aduc\u00e2nd num\u0103rul de angaja\u021bi \u00eenapoi la nivelurile \u00eenregistrate ultima dat\u0103 \u00een 2021, potrivit <a href=\"https:\/\/www.bbc.com\/news\/articles\/cp3ky2w4y9no\" target=\"_blank\" rel=\"nofollow\">BBC<\/a>.<\/p>\n<p>Directorul executiv Dara Khosrowshahi le-a transmis angaja\u021bilor, \u00eentr-un e-mail intern, c\u0103 firma de ridesharing \u0219i livr\u0103ri s-a extins rapid, dar a acumulat prea multe niveluri ierarhice \u0219i echipe mici care au \u00eencetinit luarea deciziilor.<\/p>\n<p>El a precizat c\u0103 aceste reduceri vor pune Uber \u2014 companie care \u00ee\u0219i are sediul central global \u00een San Francisco, <a href=\"https:\/\/ziare.com\/international\/sua\/\" title=\"SUA\">SUA<\/a> \u2014 \u00eentr-o pozi\u021bie mai bun\u0103 pentru \u201ecele mai mari oportunit\u0103\u021bi care ne stau \u00een fa\u021b\u0103\u201d.<\/p>\n<p>M\u0103sura marcheaz\u0103 una dintre cele mai mari restructur\u0103ri ale Uber din ultimii ani \u0219i semnaleaz\u0103 o trecere c\u0103tre un model opera\u021bional mai suplu.<\/p>\n<\/div>\n<p>Ac\u021biunile au crescut cu aproape 2% dup\u0103 anun\u021b, investitorii p\u0103r\u00e2nd s\u0103 salute propunerile.<\/p>\n<p>Concedierile afecteaz\u0103 at\u00e2t func\u021biile de conducere, c\u00e2t \u0219i pe cele de execu\u021bie, iar Uber a transmis c\u0103 inten\u021bioneaz\u0103 s\u0103 comaseze multe dintre cele mai mici echipe ale sale \u00een grupuri mai mari; cu toate acestea, firma nu a confirmat loca\u021biile cele mai afectate de reducerile de personal.<\/p>\n<p>Astfel de modific\u0103ri au scopul de a face Uber \u201emai simpl\u0103\u201d \u0219i \u201emai rapid\u0103\u201d, eliber\u00e2nd \u00een acela\u0219i timp fonduri pentru a fi reinvestite \u00een domenii pe care le consider\u0103 esen\u021biale pentru viitorul s\u0103u, a spus Khosrowshahi. Restructurarea vine \u00een contextul \u00een care Uber \u00ee\u0219i intensific\u0103 investi\u021biile \u00een parteneriate pentru vehicule autonome \u0219i \u00ee\u0219i extinde opera\u021biunile de ridesharing, livr\u0103ri \u0219i robotaxi.<\/p>\n<p>Uber \u00ee\u0219i \u00een\u0103spre\u0219te, de asemenea, strategia privind munca de la birou, cer\u00e2nd aproape tuturor angaja\u021bilor s\u0103 lucreze cu prezen\u021b\u0103 fizic\u0103 \u00een huburile desemnate \u0219i limit\u00e2nd rolurile remote la aproximativ 1%.<\/p>\n<p>Anali\u0219tii au declarat c\u0103 disponibiliz\u0103rile ar putea genera economii anuale de p\u00e2n\u0103 la 2 miliarde de dolari.<\/p>\n","protected":false},"excerpt":{"rendered":"<p>[analyse_image type=&#8221;featured&#8221; src=&#8221;https:\/\/s1.ziareromania.ro\/?mmid=c24a056b0a930ff3a6&#8243;] Reorganizare global\u0103 major\u0103 la unul dintre cei mai importan\u021bi gigan\u021bi de ridesharing. Mii de angaja\u021bi vor fi concedia\u021bi Autor: Catalina Sirbu Miercuri, 02 Septembrie 2026, ora 23:24 833 citiri \u0218ofer Uber la volan FOTO Unsplash Uber reduce peste 3.000 de locuri de munc\u0103 la nivel mondial, ca parte a unei reorganiz\u0103ri majore [&hellip;]<\/p>\n","protected":false},"author":1,"featured_media":0,"comment_status":"open","ping_status":"","sticky":false,"template":"","format":"standard","meta":{"footnotes":""},"categories":[89],"tags":[226,22],"class_list":["post-2125532","post","type-post","status-publish","format-standard","hentry","category-romania","tag-crawlmanager","tag-ziare-com"],"_links":{"self":[{"href":"https:\/\/analyse.optim.biz\/index.php?rest_route=\/wp\/v2\/posts\/2125532","targetHints":{"allow":["GET"]}}],"collection":[{"href":"https:\/\/analyse.optim.biz\/index.php?rest_route=\/wp\/v2\/posts"}],"about":[{"href":"https:\/\/analyse.optim.biz\/index.php?rest_route=\/wp\/v2\/types\/post"}],"author":[{"embeddable":true,"href":"https:\/\/analyse.optim.biz\/index.php?rest_route=\/wp\/v2\/users\/1"}],"replies":[{"embeddable":true,"href":"https:\/\/analyse.optim.biz\/index.php?rest_route=%2Fwp%2Fv2%2Fcomments&post=2125532"}],"version-history":[{"count":0,"href":"https:\/\/analyse.optim.biz\/index.php?rest_route=\/wp\/v2\/posts\/2125532\/revisions"}],"wp:attachment":[{"href":"https:\/\/analyse.optim.biz\/index.php?rest_route=%2Fwp%2Fv2%2Fmedia&parent=2125532"}],"wp:term":[{"taxonomy":"category","embeddable":true,"href":"https:\/\/analyse.optim.biz\/index.php?rest_route=%2Fwp%2Fv2%2Fcategories&post=2125532"},{"taxonomy":"post_tag","embeddable":true,"href":"https:\/\/analyse.optim.biz\/index.php?rest_route=%2Fwp%2Fv2%2Ftags&post=2125532"}],"curies":[{"name":"wp","href":"https:\/\/api.w.org\/{rel}","templated":true}]}}