{"id":2125531,"date":"2026-09-03T02:28:05","date_gmt":"2026-09-02T23:28:05","guid":{"rendered":"https:\/\/analyse.optim.biz\/?p=2125531"},"modified":"2026-09-03T02:28:05","modified_gmt":"2026-09-02T23:28:05","slug":"tanczos-barna-dezvaluiri-despre-lovitura-de-palat-din-parlament-liderul-nostru-de-grup-a-aflat-cu-un-minut-inainte-de-vot-ca-exista-o-noua-oranduire","status":"publish","type":"post","link":"https:\/\/analyse.optim.biz\/?p=2125531","title":{"rendered":"Tanczos Barna, dezv\u0103luiri despre lovitura de palat din Parlament: &#8220;Liderul nostru de grup a aflat cu un minut \u00eenainte de vot c\u0103 exist\u0103 o nou\u0103 or\u00e2nduire&#8221;"},"content":{"rendered":"<p>[analyse_image type=&#8221;featured&#8221; src=&#8221;https:\/\/s1.ziareromania.ro\/?mmid=2fa2a56a723482ec71&#8243;]<\/p>\n<div id=\"article__container\" class=\"news__container news__image__container\">\n<h1 class=\"news__title\" title=\"Tanczos Barna, dezv\u0103luiri despre lovitura de palat din Parlament: &quot;Liderul nostru de grup a aflat cu un minut \u00eenainte de vot c\u0103 exist\u0103 o nou\u0103 or\u00e2nduire&quot;\">Tanczos Barna, dezv\u0103luiri despre lovitura de palat din Parlament: &#8220;Liderul nostru de grup a aflat cu un minut \u00eenainte de vot c\u0103 exist\u0103 o nou\u0103 or\u00e2nduire&#8221;<\/h1>\n<\/div>\n<div class=\"news__info__content d-flex\">\n<div class=\"d-flex \">\n<div class=\"news__author mar10r\"> Autor: <span><a href=\"https:\/\/ziare.com\/autor\/adrian-zia\"> Adrian Zia <\/a><\/span><\/div>\n<div class=\"news__publish\">Miercuri, 02 Septembrie 2026, ora 23:21<\/div>\n<\/div>\n<div class=\"news__views\">2142 citiri<\/div>\n<\/div>\n<div class=\"stanga_stire news__image fleft article__marker\">\n<div class=\"news-image__content news__image__item\"><a class=\"news__image\" data-href=\"https:\/\/s2.ziareromania.ro\/?mmid=2fa2a56a723482ec71\" data-size=\"1024x683\" title=\"Tanczos Barna, dezv\u0103luiri despre lovitura de palat din Parlament: &quot;Liderul nostru de grup a aflat cu un minut \u00eenainte de vot c\u0103 exist\u0103 o nou\u0103 or\u00e2nduire&quot;\"><img decoding=\"async\" src=\"https:\/\/tb.ziareromania.ro\/Tanczos-Barna--dezv--luiri-despre-lovitura-de-palat-din-Parlament---Liderul-nostru-de-grup-a-aflat-cu-un-minut---nainte-de-vot-c---exist---o-nou---or--nduire-\/2fa2a56a723482ec71\/400\/225\/2\/100\/Tanczos-Barna--dezv--luiri-despre-lovitura-de-palat-din-Parlament---Liderul-nostru-de-grup-a-aflat-cu-un-minut---nainte-de-vot-c---exist---o-nou---or--nduire-.jpg\" alt=\"Tanczos Barna, dezv\u0103luiri despre lovitura de palat din Parlament: &quot;Liderul nostru de grup a aflat cu un minut \u00eenainte de vot c\u0103 exist\u0103 o nou\u0103 or\u00e2nduire&quot;\" title=\"Tanczos Barna, dezv\u0103luiri despre lovitura de palat din Parlament: &quot;Liderul nostru de grup a aflat cu un minut \u00eenainte de vot c\u0103 exist\u0103 o nou\u0103 or\u00e2nduire&quot;\" class=\"img-responsive\"><\/a><\/p>\n<div class=\"news__caption\">Tanczos Barna, UDMR FOTO \/ Hepta<\/div>\n<\/div>\n<\/div>\n<div class=\"news__content descriere_main article__marker\">\n<p><a href=\"https:\/\/ziare.com\/tanczos-barna\/\" title=\"Tanczos Barna\">Tanczos Barna<\/a>, unul dintre liderii <a href=\"https:\/\/ziare.com\/udmr\/\" title=\"UDMR\">UDMR<\/a>, afirm\u0103 c\u0103 nu se pune problema unei colabor\u0103ri \u00eentre forma\u021biunea maghiar\u0103 \u0219i <a href=\"https:\/\/ziare.com\/politica\/aur\/\" title=\"AUR\">AUR<\/a> la votul pentru func\u021biile de conducere din Camera Deputa\u021bilor \u00een urma c\u0103ruia AUR \u0219i SOS Rom\u00e2nia au primit func\u021bii. El spune c\u0103 liderul de grup <a href=\"https:\/\/ziare.com\/politica\/udmr\/\" title=\"UDMR\">UDMR<\/a> din Camera Deputa\u021bilor a aflat cu c\u00e2teva minute \u00eenainte despre \u201dnoua or\u00e2nduire\u201d, iar votul este decizia colegilor s\u0103i din Camera Deputa\u021bilor \u0219i a liderului acestora, Tanczos admi\u021b\u00e2nd c\u0103 situa\u021bia, nou\u0103 pentru UDMR, este una care trebuie \u201danalizat\u0103\u201d.<\/p>\n<p>\u201dAm p\u0103strat o func\u021bie \u00een conducerea Camerei Deputa\u021bilor, \u00eentr-adev\u0103r, dar la fel de surprinz\u0103toare a fost \u0219i pentru noi aceast\u0103 majoritate ca pentru ceilal\u021bi colegi din <a href=\"https:\/\/ziare.com\/pnl\/\" title=\"PNL\">PNL<\/a> sau din <a href=\"https:\/\/ziare.com\/usr\/\" title=\"USR\">USR<\/a> sau pentru restul lumii care a aflat de la la televizor, pentru c\u0103 liderul nostru de grup din Camer\u0103, domnul Csoma Botond, a aflat cu un minut \u00eenainte de vot sau c\u00e2teva minute \u00eenainte, ceva de genul, c\u0103 exist\u0103 o nou\u0103 or\u00e2nduire, o nou\u0103 majoritate, un nou <a href=\"https:\/\/ziare.com\/politica\/acord\/\" title=\"acord\">acord<\/a> semnat inclusiv, din c\u00e2te am \u00een\u021beles, de grupul minorit\u0103\u021bilor pentru o nou\u0103 formul\u0103 de \u00eemp\u0103r\u021bire a acelor func\u021bii. Nu a fost o colaborare \u00een niciun caz cu AUR pentru c\u0103 a fost un vot pentru a p\u0103stra postul pe care l-am avut \u0219i p\u00e2n\u0103 acum \u00een conducerea Camerei Deputa\u021bilor \u0219i pe care \u00eel avem de zeci de ani de zile, o pozi\u021bie de chestor \u00een conducerea Camerei, cu procentele noastre pe care le avem \u00een Parlament de 36-37 de ani de zile\u201d, a afirmat Tanczos Barna, miercuri sear\u0103, 2 septembrie, la Euronews Rom\u00e2nia.<\/p>\n<\/div>\n<p>El a spus c\u0103 votul UDMR este decizia colegilor s\u0103i din Camera Deputa\u021bilor \u0219i a liderului acestora, admi\u021b\u00e2nd c\u0103 situa\u021bia, nou\u0103 pentru UDMR, este una care trebuie \u201danalizat\u0103\u201d.<\/p>\n<p>\u201dEste o situa\u021bie de analizat \u0219i pentru noi, este o situa\u021bie total nou\u0103. Nu am avut discu\u021bii pe aceast\u0103 tem\u0103 cu <a href=\"https:\/\/ziare.com\/psd\/\" title=\"PSD\">PSD<\/a>-ul, sau mai ales cu AUR, nu o s\u0103 avem niciodat\u0103 \u0219i nici nu o s\u0103 vede\u021bi niciodat\u0103 o coali\u021bie sau o majoritate \u00een care s\u0103 fie \u0219i AUR \u0219i UDMR. A fost o for\u021bare a notei \u0219i din punctul de vedere (&#8230;) din partea <a href=\"https:\/\/ziare.com\/politica\/psd\/\" title=\"PSD\">PSD<\/a>, AUR \u0219i SOS \u0219i celorlalte forma\u021biuni care mai exist\u0103 acolo, mai noi, mai vechi, \u00een Camera Deputa\u021bilor\u201d, a explicat Tanczos Barna.<\/p>\n<p>Tanczos nu a putut preciza dac\u0103 UDMR se va al\u0103tura boicotului anun\u021bat de <a href=\"https:\/\/ziare.com\/politica\/pnl\/\" title=\"PNL\">PNL<\/a> \u0219i <a href=\"https:\/\/ziare.com\/politica\/usr\/\" title=\"USR\">USR<\/a> privind activitatea Camerei Deputa\u021bilor, \u00eens\u0103 a ar\u0103tat c\u0103, \u00een opinia sa, \u201ddemarca\u021bia foarte clar\u0103, linia ro\u0219ie\u201d \u00eentre UDMR \u0219i AUR r\u0103m\u00e2ne \u201dcel mai important lucru\u201d.<\/p>\n","protected":false},"excerpt":{"rendered":"<p>[analyse_image type=&#8221;featured&#8221; src=&#8221;https:\/\/s1.ziareromania.ro\/?mmid=2fa2a56a723482ec71&#8243;] Tanczos Barna, dezv\u0103luiri despre lovitura de palat din Parlament: &#8220;Liderul nostru de grup a aflat cu un minut \u00eenainte de vot c\u0103 exist\u0103 o nou\u0103 or\u00e2nduire&#8221; Autor: Adrian Zia Miercuri, 02 Septembrie 2026, ora 23:21 2142 citiri Tanczos Barna, UDMR FOTO \/ Hepta Tanczos Barna, unul dintre liderii UDMR, afirm\u0103 c\u0103 nu [&hellip;]<\/p>\n","protected":false},"author":1,"featured_media":0,"comment_status":"open","ping_status":"","sticky":false,"template":"","format":"standard","meta":{"footnotes":""},"categories":[89],"tags":[226,22],"class_list":["post-2125531","post","type-post","status-publish","format-standard","hentry","category-romania","tag-crawlmanager","tag-ziare-com"],"_links":{"self":[{"href":"https:\/\/analyse.optim.biz\/index.php?rest_route=\/wp\/v2\/posts\/2125531","targetHints":{"allow":["GET"]}}],"collection":[{"href":"https:\/\/analyse.optim.biz\/index.php?rest_route=\/wp\/v2\/posts"}],"about":[{"href":"https:\/\/analyse.optim.biz\/index.php?rest_route=\/wp\/v2\/types\/post"}],"author":[{"embeddable":true,"href":"https:\/\/analyse.optim.biz\/index.php?rest_route=\/wp\/v2\/users\/1"}],"replies":[{"embeddable":true,"href":"https:\/\/analyse.optim.biz\/index.php?rest_route=%2Fwp%2Fv2%2Fcomments&post=2125531"}],"version-history":[{"count":0,"href":"https:\/\/analyse.optim.biz\/index.php?rest_route=\/wp\/v2\/posts\/2125531\/revisions"}],"wp:attachment":[{"href":"https:\/\/analyse.optim.biz\/index.php?rest_route=%2Fwp%2Fv2%2Fmedia&parent=2125531"}],"wp:term":[{"taxonomy":"category","embeddable":true,"href":"https:\/\/analyse.optim.biz\/index.php?rest_route=%2Fwp%2Fv2%2Fcategories&post=2125531"},{"taxonomy":"post_tag","embeddable":true,"href":"https:\/\/analyse.optim.biz\/index.php?rest_route=%2Fwp%2Fv2%2Ftags&post=2125531"}],"curies":[{"name":"wp","href":"https:\/\/api.w.org\/{rel}","templated":true}]}}