{"id":2125529,"date":"2026-09-03T02:26:53","date_gmt":"2026-09-02T23:26:53","guid":{"rendered":"https:\/\/analyse.optim.biz\/?p=2125529"},"modified":"2026-09-03T02:26:53","modified_gmt":"2026-09-02T23:26:53","slug":"volodimir-zelenski-a-numit-un-nou-comandant-al-fortelor-terestre-ale-ucrainei","status":"publish","type":"post","link":"https:\/\/analyse.optim.biz\/?p=2125529","title":{"rendered":"Volodimir Zelenski a numit un nou comandant al For\u021belor Terestre ale Ucrainei"},"content":{"rendered":"<p>[analyse_image type=&#8221;featured&#8221; src=&#8221;https:\/\/s2.ziareromania.ro\/?mmid=d134c56b2a63880cdb&#8221;]<\/p>\n<div id=\"article__container\" class=\"news__container news__image__container\">\n<h1 class=\"news__title\" title=\"Volodimir Zelenski a numit un nou comandant al For\u021belor Terestre ale Ucrainei\">Volodimir Zelenski a numit un nou comandant al For\u021belor Terestre ale Ucrainei<\/h1>\n<\/div>\n<div class=\"news__info__content d-flex\">\n<div class=\"d-flex \">\n<div class=\"news__author mar10r\"> Autor: <span><a href=\"https:\/\/ziare.com\/autor\/veronica-andrei\"> Veronica Andrei <\/a><\/span><\/div>\n<div class=\"news__publish\">Miercuri, 02 Septembrie 2026, ora 23:07<\/div>\n<\/div>\n<div class=\"news__views\">619 citiri<\/div>\n<\/div>\n<div class=\"stanga_stire news__image fleft article__marker\">\n<div class=\"news-image__content news__image__item\"><a class=\"news__image\" data-href=\"https:\/\/s1.ziareromania.ro\/?mmid=d134c56b2a63880cdb\" data-size=\"1024x538\" title=\"Volodimir Zelenski a numit un nou comandant al For\u021belor Terestre ale Ucrainei\"><img decoding=\"async\" src=\"https:\/\/tb.ziareromania.ro\/Volodimir-Zelenski-a-numit-un-nou-comandant-al-For--elor-Terestre-ale-Ucrainei\/d134c56b2a63880cdb\/400\/225\/2\/100\/Volodimir-Zelenski-a-numit-un-nou-comandant-al-For--elor-Terestre-ale-Ucrainei.jpg\" alt=\"Volodimir Zelenski a numit un nou comandant al For\u021belor Terestre ale Ucrainei\" title=\"Volodimir Zelenski a numit un nou comandant al For\u021belor Terestre ale Ucrainei\" class=\"img-responsive\"><\/a><\/p>\n<div class=\"news__caption\">Sviatoslav Zai\u021b, noul comandant al For\u021belor Terestre ale For\u021belor Armate ale Ucrainei\/FOTO:X.@slovoidilo<\/div>\n<\/div>\n<\/div>\n<div class=\"news__content descriere_main article__marker\">\n<p>Pre\u0219edintele Ucrainei, <a href=\"https:\/\/ziare.com\/volodimir-zelenski\/\" title=\"Volodimir Zelenski\">Volodimir Zelenski<\/a>, l-a numit pe generalul de brigad\u0103 Sviatoslav Zai\u021b \u00een func\u021bia de comandant al For\u021belor Terestre ale For\u021belor Armate ale Ucrainei.<\/p>\n<p>Numirea a fost f\u0103cut\u0103 prin decretul preziden\u021bial nr. 853\/2026, semnat de Zelenski la 2 septembrie 2026, potrivit site-ului oficial al pre\u0219edin\u021biei ucrainene.<\/p>\n<p>Cu o zi \u00eenainte, pre\u0219edintele semnase decretul privind eliberarea lui Ghenadi \u0218apovalov din func\u021bia de comandant al For\u021belor Terestre.<\/p>\n<h2>Cine este Sviatoslav Zai\u021b<\/h2>\n<p>Sviatoslav Zai\u021b este militar \u00een cadrul For\u021belor de Asalt Aeropurtate ale Ucrainei. \u00cen aprilie 2026, el a preluat comanda Corpului 20 de Armat\u0103, parte a Comandamentului Opera\u021bional \u201eSud\u201d. Numirea sa \u00een aceast\u0103 func\u021bie a fost relatat\u0103 de publica\u021bia Hromadske, care a citat o surs\u0103 din cadrul For\u021belor de Ap\u0103rare.<\/p>\n<p>La 6 mai 2026, Volodimir Zelenski i-a acordat lui Zai\u021b gradul de general de brigad\u0103. La acel moment, decretul preziden\u021bial \u00eel men\u021biona drept comandant al Corpului 20 de Armat\u0103 din cadrul Comandamentului Opera\u021bional \u201eSud\u201d al For\u021belor Terestre.<\/p>\n<\/div>\n<p>Anterior, Zai\u021b a ocupat mai multe func\u021bii \u00een cadrul For\u021belor de Asalt Aeropurtate. Potrivit Hromadske, el a fost \u0219ef de stat major \u0219i adjunct al comandantului Corpului 8 al For\u021belor de Asalt Aeropurtate.<\/p>\n<p>Zai\u021b a avut un rol \u00een evenimentele din 2014, la \u00eenceputul ocupa\u021biei ruse a Crimeei.<\/p>\n<p>La acea vreme, el comanda o companie de recunoa\u0219tere din cadrul Brig\u0103zii 25 Separate Aeropurtate. Unitatea sa se afla \u00een <a href=\"https:\/\/ziare.com\/international\/crimeea\/\" title=\"Crimeea\">Crimeea<\/a> pentru exerci\u021bii militare, iar ulterior militarii au reu\u0219it s\u0103 se retrag\u0103 pe teritoriul continental al Ucrainei.<\/p>\n<p>\u00cen noiembrie 2024, Zai\u021b ocupa func\u021bia de \u0219ef al Direc\u021biei de Preg\u0103tire din cadrul Comandamentului For\u021belor de Asalt Aeropurtate.<\/p>\n<p>\u00cen aceast\u0103 calitate, el a vorbit despre modific\u0103rile aduse programului de preg\u0103tire de baz\u0103 pentru militarii din trupele aeropurtate. Printre schimb\u0103ri s-a num\u0103rat extinderea perioadei de instruire de la 30 la 45 de zile.<\/p>\n<h2>Schimbarea de la conducerea For\u021belor Terestre<\/h2>\n","protected":false},"excerpt":{"rendered":"<p>[analyse_image type=&#8221;featured&#8221; src=&#8221;https:\/\/s2.ziareromania.ro\/?mmid=d134c56b2a63880cdb&#8221;] Volodimir Zelenski a numit un nou comandant al For\u021belor Terestre ale Ucrainei Autor: Veronica Andrei Miercuri, 02 Septembrie 2026, ora 23:07 619 citiri Sviatoslav Zai\u021b, noul comandant al For\u021belor Terestre ale For\u021belor Armate ale Ucrainei\/FOTO:X.@slovoidilo Pre\u0219edintele Ucrainei, Volodimir Zelenski, l-a numit pe generalul de brigad\u0103 Sviatoslav Zai\u021b \u00een func\u021bia de comandant al [&hellip;]<\/p>\n","protected":false},"author":1,"featured_media":0,"comment_status":"open","ping_status":"","sticky":false,"template":"","format":"standard","meta":{"footnotes":""},"categories":[89],"tags":[226,22],"class_list":["post-2125529","post","type-post","status-publish","format-standard","hentry","category-romania","tag-crawlmanager","tag-ziare-com"],"_links":{"self":[{"href":"https:\/\/analyse.optim.biz\/index.php?rest_route=\/wp\/v2\/posts\/2125529","targetHints":{"allow":["GET"]}}],"collection":[{"href":"https:\/\/analyse.optim.biz\/index.php?rest_route=\/wp\/v2\/posts"}],"about":[{"href":"https:\/\/analyse.optim.biz\/index.php?rest_route=\/wp\/v2\/types\/post"}],"author":[{"embeddable":true,"href":"https:\/\/analyse.optim.biz\/index.php?rest_route=\/wp\/v2\/users\/1"}],"replies":[{"embeddable":true,"href":"https:\/\/analyse.optim.biz\/index.php?rest_route=%2Fwp%2Fv2%2Fcomments&post=2125529"}],"version-history":[{"count":0,"href":"https:\/\/analyse.optim.biz\/index.php?rest_route=\/wp\/v2\/posts\/2125529\/revisions"}],"wp:attachment":[{"href":"https:\/\/analyse.optim.biz\/index.php?rest_route=%2Fwp%2Fv2%2Fmedia&parent=2125529"}],"wp:term":[{"taxonomy":"category","embeddable":true,"href":"https:\/\/analyse.optim.biz\/index.php?rest_route=%2Fwp%2Fv2%2Fcategories&post=2125529"},{"taxonomy":"post_tag","embeddable":true,"href":"https:\/\/analyse.optim.biz\/index.php?rest_route=%2Fwp%2Fv2%2Ftags&post=2125529"}],"curies":[{"name":"wp","href":"https:\/\/api.w.org\/{rel}","templated":true}]}}