{"id":2125527,"date":"2026-09-03T02:24:36","date_gmt":"2026-09-02T23:24:36","guid":{"rendered":"https:\/\/analyse.optim.biz\/?p=2125527"},"modified":"2026-09-03T02:24:36","modified_gmt":"2026-09-02T23:24:36","slug":"ministrul-de-finante-a-anuntat-ce-angajati-de-la-stat-vor-avea-salariile-taiate-daca-nu-si-fac-treaba-neperformanta-va-avea-consecinte-concrete-reduceri-salariale-performanta-atent-evalua","status":"publish","type":"post","link":"https:\/\/analyse.optim.biz\/?p=2125527","title":{"rendered":"Ministrul de Finan\u021be a anun\u021bat ce angaja\u021bi de la stat vor avea salariile t\u0103iate dac\u0103 nu-\u0219i fac treaba. \u201eNeperforman\u021ba va avea consecin\u021be concrete, reduceri salariale, performan\u021ba, atent evaluat\u0103 ca la privat\u201d"},"content":{"rendered":"<p>[analyse_image type=&#8221;featured&#8221; src=&#8221;https:\/\/s2.ziareromania.ro\/?mmid=28bb256b2a6e01ba14&#8243;]<\/p>\n<div id=\"article__container\" class=\"news__container news__image__container\">\n<h1 class=\"news__title\" title=\"Ministrul de Finan\u021be a anun\u021bat ce angaja\u021bi de la stat vor avea salariile t\u0103iate dac\u0103 nu-\u0219i fac treaba. \u201eNeperforman\u021ba va avea consecin\u021be concrete, reduceri salariale, performan\u021ba, atent evaluat\u0103 ca la privat\u201d\">Ministrul de Finan\u021be a anun\u021bat ce angaja\u021bi de la stat vor avea salariile t\u0103iate dac\u0103 nu-\u0219i fac treaba. \u201eNeperforman\u021ba va avea consecin\u021be concrete, reduceri salariale, performan\u021ba, atent evaluat\u0103 ca la privat\u201d<\/h1>\n<\/div>\n<div class=\"news__info__content d-flex\">\n<div class=\"d-flex \">\n<div class=\"news__author mar10r\"> Autor: <span><a href=\"https:\/\/ziare.com\/autor\/catalina-sirbu\"> Catalina Sirbu <\/a><\/span><\/div>\n<div class=\"news__publish\">Miercuri, 02 Septembrie 2026, ora 23:06<\/div>\n<\/div>\n<div class=\"news__views\">2120 citiri<\/div>\n<\/div>\n<div class=\"stanga_stire news__image fleft article__marker\">\n<div class=\"news-image__content news__image__item\"><a class=\"news__image\" data-href=\"https:\/\/s2.ziareromania.ro\/?mmid=28bb256b2a6e01ba14\" data-size=\"1024x683\" title=\"Ministrul de Finan\u021be a anun\u021bat ce angaja\u021bi de la stat vor avea salariile t\u0103iate dac\u0103 nu-\u0219i fac treaba. \u201eNeperforman\u021ba va avea consecin\u021be concrete, reduceri salariale, performan\u021ba, atent evaluat\u0103 ca la privat\u201d\"><img decoding=\"async\" src=\"https:\/\/tb.ziareromania.ro\/Ministrul-de-Finan--e-a-anun--at-ce-angaja--i-de-la-stat-vor-avea-salariile-t--iate-dac---nu---i-fac-treaba-----Neperforman--a-va-avea-consecin--e-concrete--reduceri-salariale--performan--a--atent-evaluat---ca-la-privat---\/28bb256b2a6e01ba14\/400\/225\/2\/100\/Ministrul-de-Finan--e-a-anun--at-ce-angaja--i-de-la-stat-vor-avea-salariile-t--iate-dac---nu---i-fac-treaba-----Neperforman--a-va-avea-consecin--e-concrete--reduceri-salariale--performan--a--atent-evaluat---ca-la-privat---.jpg\" alt=\"Ministrul de Finan\u021be a anun\u021bat ce angaja\u021bi de la stat vor avea salariile t\u0103iate dac\u0103 nu-\u0219i fac treaba. \u201eNeperforman\u021ba va avea consecin\u021be concrete, reduceri salariale, performan\u021ba, atent evaluat\u0103 ca la privat\u201d\" title=\"Ministrul de Finan\u021be a anun\u021bat ce angaja\u021bi de la stat vor avea salariile t\u0103iate dac\u0103 nu-\u0219i fac treaba. \u201eNeperforman\u021ba va avea consecin\u021be concrete, reduceri salariale, performan\u021ba, atent evaluat\u0103 ca la privat\u201d\" class=\"img-responsive\"><\/a><\/p>\n<div class=\"news__caption\">Alexandru Nazare FOTO Facebook\/ Alexandru Nazare<\/div>\n<\/div>\n<\/div>\n<div class=\"news__content descriere_main article__marker\">\n<p>Ministrul Finan\u021belor, <a href=\"https:\/\/ziare.com\/alexandru-nazare\/\" title=\"Alexandru Nazare\">Alexandru Nazare<\/a>, a transmis miercuri, 2 septembrie, \u00eentr-o postare pe <a href=\"https:\/\/ziare.com\/facebook\/\" title=\"Facebook\">Facebook<\/a>, c\u0103 <a href=\"https:\/\/ziare.com\/politica\/reforma\/\" title=\"reforma\">reforma<\/a> ANAF aduce rezultate concrete, iar veniturile sunt mai mari \u00een primele 7 luni.<\/p>\n<p>\u00cen acela\u0219i timp anun\u021b\u0103 c\u0103 se schimb\u0103 sistemul de evaluare a angaja\u021bilor Fiscului. \u00cen urma unei Hot\u0103r\u00e2ri de Guvern adoptate recent, la nivelul ANAF vor fi introduse criterii clare de performan\u021b\u0103.<\/p>\n<p>\u201ePrin noua Hot\u0103r\u00e2re adoptat\u0103 \u00een Guvern, neperforman\u021ba la ANAF va avea consecin\u021be concrete (reduceri salariale), iar performan\u021ba va fi atent evaluat\u0103, m\u0103surat\u0103 \u0219i recompensat\u0103, dup\u0103 modelele din privat\u201d, a explicat Alexandru Nazare, men\u021bion\u00e2nd c\u0103 din 2027 se va trece la o nou\u0103 etap\u0103 de monitorizare individual\u0103 a rezultatelor.<\/p>\n<p>\u201eAm auzit de at\u00e2t de multe ori cuv\u00e2ntul \u201creform\u0103\u201d, \u00eenc\u00e2t no\u021biunea aproape \u0219i-a pierdut sensul de baz\u0103 \u0219i a devenit un termen abstract.<\/p>\n<\/div>\n<p>Eu cred \u00een cifre \u0219i fapte, iar \u00een ultimul an avem dou\u0103 realit\u0103\u021bi concrete care m\u0103soar\u0103 reforma &#8211; sau transformarea radical\u0103 de abordare \u00een managementul banilor publici: reducerea deficitului \u021b\u0103rii \u00een \u021bintele asumate, dup\u0103 ani de dezechilibre acumulate \u0219i reconstruc\u021bia din temelii a modului \u00een care func\u021bioneaz\u0103 ANAF.<\/p>\n<p>Dup\u0103 un an de eforturi la foc continuu al\u0103turi de actualul management ANAF, echipa de la Finan\u021be \u0219i cu sprijinul colegilor din Guvern, \u00een primele 7 luni din an am redus deficitul cu 28,36 miliarde de lei fa\u021b\u0103 de 2025, \u00een timp ce veniturile bugetare au crescut cu 11,2% fa\u021b\u0103 de aceea\u0219i perioad\u0103 a anului 2025.<\/p>\n<p>Trendul a fost vizibil de anul trecut: \u00een perioada august \u2013 decembrie 2025, ANAF a colectat 215,18 mld. lei, cu 10,2%, respectiv 19,86 mld. lei, mai mult dec\u00e2t \u00een aceea\u0219i perioad\u0103 din 2024. \u00cen continuare, \u00een primele 6 luni din 2026, colectarea a ajuns la 267,6 mld. lei, cu 22,4 mld. lei peste primul semestru din 2025.<\/p>\n<p>\u00cen acela\u0219i timp, Rom\u00e2nia a \u00eendeplinit \u021binta <a href=\"https:\/\/ziare.com\/politica\/pnrr\/\" title=\"PNRR\">PNRR<\/a> privind cre\u0219terea cu 2,5 puncte procentuale a veniturilor curente \u00een 2025 fa\u021b\u0103 de nivelul de baz\u0103 din 2019. Nu este un rezultat exclusiv ANAF, dar este un indicator important c\u0103 schimbarea politicii fiscale \u0219i a administra\u021biei veniturilor \u00eencepe s\u0103 produc\u0103 efecte m\u0103surabile. Pentru mine, aceasta este diferen\u021ba dintre a vorbi despre reform\u0103 \u0219i a putea ar\u0103ta efectele ei \u00een cifre.<\/p>\n","protected":false},"excerpt":{"rendered":"<p>[analyse_image type=&#8221;featured&#8221; src=&#8221;https:\/\/s2.ziareromania.ro\/?mmid=28bb256b2a6e01ba14&#8243;] Ministrul de Finan\u021be a anun\u021bat ce angaja\u021bi de la stat vor avea salariile t\u0103iate dac\u0103 nu-\u0219i fac treaba. \u201eNeperforman\u021ba va avea consecin\u021be concrete, reduceri salariale, performan\u021ba, atent evaluat\u0103 ca la privat\u201d Autor: Catalina Sirbu Miercuri, 02 Septembrie 2026, ora 23:06 2120 citiri Alexandru Nazare FOTO Facebook\/ Alexandru Nazare Ministrul Finan\u021belor, Alexandru Nazare, [&hellip;]<\/p>\n","protected":false},"author":1,"featured_media":0,"comment_status":"open","ping_status":"","sticky":false,"template":"","format":"standard","meta":{"footnotes":""},"categories":[89],"tags":[226,22],"class_list":["post-2125527","post","type-post","status-publish","format-standard","hentry","category-romania","tag-crawlmanager","tag-ziare-com"],"_links":{"self":[{"href":"https:\/\/analyse.optim.biz\/index.php?rest_route=\/wp\/v2\/posts\/2125527","targetHints":{"allow":["GET"]}}],"collection":[{"href":"https:\/\/analyse.optim.biz\/index.php?rest_route=\/wp\/v2\/posts"}],"about":[{"href":"https:\/\/analyse.optim.biz\/index.php?rest_route=\/wp\/v2\/types\/post"}],"author":[{"embeddable":true,"href":"https:\/\/analyse.optim.biz\/index.php?rest_route=\/wp\/v2\/users\/1"}],"replies":[{"embeddable":true,"href":"https:\/\/analyse.optim.biz\/index.php?rest_route=%2Fwp%2Fv2%2Fcomments&post=2125527"}],"version-history":[{"count":0,"href":"https:\/\/analyse.optim.biz\/index.php?rest_route=\/wp\/v2\/posts\/2125527\/revisions"}],"wp:attachment":[{"href":"https:\/\/analyse.optim.biz\/index.php?rest_route=%2Fwp%2Fv2%2Fmedia&parent=2125527"}],"wp:term":[{"taxonomy":"category","embeddable":true,"href":"https:\/\/analyse.optim.biz\/index.php?rest_route=%2Fwp%2Fv2%2Fcategories&post=2125527"},{"taxonomy":"post_tag","embeddable":true,"href":"https:\/\/analyse.optim.biz\/index.php?rest_route=%2Fwp%2Fv2%2Ftags&post=2125527"}],"curies":[{"name":"wp","href":"https:\/\/api.w.org\/{rel}","templated":true}]}}