{"id":2125494,"date":"2026-09-02T15:46:11","date_gmt":"2026-09-02T12:46:11","guid":{"rendered":"https:\/\/analyse.optim.biz\/?p=2125494"},"modified":"2026-09-02T15:46:11","modified_gmt":"2026-09-02T12:46:11","slug":"noua-stagiune-a-teatrului-national-timisoara-se-deschide-cu-bolnavii","status":"publish","type":"post","link":"https:\/\/analyse.optim.biz\/?p=2125494","title":{"rendered":"Noua stagiune a Teatrului Na\u0163ional Timi\u0219oara se deschide cu &#8221;Bolnavii&#8221;"},"content":{"rendered":"<p>[analyse_image type=&#8221;featured&#8221; src=&#8221;https:\/\/renasterea.ro\/ro\/wp-content\/uploads\/2026\/09\/stagiune.jpghttps:\/\/renasterea.ro\/ro\/wp-content\/uploads\/2026\/09\/stagiune.jpg&#8221;]<\/p>\n<div class=\"entry-content\"><img loading=\"lazy\" decoding=\"async\" width=\"646\" height=\"361\" src=\"https:\/\/renasterea.ro\/ro\/wp-content\/uploads\/2026\/09\/stagiune.jpg\" class=\"attachment-medium size-medium wp-post-image\" alt=\"Noua stagiune a Teatrului Na\u0163ional Timi\u0219oara se deschide cu &apos;&apos;Bolnavii&apos;&apos;\" title=\"Noua stagiune a Teatrului Na\u0163ional Timi\u0219oara se deschide cu &apos;&apos;Bolnavii&apos;&apos; 1\"><\/p>\n<h4>Noua stagiune a Teatrului Na\u021bional Timi\u0219oara se deschide cu \u201dBolnavii\u201d<\/h4>\n<p>Na\u021bionalul din Timi\u0219oara deschide Stagiunea 2026-2027 cu re\u00eennoitul entuziasm al \u00eenceputurilor \u0219i cu energia care caracterizeaz\u0103 acest teatru, propun\u00e2nd publicului o serie de spectacole care pun \u00een dialog intelectul \u0219i sensibilitatea.<\/p>\n<p>Plec\u00e2nd de la premisa c\u0103 trebuie s\u0103 reprezinte un pilon central pentru o comunitate conectat\u0103 cultural \u0219i artistic, TNTm propune \u00een luna septembrie experien\u021be teatrale ce se adreseaz\u0103 direct publicului s\u0103u fidel \u0219i care, totodat\u0103, se deschid larg fiec\u0103rui spectator care intr\u0103 \u00een s\u0103lile sale de spectacol, \u00eent\u00e2mpl\u0103tor, \u00een premier\u0103 sau pentru c\u0103 se afl\u0103 \u00een c\u0103utarea unui spa\u021biu prietenos, viu, antrenant.<\/p>\n<p>A\u0219adar, \u00een 6 septembrie, de la ora 19, \u00een Sala Mare a Teatrului Na\u021bional, noua stagiune debuteaz\u0103 cu spectacolul \u201dBolnavii\u201d de Antonio \u00c1lamo, \u00een regia Irinei Moscu.<\/p>\n<p>Dat fiind c\u0103 luna septembrie este dedicat\u0103 con\u0219tientiz\u0103rii \u0219i sus\u021binerii comunit\u0103\u021bii persoanelor surde sau cu deficien\u021be de auz,\u201d Bolnavii\u201d, cel mai nou spectacol al Teatrului Na\u021bional, este accesibilizat, \u00een premier\u0103, prin interpretare \u00een limba semnelor.<\/p>\n<p>Reflect\u00e2nd una dintre direc\u021biile importante ale noului management al TNTm, \u201dBolnavii\u201d este primul dintr-o serie de spectacole ce vor fi accesibilizate pentru persoane cu nevoi speciale,.<\/p>\n<p>Luna septembrie la Teatrul Na\u021bional continu\u0103 cu \u201dMata Hari\u201d, one woman show Roberta Popa (miercuri, 11 septembrie, Studio U\u021aU), urmat de \u201dAmintiri din epoca de \u015fcoal\u0103\u201d de Mihaela Michailov, regia Ion-Ardeal Ieremia (miercuri, 16 septembrie, Studio U\u021aU), \u201dAdev\u0103rul\u201d de Florian Zeller, regia Radu Iacoban (vineri, 18 septembrie, Sala Mare), \u201dPetrecerea de nunt\u0103\u201d dup\u0103 Guy de Maupassant, regia artistic\u0103 Marie-Louise Bischofberger (s\u00e2mb\u0103t\u0103, 19 septembrie, Sala Mare), \u201dO noapte furtunoas\u0103. Un exerci\u0163iu\u201d dup\u0103 I.L. Caragiale, regia Ada Lupu Hausvater (duminic\u0103, 20 septembrie, Studio U\u021aU), \u201dSunt o bab\u0103 comunist\u0103\u201d, scenariu de C\u0103lin Ciobotari dup\u0103 Dan Lungu, regia Antonella Cornici (mar\u021bi, 22 septembrie, Sala Mare).<\/p>\n<h2>CITE\u0218TE \u0218I: <a href=\"https:\/\/renasterea.ro\/timisoara-are-o-noua-sala-de-scrima\/\" target=\"_blank\" rel=\"noopener\"><span>Timi\u0219oara are o nou\u0103 sal\u0103 de scrim\u0103<\/span><\/a><\/h2>\n<p>Luna septembrie continu\u0103 miercuri, 23 septembrie, cu o dubl\u0103 zi de spectacol \u2013 \u201dDe Bergerac. Fantasme din Cyrano\u201d de Michele Santeramo, regia Roberto Bacci (Sala Mare) \u0219i \u201dUnderground FM\u201d, one-man show Darie Doklean (Studio U\u021aU), urmate de \u201dO scrisoare pierdut\u0103\u201d de I.L. Caragiale, regia Ada Lupu Hausvater (vineri, 25 septembrie, Sala Mare),\u201dCanicula\u201d de Antoaneta Zaharia, regia Miruna Radu (duminic\u0103, 27 septembrie, Studio U\u021aU). Iar ultima zi a lunii septembrie va readuce pe scena Teatrului Na\u021bional unul dintre cele mai a\u0219teptate spectacole pentru publicul junior: \u201dSarea \u00een bucate\u2019, dup\u0103 Petre Ispirescu, \u00een regia artistic\u0103 a Mirelei Puia.<\/p>\n<p>Echipa Teatrului Na\u021bional este pe deplin preg\u0103tit\u0103 s\u0103 transforme planurile noului mandat \u00een realitate. Responsabilitatea fa\u021b\u0103 de publicul prezent \u0219i viitor o determin\u0103 s\u0103 caute performan\u021ba \u00een fiecare dintre ini\u021biativele sale.<\/p>\n<p>\u0218i, nu mai pu\u021bin, o determin\u0103 s\u0103 fac\u0103 totul pentru ca fiecare dintre aceste ini\u021biative s\u0103 rezoneze \u00een comunitate, consolid\u00e2nd Na\u021bionalul timi\u0219orean ca spa\u021biu vibrant \u0219i profund conectat.<\/p>\n<p>Biletele la spectacolele TNTm pot fi achizi\u021bionate online, pe<strong><span><a href=\"https:\/\/www.tntm.ro\/?doing_wp_cron=1788363457.3948440551757812500000\" target=\"_blank\" rel=\"noopener\">www.tntm.ro<\/a><\/span><\/strong> sau fizic, la Agen\u021bia de bilete \u201eM\u0103r\u0103\u0219e\u0219ti\u201d, str. M\u0103r\u0103\u0219e\u0219ti nr. 2, orar mar\u021bi \u2013 duminic\u0103, orele 11 \u2013 19.<\/p>\n<\/div>\n<p>[analyse_source url=&#8221;https:\/\/renasterea.ro\/noua-stagiune-a-teatrului-national-timisoara-se-deschide-cu-bolnavii\/&#8221;]<\/p>\n","protected":false},"excerpt":{"rendered":"<p>[analyse_image type=&#8221;featured&#8221; src=&#8221;https:\/\/renasterea.ro\/ro\/wp-content\/uploads\/2026\/09\/stagiune.jpghttps:\/\/renasterea.ro\/ro\/wp-content\/uploads\/2026\/09\/stagiune.jpg&#8221;] Noua stagiune a Teatrului Na\u021bional Timi\u0219oara se deschide cu \u201dBolnavii\u201d Na\u021bionalul din Timi\u0219oara deschide Stagiunea 2026-2027 cu re\u00eennoitul entuziasm al \u00eenceputurilor \u0219i cu energia care caracterizeaz\u0103 acest teatru, propun\u00e2nd publicului o serie de spectacole care pun \u00een dialog intelectul \u0219i sensibilitatea. Plec\u00e2nd de la premisa c\u0103 trebuie s\u0103 reprezinte un pilon central [&hellip;]<\/p>\n","protected":false},"author":1,"featured_media":0,"comment_status":"open","ping_status":"","sticky":false,"template":"","format":"standard","meta":{"footnotes":""},"categories":[89],"tags":[226,188],"class_list":["post-2125494","post","type-post","status-publish","format-standard","hentry","category-romania","tag-crawlmanager","tag-renasterea-ro"],"_links":{"self":[{"href":"https:\/\/analyse.optim.biz\/index.php?rest_route=\/wp\/v2\/posts\/2125494","targetHints":{"allow":["GET"]}}],"collection":[{"href":"https:\/\/analyse.optim.biz\/index.php?rest_route=\/wp\/v2\/posts"}],"about":[{"href":"https:\/\/analyse.optim.biz\/index.php?rest_route=\/wp\/v2\/types\/post"}],"author":[{"embeddable":true,"href":"https:\/\/analyse.optim.biz\/index.php?rest_route=\/wp\/v2\/users\/1"}],"replies":[{"embeddable":true,"href":"https:\/\/analyse.optim.biz\/index.php?rest_route=%2Fwp%2Fv2%2Fcomments&post=2125494"}],"version-history":[{"count":0,"href":"https:\/\/analyse.optim.biz\/index.php?rest_route=\/wp\/v2\/posts\/2125494\/revisions"}],"wp:attachment":[{"href":"https:\/\/analyse.optim.biz\/index.php?rest_route=%2Fwp%2Fv2%2Fmedia&parent=2125494"}],"wp:term":[{"taxonomy":"category","embeddable":true,"href":"https:\/\/analyse.optim.biz\/index.php?rest_route=%2Fwp%2Fv2%2Fcategories&post=2125494"},{"taxonomy":"post_tag","embeddable":true,"href":"https:\/\/analyse.optim.biz\/index.php?rest_route=%2Fwp%2Fv2%2Ftags&post=2125494"}],"curies":[{"name":"wp","href":"https:\/\/api.w.org\/{rel}","templated":true}]}}