{"id":2125451,"date":"2026-09-03T01:29:55","date_gmt":"2026-09-02T22:29:55","guid":{"rendered":"https:\/\/analyse.optim.biz\/?p=2125451"},"modified":"2026-09-03T01:29:55","modified_gmt":"2026-09-02T22:29:55","slug":"val-de-sesizari-pentru-transporturi-peste-limita-de-greutate-pe-autostrada-a0-amenzi-de-peste-o-suta-de-mii-de-euro-in-doar-doua-zile","status":"publish","type":"post","link":"https:\/\/analyse.optim.biz\/?p=2125451","title":{"rendered":"Val de sesiz\u0103ri pentru transporturi peste limita de greutate pe autostrada A0. Amenzi de peste o sut\u0103 de mii de euro \u00een doar dou\u0103 zile"},"content":{"rendered":"<p>[analyse_image type=&#8221;featured&#8221; src=&#8221;https:\/\/s2.ziareromania.ro\/?mmid=de37b56b2a6600747d&#8221;]<\/p>\n<div id=\"article__container\" class=\"news__container news__image__container\">\n<h1 class=\"news__title\" title=\"Val de sesiz\u0103ri pentru transporturi peste limita de greutate pe autostrada A0. Amenzi de peste o sut\u0103 de mii de euro \u00een doar dou\u0103 zile\">Val de sesiz\u0103ri pentru transporturi peste limita de greutate pe autostrada A0. Amenzi de peste o sut\u0103 de mii de euro \u00een doar dou\u0103 zile<\/h1>\n<\/div>\n<div class=\"news__info__content d-flex\">\n<div class=\"d-flex \">\n<div class=\"news__author mar10r\"> Autor: <span><a href=\"https:\/\/ziare.com\/autor\/catalina-sirbu\"> Catalina Sirbu <\/a><\/span><\/div>\n<div class=\"news__publish\">Miercuri, 02 Septembrie 2026, ora 18:30<\/div>\n<\/div>\n<div class=\"news__views\">1168 citiri<\/div>\n<\/div>\n<div class=\"stanga_stire news__image fleft article__marker\">\n<div class=\"news-image__content news__image__item\"><a class=\"news__image\" data-href=\"https:\/\/s2.ziareromania.ro\/?mmid=de37b56b2a6600747d\" data-size=\"942x2048\" title=\"Val de sesiz\u0103ri pentru transporturi peste limita de greutate pe autostrada A0. Amenzi de peste o sut\u0103 de mii de euro \u00een doar dou\u0103 zile\"><img decoding=\"async\" src=\"https:\/\/tb.ziareromania.ro\/Val-de-sesiz--ri-pentru-transporturi-peste-limita-de-greutate-pe-autostrada-A0--Amenzi-de-peste-o-sut---de-mii-de-euro---n-doar-dou---zile\/de37b56b2a6600747d\/400\/225\/2\/100\/Val-de-sesiz--ri-pentru-transporturi-peste-limita-de-greutate-pe-autostrada-A0--Amenzi-de-peste-o-sut---de-mii-de-euro---n-doar-dou---zile.jpg\" alt=\"Val de sesiz\u0103ri pentru transporturi peste limita de greutate pe autostrada A0. Amenzi de peste o sut\u0103 de mii de euro \u00een doar dou\u0103 zile\" title=\"Val de sesiz\u0103ri pentru transporturi peste limita de greutate pe autostrada A0. Amenzi de peste o sut\u0103 de mii de euro \u00een doar dou\u0103 zile\" class=\"img-responsive\"><\/a><\/p>\n<div class=\"news__caption\">Camioane FOTO Facebook\/ Hora\u021biu Cosma<\/div>\n<\/div>\n<\/div>\n<div class=\"news__content descriere_main article__marker\">\n<p>Ministerul Transporturilor \u0219i Infrastructurii \u0219i Inspectoratul de Stat pentru Controlul \u00een Transportul Rutier (ISCTR) au demarat controale pe Autostrada de Centur\u0103 Bucure\u0219ti A0 Sud, dup\u0103 doar dou\u0103 zile \u00eenregistr\u00e2ndu-se amenzi de 589.000 de lei \u0219i 28 de vehicule imobilizate.<\/p>\n<p>&#8221;\u00cen ultimele s\u0103pt\u0103m\u00e2ni am primit nenum\u0103rate sesiz\u0103ri privind transporturi care circul\u0103 pe Autostrada de Centur\u0103 Bucure\u0219ti A0 Sud: dep\u0103\u0219iri evidente ale limitelor legale de greutate; ignorarea restric\u021biilor de circula\u021bie impuse pe timp de canicul\u0103; distrugerea drumurilor pl\u0103tite de rom\u00e2ni. Nu am acceptat a\u0219a ceva. Ne-am mobilizat \u00eempreun\u0103 cu colegii de la ISCTR \u0219i am \u00eenceput verific\u0103rile. Iar sesiz\u0103rile s-au confirmat. \u00cen primele dou\u0103 zile de controale: 97 de vehicule verificate; 59 de vehicule c\u00e2nt\u0103rite; 28 de vehicule imobilizate; 56 de sanc\u021biuni aplicate; 589.000 de lei &#8211; valoarea total\u0103 a amenzilor. Cifrele vorbesc de la sine&#8221;, a notat, miercuri, secretarul de stat \u00een MTI Hora\u021biu Cosma, pe pagina sa de <a href=\"https:\/\/ziare.com\/facebook\/\" title=\"Facebook\">Facebook<\/a>.<\/p>\n<\/div>\n<p>\u00cen postarea sa, el atrage aten\u021bia c\u0103 supratonajul nu este o simpl\u0103 abatere birocratic\u0103, ci \u00eenseamn\u0103 drumuri degradate, costuri suplimentare pentru \u00eentre\u021binerea infrastructurii \u0219i, \u00een anumite situa\u021bii, riscuri suplimentare pentru siguran\u021ba rutier\u0103.<\/p>\n<iframe loading=\"lazy\" src=\"https:\/\/www.facebook.com\/plugins\/post.php?href=https%3A%2F%2Fwww.facebook.com%2Fhoratiucosmalucian%2Fposts%2Fpfbid0KzZMG5sAjesyhh9DgJLc8m7csVDRxTUj14LXNTxXu9yHLrhg5ZukQzZZrSP8HaNel&amp;show_text=true&amp;width=500\" width=\"500\" height=\"650\" scrolling=\"no\" frameborder allowfullscreen=\"true\" allow=\"autoplay; clipboard-write; encrypted-media; picture-in-picture; web-share\"><\/iframe>\n<p>&#8221;Regulile trebuie respectate de toat\u0103 lumea. Protej\u0103m infrastructura \u0219i, \u00een acela\u0219i timp, \u00eei protej\u0103m pe transportatorii care \u00ee\u0219i fac corect treaba \u0219i respect\u0103 legea&#8221;, subliniaz\u0103 Cosma.<\/p>\n<p>Totodat\u0103, secretarul de stat afirm\u0103 c\u0103 pe A0 Sud au ap\u0103rut, de la inaugurarea sa, prea multe deficien\u021be ale lucr\u0103rilor pentru ca acestea s\u0103 poat\u0103 fi explicate exclusiv prin circula\u021bia vehiculelor cu supratonaj, astfel c\u0103 a solicitat conducerii companiei de drumuri s\u0103 \u00eenceap\u0103 repara\u021biile pe \u00eentreaga autostrad\u0103 &#8221;pe banii constructorului&#8221;, \u00eentruc\u00e2t lucrarea este \u00eenc\u0103 \u00een garan\u021bie.<\/p>\n","protected":false},"excerpt":{"rendered":"<p>[analyse_image type=&#8221;featured&#8221; src=&#8221;https:\/\/s2.ziareromania.ro\/?mmid=de37b56b2a6600747d&#8221;] Val de sesiz\u0103ri pentru transporturi peste limita de greutate pe autostrada A0. Amenzi de peste o sut\u0103 de mii de euro \u00een doar dou\u0103 zile Autor: Catalina Sirbu Miercuri, 02 Septembrie 2026, ora 18:30 1168 citiri Camioane FOTO Facebook\/ Hora\u021biu Cosma Ministerul Transporturilor \u0219i Infrastructurii \u0219i Inspectoratul de Stat pentru Controlul \u00een [&hellip;]<\/p>\n","protected":false},"author":1,"featured_media":0,"comment_status":"open","ping_status":"","sticky":false,"template":"","format":"standard","meta":{"footnotes":""},"categories":[89],"tags":[226,22],"class_list":["post-2125451","post","type-post","status-publish","format-standard","hentry","category-romania","tag-crawlmanager","tag-ziare-com"],"_links":{"self":[{"href":"https:\/\/analyse.optim.biz\/index.php?rest_route=\/wp\/v2\/posts\/2125451","targetHints":{"allow":["GET"]}}],"collection":[{"href":"https:\/\/analyse.optim.biz\/index.php?rest_route=\/wp\/v2\/posts"}],"about":[{"href":"https:\/\/analyse.optim.biz\/index.php?rest_route=\/wp\/v2\/types\/post"}],"author":[{"embeddable":true,"href":"https:\/\/analyse.optim.biz\/index.php?rest_route=\/wp\/v2\/users\/1"}],"replies":[{"embeddable":true,"href":"https:\/\/analyse.optim.biz\/index.php?rest_route=%2Fwp%2Fv2%2Fcomments&post=2125451"}],"version-history":[{"count":0,"href":"https:\/\/analyse.optim.biz\/index.php?rest_route=\/wp\/v2\/posts\/2125451\/revisions"}],"wp:attachment":[{"href":"https:\/\/analyse.optim.biz\/index.php?rest_route=%2Fwp%2Fv2%2Fmedia&parent=2125451"}],"wp:term":[{"taxonomy":"category","embeddable":true,"href":"https:\/\/analyse.optim.biz\/index.php?rest_route=%2Fwp%2Fv2%2Fcategories&post=2125451"},{"taxonomy":"post_tag","embeddable":true,"href":"https:\/\/analyse.optim.biz\/index.php?rest_route=%2Fwp%2Fv2%2Ftags&post=2125451"}],"curies":[{"name":"wp","href":"https:\/\/api.w.org\/{rel}","templated":true}]}}