{"id":2125447,"date":"2026-09-02T17:06:40","date_gmt":"2026-09-02T14:06:40","guid":{"rendered":"https:\/\/analyse.optim.biz\/?p=2125447"},"modified":"2026-09-02T17:06:40","modified_gmt":"2026-09-02T14:06:40","slug":"un-deputat-australian-face-apel-pentru-protejarea-numerarului-in-comunitatile-regionale-cash-ul-joaca-un-rol-important-in-aceste-zone","status":"publish","type":"post","link":"https:\/\/analyse.optim.biz\/?p=2125447","title":{"rendered":"Un deputat australian face apel pentru protejarea numerarului \u00een comunit\u0103\u021bile regionale: Cash-ul joac\u0103 un rol important \u00een aceste zone"},"content":{"rendered":"<p>[analyse_image type=&#8221;featured&#8221; src=&#8221;https:\/\/r3media.ro\/wp-content\/uploads\/2026\/09\/dolari-australieni-scaled-e1788367822711.jpghttps:\/\/r3media.ro\/wp-content\/uploads\/2026\/09\/dolari-australieni-scaled-e1788367822711.jpg&#8221;]<\/p>\n<article id=\"template-id-109\" class=\"post-109 tdb_templates type-tdb_templates status-publish post\">\n<div id=\"tdi_2\" class=\"tdc-zone\">\n<div class=\"tdc_zone tdi_3  wpb_row td-pb-row\">\n<div id=\"tdi_4\" class=\"tdc-row\">\n<div class=\"vc_row tdi_5  wpb_row td-pb-row\">\n<div class=\"vc_column tdi_7  wpb_column vc_column_container tdc-column td-pb-span8\">\n<div class=\"wpb_wrapper\">\n<div class=\"td_block_wrap tdb_breadcrumbs tdi_8 td-pb-border-top td_block_template_1 tdb-breadcrumbs \" data-td-block-uid=\"tdi_8\">\n<div class=\"tdb-block-inner td-fix-index\"><span><a title=\"Vede\u021bi toate articolele \u00een FEATURED\" class=\"tdb-entry-crumb\" href=\"https:\/\/r3media.ro\/category\/featured\/\">FEATURED<\/a><\/span><span class=\"tdb-bred-no-url-last\">Un deputat australian face apel pentru protejarea numerarului \u00een comunit\u0103\u021bile regionale: Cash-ul&#8230;<\/span><\/div>\n<\/div>\n<div class=\"td_block_wrap tdb_single_categories tdi_9 td-pb-border-top td_block_template_1 \" data-td-block-uid=\"tdi_9\">\n<div class=\"tdb-category td-fix-index\"><a class=\"tdb-entry-category\" href=\"https:\/\/r3media.ro\/category\/featured\/\">FEATURED<\/a><a class=\"tdb-entry-category\" href=\"https:\/\/r3media.ro\/category\/stiri\/\">\u0218TIRI<\/a><\/div>\n<\/div>\n<div class=\"td_block_wrap tdb_title tdi_10 tdb-single-title td-pb-border-top td_block_template_1\" data-td-block-uid=\"tdi_10\">\n<div class=\"tdb-block-inner td-fix-index\">\n<h1 class=\"tdb-title-text\">Un deputat australian face apel pentru protejarea numerarului \u00een comunit\u0103\u021bile regionale: Cash-ul joac\u0103 un rol important \u00een aceste zone<\/h1>\n<\/div>\n<\/div>\n<div class=\"vc_row_inner tdi_12  vc_row vc_inner wpb_row td-pb-row\">\n<div class=\"vc_column_inner tdi_14  wpb_column vc_column_container tdc-inner-column td-pb-span12\">\n<div class=\"vc_column-inner\">\n<div class=\"wpb_wrapper\">\n<div class=\"td_block_wrap tdb_single_author tdi_15 td-pb-border-top td_block_template_1 tdb-post-meta\" data-td-block-uid=\"tdi_15\">\n<div class=\"tdb-block-inner td-fix-index\">\n<div class=\"tdb-author-name-wrap\"><a class=\"tdb-author-name\" href=\"https:\/\/r3media.ro\/author\/oana\/\">Oana Ivan<\/a><\/div>\n<\/div>\n<\/div>\n<div class=\"td_block_wrap tdb_single_date tdi_16 td-pb-border-top td_block_template_1 tdb-post-meta\" data-td-block-uid=\"tdi_16\">\n<div class=\"tdb-block-inner td-fix-index\"><time class=\"entry-date updated td-module-date\" datetime=\"2026-09-02T20:06:40+03:00\">02\/09\/2026<\/time><\/div>\n<\/div>\n<\/div>\n<\/div>\n<\/div>\n<\/div>\n<div class=\"td_block_wrap tdb_single_featured_image tdi_17 tdb-content-horiz-left td-pb-border-top td_block_template_1\" data-td-block-uid=\"tdi_17\">\n<div class=\"tdb-block-inner td-fix-index\">\n<figure><figcaption class=\"tdb-caption-text\">Surs\u0103 &#8211; Unsplash<\/figcaption><\/figure>\n<\/div>\n<\/div>\n<div class=\"wpb_wrapper td_block_wrap vc_raw_html tdi_19 \">\n<div class=\"td-fix-index\"><a href=\"https:\/\/www.google.com\/preferences\/source?q=r3media.ro\" target=\"_blank\" rel=\"noopener nofollow\">Ad\u0103uga\u021bi R3media la sursele preferate din Google<\/a><\/div>\n<\/div>\n<div class=\"td_block_wrap tdb_single_content tdi_20 td-pb-border-top td_block_template_1 td-post-content tagdiv-type\" data-td-block-uid=\"tdi_20\">\n<div class=\"tdb-block-inner td-fix-index\">\n<p><strong>Deputatul federal de Riverina, Michael McCormack, a declarat parlamentului c\u0103 accesul fiabil la <a href=\"https:\/\/r3media.ro\/tag\/disparitia-banilor-fizici-numerar\/\" target=\"_blank\" rel=\"noopener\">numerar<\/a> \u0219i servicii bancare r\u0103m\u00e2ne esen\u021bial pentru comunit\u0103\u021bile regionale, cum ar fi Grenfell, un ora\u0219 din Weddin Shire, \u00een centrul vest al New South Wales, potrivit <a href=\"https:\/\/www.grenfellrecord.com.au\/news\/mccormack-pushes-for-protection-of-cash-services-mzvwqhmk\" target=\"_blank\" rel=\"noopener\">Grenfell Record<\/a>.<\/strong><\/p>\n<p>El a \u021binut un discurs la debzaterea privind proiectul de lege despre cadrul de distribu\u021bie a numerarului din 2026. Conform lui McCormack, numerarul joac\u0103 \u00eenc\u0103 un rol important \u00een ora\u0219ele rurale. Asta se \u00eent\u00e2mpl\u0103 mai ales atunci c\u00e2nd sistemele de pl\u0103\u021bi electronice e\u0219ueaz\u0103. Totodat\u0103, el a atras aten\u021bia asupra situa\u021biilor de urgen\u021b\u0103 care perturb\u0103 re\u021belele de energie electric\u0103 \u0219i de telecomunica\u021bii.<\/p>\n<p>\u201eEste cu siguran\u021b\u0103 important s\u0103 ai \u00eentotdeauna ni\u0219te bani la tine. Nu \u0219tii niciodat\u0103 c\u00e2nd vei fi prins \u00eentr-o dificultate\u201d, a spus dl McCormack.<\/p>\n<p>El a sus\u021binut c\u0103, de\u0219i cardurile tap-and-go, serviciile bancare online \u0219i pl\u0103\u021bile mobile au devenit norma pentru mul\u021bi australieni, locuitorii de la \u021bar\u0103 continu\u0103 s\u0103 se bazeze pe numerar pentru tranzac\u021biile zilnice \u0219i ca rezerv\u0103 atunci c\u00e2nd tehnologia e\u0219ueaz\u0103.<\/p>\n<h2><strong>Accesul fiabil la numerar \u0219i servicii bancale r\u0103m\u00e2ne esen\u021bial pentru comunit\u0103\u021bile regionale<\/strong><\/h2>\n<p>\u00a0<\/p>\n<p>McCormack a subliniat, de asemenea, provocarea continu\u0103 a \u00eenchiderii sucursalelor bancare din Australia regional\u0103. El a spus c\u0103 \u00eentreprinderile locale, fermierii \u0219i locuitorii mai \u00een v\u00e2rst\u0103 pot fi dezavantaja\u021bi semnificativ de acest lucru.<\/p>\n<p>Pentru ora\u0219e precum Grenfell, accesul la serviciile bancare din apropiere r\u0103m\u00e2ne o problem\u0103 important\u0103, \u00een special pentru \u00eentreprinderile care \u00eenc\u0103 trebuie s\u0103 depun\u0103 \u00eencas\u0103ri, s\u0103 ob\u021bin\u0103 rest sau s\u0103 acceseze numerar pentru clien\u021bi \u0219i opera\u021biuni zilnice.<\/p>\n<p>\u201eF\u0103r\u0103 sucursalele bancare, \u00eentreprinderile, fermele \u0219i \u00een special persoanele \u00een v\u00e2rst\u0103 sufer\u0103 un dezavantaj imens \u00een compara\u021bie cu omologii lor din ora\u0219\u201d, a declarat dl McCormack.<\/p>\n<h2><strong>Milioane de australieni \u00eenc\u0103 folosesc numerar<\/strong><\/h2>\n<p>\u00a0<\/p>\n<p>Guvernul federal a elaborat acum un proiect de lege privind cadrul de distribu\u021bie a numerarului din 2026. Acesta \u00ee\u0219i propune s\u0103 stabileasc\u0103 un nou sistem de reglementare.<\/p>\n<p>Proiectul protejeaz\u0103 accesul la serviciile de retragere \u0219i depunere de numerar prin intermediul sucursalelor bancare, bancomatelor \u0219i altor p\u0103r\u021bi ale re\u021belei de numerar. De\u0219i utilizarea numerarului este \u00een sc\u0103dere la nivel na\u021bional, milioane de australieni \u00eenc\u0103 depind de moneda fizic\u0103, potrivit legisla\u021biei.<\/p>\n<h2><strong>Numerarul, o parte important\u0103 a vie\u021bii de zi cu zi<\/strong><\/h2>\n<p>\u00a0<\/p>\n<p>\u00cen plus, asigurarea accesului continuu la numerar este mai mult dec\u00e2t comoditate, \u00een special pentru comunit\u0103\u021bile din afara marilor ora\u0219e.<\/p>\n<p>\u201eOamenii din regiune sunt cei care men\u021bin luminile aprinse\u201d, a spus el. Comunit\u0103\u021bile rurale au fost descrise drept \u201ecoloana vertebral\u0103 a Australiei\u201d.<\/p>\n<p>Pentru mul\u021bi locuitori \u0219i companii din Grenfell \u0219i de pe Riverina, numerarul r\u0103m\u00e2ne o parte important\u0103 a vie\u021bii de zi cu zi. De asemenea, este un serviciu care merit\u0103 protejat pentru viitor.<\/p>\n<div class=\"crp_related     crp-masonry\">\n<h2>\u00ceN CONTEXT<\/h2>\n<ul>\n<li><a href=\"https:\/\/r3media.ro\/victorie-a-libertatii-slovenia-parlamentul-votat-introducere-constitutie-drept-utilizare-numerar-cetateni\/\" target=\"_blank\" class=\"crp_link post-114394\"><span class=\"crp_title\">Victorie a libert\u0103\u021bii \u00een Slovenia: Parlamentul a votat introducerea \u00een Constitu\u021bie a\u2026<\/span><\/a><\/li>\n<li><a href=\"https:\/\/r3media.ro\/stat-american-illinois-sprijina-utilizarea-numerarului\/\" target=\"_blank\" class=\"crp_link post-121716\"><span class=\"crp_title\">Statul american Illinois a decis s\u0103 sprijine masiv utilizarea numerarului<\/span><\/a><\/li>\n<li><a href=\"https:\/\/r3media.ro\/uber-introduce-plata-cash-noua-zeelanda-proiect-pilot-companie-acceptare-numerar-clienti\/\" target=\"_blank\" class=\"crp_link post-120843\"><span class=\"crp_title\">Uber introduce plata cash \u00een Noua Zeeland\u0103. Un proiect-pilot a ar\u0103tat companiei c\u0103\u2026<\/span><\/a><\/li>\n<li><a href=\"https:\/\/r3media.ro\/europenii-acumuleaza-numerar-bce-bani-fizici-cetateni-avans-plati-electronice\/\" target=\"_blank\" class=\"crp_link post-121355\"><span class=\"crp_title\">Europenii acumuleaz\u0103 din ce \u00een ce mai mult numerar. BCE constat\u0103 c\u0103 banii fizici r\u0103m\u00e2n\u2026<\/span><\/a><\/li>\n<li><a href=\"https:\/\/r3media.ro\/aproape-15-milioane-britanici-utilizare-cash-avans-plati-electronice\/\" target=\"_blank\" class=\"crp_link post-121420\"><span class=\"crp_title\">Aproape 1,5 milioane de britanici continu\u0103 s\u0103 foloseasc\u0103 doar cash, \u00een ciuda avansului\u2026<\/span><\/a><\/li>\n<li><a href=\"https:\/\/r3media.ro\/numerarul-uniunea-europeana-impuls-platile-digitale-zona-euro\/\" target=\"_blank\" class=\"crp_link post-121325\"><span class=\"crp_title\">Numerarul se men\u021bine ferm \u00een UE, \u00een ciuda impulsului pentru pl\u0103\u021bile digitale din zona euro<\/span><\/a><\/li>\n<li><a href=\"https:\/\/r3media.ro\/banca-centrala-europeana-bce-recomanda-pastrare-numerar-acasa-instabilitate-majora\/\" target=\"_blank\" class=\"crp_link post-113327\"><span class=\"crp_title\">Banca Central\u0103 European\u0103 (BCE) recomand\u0103 cet\u0103\u021benilor s\u0103 p\u0103streze acas\u0103 numerar \u201esuficient\u2026<\/span><\/a><\/li>\n<li><a href=\"https:\/\/r3media.ro\/gheorghe-piperea-euro-digital-obligatie-certificat-vaccinare\/\" target=\"_blank\" class=\"crp_link post-119733\"><span class=\"crp_title\">Europarlamentarul Gheorghe Piperea: Op\u021biunea pentru euro digital se va putea transforma \u00een\u2026<\/span><\/a><\/li>\n<\/ul>\n<\/div>\n<\/div>\n<\/div>\n<div class=\"td_block_wrap tdb_single_tags tdi_21 td-pb-border-top td_block_template_1\" data-td-block-uid=\"tdi_21\">\n<div class=\"tdb-block-inner td-fix-index\">\n<ul class=\"tdb-tags\">\n<li><span>SUBIECTE FIERBIN\u021aI<\/span><\/li>\n<li><a href=\"https:\/\/r3media.ro\/tag\/australia\/\">australia<\/a><\/li>\n<li><a href=\"https:\/\/r3media.ro\/tag\/disparitia-banilor-fizici-numerar\/\">disparitia banilor fizici (numerar)<\/a><\/li>\n<li><a href=\"https:\/\/r3media.ro\/tag\/plati-online-vs-plati-cash\/\">plati online vs plati cash<\/a><\/li>\n<\/ul>\n<\/div>\n<\/div>\n<div class=\"td_block_wrap td_block_9 tdi_22 td_with_ajax_pagination td-pb-border-top td_block_template_1 td-column-2 td_block_padding td_block_bot_line\" data-td-block-uid=\"tdi_22\">\n<div class=\"td-block-title-wrap\">\n<h4 class=\"block-title td-block-title\"><span class=\"td-pulldown-size\">CITE\u0218TE MAI MULT<\/span><\/h4>\n<\/div>\n<div id=\"tdi_22\" class=\"td_block_inner\">\n<div class=\"td-block-row\">\n<div class=\"td-block-span6\">\n<div class=\"td_module_8 td_module_wrap\">\n<div class=\"item-details\">\n<h3 class=\"entry-title td-module-title\"><a href=\"https:\/\/r3media.ro\/cod-urbanism-interzicere-masini-oras-15-minute\/\" rel=\"bookmark\" title=\"A fost adoptat noul Cod al Urbanismului. Interzicerea ma\u0219inilor poluante \u00een unele zone urbane, ora\u0219ul de 15 minute devin norme\">A fost adoptat noul Cod al Urbanismului. Interzicerea ma\u0219inilor poluante \u00een unele zone urbane,&#8230;<\/a><\/h3>\n<div class=\"td-module-meta-info\"><a href=\"https:\/\/r3media.ro\/category\/stiri\/\" class=\"td-post-category\">\u0218TIRI<\/a><span class=\"td-post-author-name\"><a href=\"https:\/\/r3media.ro\/author\/teodor_stan\/\">Teodor Stan<\/a><span>&#8211;<\/span><\/span><span class=\"td-post-date\"><time class=\"entry-date updated td-module-date\" datetime=\"2026-08-27T11:31:03+03:00\">27\/08\/2026<\/time><\/span><\/div>\n<\/div>\n<\/div>\n<\/div>\n<div class=\"td-block-span6\">\n<div class=\"td_module_8 td_module_wrap\">\n<div class=\"item-details\">\n<h3 class=\"entry-title td-module-title\"><a href=\"https:\/\/r3media.ro\/actor-alex-bogdan-nicusor-dan-video\/\" rel=\"bookmark\" title=\"VIDEO | Actorul Alex Bogdan: \u00cemi e sc\u00e2rb\u0103 c\u0103 mi-am pus la b\u0103taie reputa\u021bia, familia \u0219i energia pentru Nicu\u0219or Dan. Pentru ce? Dac\u0103-l v\u0103d vreodat\u0103 \u00een fa\u021ba mea, \u00eel scuip!\">VIDEO | Actorul Alex Bogdan: \u00cemi e sc\u00e2rb\u0103 c\u0103 mi-am pus la b\u0103taie reputa\u021bia,&#8230;<\/a><\/h3>\n<div class=\"td-module-meta-info\"><a href=\"https:\/\/r3media.ro\/category\/stiri\/\" class=\"td-post-category\">\u0218TIRI<\/a><span class=\"td-post-author-name\"><a href=\"https:\/\/r3media.ro\/author\/oana\/\">Oana Ivan<\/a><span>&#8211;<\/span><\/span><span class=\"td-post-date\"><time class=\"entry-date updated td-module-date\" datetime=\"2026-08-28T21:43:58+03:00\">28\/08\/2026<\/time><\/span><\/div>\n<\/div>\n<\/div>\n<\/div>\n<\/div>\n<div class=\"td-block-row\">\n<div class=\"td-block-span6\">\n<div class=\"td_module_8 td_module_wrap\">\n<div class=\"item-details\">\n<h3 class=\"entry-title td-module-title\"><a href=\"https:\/\/r3media.ro\/stapanul-inelelor-vanatoarea-lui-gollum-regizor-andy-serkis-actori-intineriti-inteligenta-artificiala\/\" rel=\"bookmark\" title=\"St\u0103p\u00e2nul Inelelor: V\u00e2n\u0103toarea lui Gollum. Regizorul Andy Serkis a confirmat c\u0103 actorii originari care revin vor fi \u00eentineri\u021bi cu ajutorul inteligen\u021bei artificiale (IA)\">St\u0103p\u00e2nul Inelelor: V\u00e2n\u0103toarea lui Gollum. Regizorul Andy Serkis a confirmat c\u0103 actorii originari care&#8230;<\/a><\/h3>\n<div class=\"td-module-meta-info\"><a href=\"https:\/\/r3media.ro\/category\/actualitate\/\" class=\"td-post-category\">ACTUALITATE<\/a><span class=\"td-post-author-name\"><a href=\"https:\/\/r3media.ro\/author\/oana\/\">Oana Ivan<\/a><span>&#8211;<\/span><\/span><span class=\"td-post-date\"><time class=\"entry-date updated td-module-date\" datetime=\"2026-08-28T21:45:04+03:00\">28\/08\/2026<\/time><\/span><\/div>\n<\/div>\n<\/div>\n<\/div>\n<div class=\"td-block-span6\">\n<div class=\"td_module_8 td_module_wrap\">\n<div class=\"item-details\">\n<h3 class=\"entry-title td-module-title\"><a href=\"https:\/\/r3media.ro\/america-implicare-capete-razboiul-din-iugoslavia\/\" rel=\"bookmark\" title=\"Cum a jucat America la toate capetele r\u0103zboiului din fosta Iugoslavie\">Cum a jucat America la toate capetele r\u0103zboiului din fosta Iugoslavie<\/a><\/h3>\n<div class=\"td-module-meta-info\"><a href=\"https:\/\/r3media.ro\/category\/actualitate\/\" class=\"td-post-category\">ACTUALITATE<\/a><span class=\"td-post-author-name\"><a href=\"https:\/\/r3media.ro\/author\/radu_ursan\/\">Radu Ursan<\/a><span>&#8211;<\/span><\/span><span class=\"td-post-date\"><time class=\"entry-date updated td-module-date\" datetime=\"2026-08-26T19:58:22+03:00\">26\/08\/2026<\/time><\/span><\/div>\n<\/div>\n<\/div>\n<\/div>\n<\/div>\n<div class=\"td-block-row\">\n<div class=\"td-block-span6\">\n<div class=\"td_module_8 td_module_wrap\">\n<div class=\"item-details\">\n<h3 class=\"entry-title td-module-title\"><a href=\"https:\/\/r3media.ro\/jurnalista-liliana-ruse-digi24-cancer-tratament-povara-financiara\/\" rel=\"bookmark\" title=\"Jurnalista Liliana Ruse de la Digi24 se lupt\u0103 cu o form\u0103 de cancer \u0219i \u00ee\u0219i procur\u0103 singur\u0103 tratamentul: Nu mi se pare normal s\u0103 mai suport o asemenea povar\u0103 financiar\u0103\">Jurnalista Liliana Ruse de la Digi24 se lupt\u0103 cu o form\u0103 de cancer \u0219i&#8230;<\/a><\/h3>\n<div class=\"td-module-meta-info\"><a href=\"https:\/\/r3media.ro\/category\/actualitate\/\" class=\"td-post-category\">ACTUALITATE<\/a><span class=\"td-post-author-name\"><a href=\"https:\/\/r3media.ro\/author\/oana\/\">Oana Ivan<\/a><span>&#8211;<\/span><\/span><span class=\"td-post-date\"><time class=\"entry-date updated td-module-date\" datetime=\"2026-08-26T11:35:58+03:00\">26\/08\/2026<\/time><\/span><\/div>\n<\/div>\n<\/div>\n<\/div>\n<div class=\"td-block-span6\">\n<div class=\"td_module_8 td_module_wrap\">\n<div class=\"item-details\">\n<h3 class=\"entry-title td-module-title\"><a href=\"https:\/\/r3media.ro\/asociatia-parakletos-ong-banci-franci-elvetieni\/\" rel=\"bookmark\" title=\"Asocia\u021bia Parakletos a disp\u0103rut, oficial. ONG-ul a fost distrus de procesul contra b\u0103ncilor care oferiser\u0103 credite \u00een franci elve\u021bieni\">Asocia\u021bia Parakletos a disp\u0103rut, oficial. ONG-ul a fost distrus de procesul contra b\u0103ncilor care&#8230;<\/a><\/h3>\n<div class=\"td-module-meta-info\"><a href=\"https:\/\/r3media.ro\/category\/actualitate\/\" class=\"td-post-category\">ACTUALITATE<\/a><span class=\"td-post-author-name\"><a href=\"https:\/\/r3media.ro\/author\/redactia\/\">Redac\u021bia<\/a><span>&#8211;<\/span><\/span><span class=\"td-post-date\"><time class=\"entry-date updated td-module-date\" datetime=\"2026-08-24T11:50:15+03:00\">24\/08\/2026<\/time><\/span><\/div>\n<\/div>\n<\/div>\n<\/div>\n<\/div>\n<div class=\"td-block-row\">\n<div class=\"td-block-span6\">\n<div class=\"td_module_8 td_module_wrap\">\n<div class=\"item-details\">\n<h3 class=\"entry-title td-module-title\"><a href=\"https:\/\/r3media.ro\/drona-aeriana-incarcata-explozibil-ajunsa-plaja-tuzla-ucraineana\/\" rel=\"bookmark\" title=\"VIDEO | O dron\u0103 aerian\u0103 \u00eenc\u0103rcat\u0103 cu explozibil \u0219i ajuns\u0103 pe plaja Tuzla s-a dovedit a fi ucrainean\u0103\">VIDEO | O dron\u0103 aerian\u0103 \u00eenc\u0103rcat\u0103 cu explozibil \u0219i ajuns\u0103 pe plaja Tuzla s-a&#8230;<\/a><\/h3>\n<div class=\"td-module-meta-info\"><a href=\"https:\/\/r3media.ro\/category\/actualitate\/\" class=\"td-post-category\">ACTUALITATE<\/a><span class=\"td-post-author-name\"><a href=\"https:\/\/r3media.ro\/author\/oana\/\">Oana Ivan<\/a><span>&#8211;<\/span><\/span><span class=\"td-post-date\"><time class=\"entry-date updated td-module-date\" datetime=\"2026-08-22T21:13:17+03:00\">22\/08\/2026<\/time><\/span><\/div>\n<\/div>\n<\/div>\n<\/div>\n<div class=\"td-block-span6\">\n<div class=\"td_module_8 td_module_wrap\">\n<div class=\"item-details\">\n<h3 class=\"entry-title td-module-title\"><a href=\"https:\/\/r3media.ro\/stapanul-ineleor-inelele-puterii-producator-patrick-mckay-public\/\" rel=\"bookmark\" title=\"St\u0103p\u00e2nul Inelelor: Inelele Puterii. Produc\u0103torul Patrick McKay: Nu cred c\u0103 publicul este cu adev\u0103rat preg\u0103tit pentru ceea ce urmeaz\u0103 de data aceasta\">St\u0103p\u00e2nul Inelelor: Inelele Puterii. Produc\u0103torul Patrick McKay: Nu cred c\u0103 publicul este cu adev\u0103rat&#8230;<\/a><\/h3>\n<div class=\"td-module-meta-info\"><a href=\"https:\/\/r3media.ro\/category\/actualitate\/\" class=\"td-post-category\">ACTUALITATE<\/a><span class=\"td-post-author-name\"><a href=\"https:\/\/r3media.ro\/author\/oana\/\">Oana Ivan<\/a><span>&#8211;<\/span><\/span><span class=\"td-post-date\"><time class=\"entry-date updated td-module-date\" datetime=\"2026-08-21T23:24:20+03:00\">21\/08\/2026<\/time><\/span><\/div>\n<\/div>\n<\/div>\n<\/div>\n<\/div>\n<div class=\"td-block-row\">\n<div class=\"td-block-span6\">\n<div class=\"td_module_8 td_module_wrap\">\n<div class=\"item-details\">\n<h3 class=\"entry-title td-module-title\"><a href=\"https:\/\/r3media.ro\/ultimul-climat\/\" rel=\"bookmark\" title=\"Ultimul climat\u00a0\u00a0\u00a0\u00a0\u00a0\">Ultimul climat\u00a0\u00a0\u00a0\u00a0\u00a0<\/a><\/h3>\n<div class=\"td-module-meta-info\"><a href=\"https:\/\/r3media.ro\/category\/opinii\/\" class=\"td-post-category\">OPINII<\/a><span class=\"td-post-author-name\"><a href=\"https:\/\/r3media.ro\/author\/tru\/\">TRU (Traian Ungureanu)<\/a><span>&#8211;<\/span><\/span><span class=\"td-post-date\"><time class=\"entry-date updated td-module-date\" datetime=\"2026-08-20T19:12:13+03:00\">20\/08\/2026<\/time><\/span><\/div>\n<\/div>\n<\/div>\n<\/div>\n<div class=\"td-block-span6\">\n<div class=\"td_module_8 td_module_wrap\">\n<div class=\"item-details\">\n<h3 class=\"entry-title td-module-title\"><a href=\"https:\/\/r3media.ro\/presedintele-serbiei-razboiul-din-ucraina\/\" rel=\"bookmark\" title=\"Pre\u0219edintele Serbiei nu crede c\u0103 r\u0103zboiul din Ucraina se termin\u0103 cur\u00e2nd: Cred c\u0103 ne afl\u0103m la \u00eenceputul unui r\u0103zboi mult, mult mai mare\">Pre\u0219edintele Serbiei nu crede c\u0103 r\u0103zboiul din Ucraina se termin\u0103 cur\u00e2nd: Cred c\u0103 ne&#8230;<\/a><\/h3>\n<div class=\"td-module-meta-info\"><a href=\"https:\/\/r3media.ro\/category\/actualitate\/\" class=\"td-post-category\">ACTUALITATE<\/a><span class=\"td-post-author-name\"><a href=\"https:\/\/r3media.ro\/author\/teodor_stan\/\">Teodor Stan<\/a><span>&#8211;<\/span><\/span><span class=\"td-post-date\"><time class=\"entry-date updated td-module-date\" datetime=\"2026-08-10T12:22:44+03:00\">10\/08\/2026<\/time><\/span><\/div>\n<\/div>\n<\/div>\n<\/div>\n<\/div>\n<div class=\"td-block-row\">\n<div class=\"td-block-span6\">\n<div class=\"td_module_8 td_module_wrap\">\n<div class=\"item-details\">\n<h3 class=\"entry-title td-module-title\"><a href=\"https:\/\/r3media.ro\/fara-apa-fara-curent-fara-viitor-cum-au-sacrificat-pro-europenii-romania-pe-altarul-ecologiei-ieftine\/\" rel=\"bookmark\" title=\"F\u0103r\u0103 ap\u0103, f\u0103r\u0103 curent, f\u0103r\u0103 viitor: cum au sacrificat pro-europenii Rom\u00e2nia pe altarul ecologiei ieftine\">F\u0103r\u0103 ap\u0103, f\u0103r\u0103 curent, f\u0103r\u0103 viitor: cum au sacrificat pro-europenii Rom\u00e2nia pe altarul ecologiei&#8230;<\/a><\/h3>\n<div class=\"td-module-meta-info\"><a href=\"https:\/\/r3media.ro\/category\/actualitate\/\" class=\"td-post-category\">ACTUALITATE<\/a><span class=\"td-post-author-name\"><a href=\"https:\/\/r3media.ro\/author\/paul_lazar\/\">Paul-Daniel Laz\u0103r<\/a><span>&#8211;<\/span><\/span><span class=\"td-post-date\"><time class=\"entry-date updated td-module-date\" datetime=\"2026-08-08T22:30:54+03:00\">08\/08\/2026<\/time><\/span><\/div>\n<\/div>\n<\/div>\n<\/div>\n<div class=\"td-block-span6\">\n<div class=\"td_module_8 td_module_wrap\">\n<div class=\"item-details\">\n<h3 class=\"entry-title td-module-title\"><a href=\"https:\/\/r3media.ro\/show-iluzie-si-realitate-de-la-the-truman-show-la-son-of-a-rich\/\" rel=\"bookmark\" title=\"Show, iluzie \u0219i realitate: de la The Truman Show la Son of a Rich\">Show, iluzie \u0219i realitate: de la The Truman Show la Son of a Rich<\/a><\/h3>\n<div class=\"td-module-meta-info\"><a href=\"https:\/\/r3media.ro\/category\/actualitate\/\" class=\"td-post-category\">ACTUALITATE<\/a><span class=\"td-post-author-name\"><a href=\"https:\/\/r3media.ro\/author\/costi_balasoiu\/\">Constantin B\u0103l\u0103\u0219oiu<\/a><span>&#8211;<\/span><\/span><span class=\"td-post-date\"><time class=\"entry-date updated td-module-date\" datetime=\"2026-08-08T15:30:25+03:00\">08\/08\/2026<\/time><\/span><\/div>\n<\/div>\n<\/div>\n<\/div>\n<\/div>\n<\/div>\n<div class=\"td-load-more-wrap td-load-more-infinite-wrap\" id=\"infinite-lm-tdi_22\"><a href=\"https:\/\/r3media.ro\/deputat-australia-protejare-numerar-comunitati-regionale-bani-fizici\/\" class=\"td_ajax_load_more td_ajax_load_more_js\" aria-label=\"\u00cenc\u0103rca\u021bi mai multe\" id=\"next-page-tdi_22\" data-td_block_id=\"tdi_22\">\u00cenc\u0103rca\u021bi mai multe<\/a><\/div>\n<\/div>\n<div class=\"td_block_wrap tdb_single_comments tdi_23 tdb-comm-layout2 td-pb-border-top td_block_template_1\" data-td-block-uid=\"tdi_23\">\n<div class=\"tdb-block-inner td-fix-index\">\n<div class=\"comments\" id=\"comments\">\n<div id=\"respond\" class=\"comment-respond\">\n<h3 id=\"reply-title\" class=\"comment-reply-title\">AI CEVA DE SPUS? <small><a rel=\"nofollow\" id=\"cancel-comment-reply-link\" href=\"https:\/\/r3media.ro\/deputat-australia-protejare-numerar-comunitati-regionale-bani-fizici\/#respond\">Renun\u021ba\u021bi la r\u0103spuns<\/a><\/small><\/h3>\n<div class=\"comment-form-input-wrap td-form-comment\">\n<div class=\"td-warning-comment\">V\u0103 rug\u0103m s\u0103 introduce\u021bi comentariul dvs.!<\/div>\n<\/div>\n<div class=\"comment-form-input-wrap td-form-author\">\n<div class=\"td-warning-author\">Introduce\u021bi aici numele dvs.<\/div>\n<\/div>\n<div class=\"comment-form-input-wrap td-form-email\">\n<div class=\"td-warning-email-error\">A\u021bi introdus o adres\u0103 de e-mail incorect\u0103!<\/div>\n<div class=\"td-warning-email\">V\u0103 rug\u0103m s\u0103 introduce\u021bi adresa dvs. de e-mail aici<\/div>\n<\/div>\n<\/div>\n<\/div>\n<\/div>\n<\/div>\n<\/div>\n<\/div>\n<div class=\"vc_column tdi_25  wpb_column vc_column_container tdc-column td-pb-span4 td-is-sticky\">\n<div class=\"wpb_wrapper\" data-sticky-enabled-on=\"W3RydWUsdHJ1ZSx0cnVlLHRydWVd\" data-sticky-offset=\"20\" data-sticky-is-width-auto=\"W2ZhbHNlLGZhbHNlLGZhbHNlLGZhbHNlXQ==\">\n<div class=\"wpb_wrapper td_block_wrap vc_widget_sidebar tdi_27 \">\n<div class=\"td_block_wrap td_block_7 td_block_widget tdi_28 td-pb-border-top td_block_template_1 td-column-1 td_block_padding\" data-td-block-uid=\"tdi_28\">\n<div class=\"td-block-title-wrap\">\n<h4 class=\"block-title td-block-title\"><span class=\"td-pulldown-size\">Articole RELA\u021aIONATE<\/span><\/h4>\n<\/div>\n<div id=\"tdi_28\" class=\"td_block_inner\">\n<div class=\"td-block-span12\">\n<div class=\"td_module_6 td_module_wrap td-animation-stack\">\n<div class=\"td-module-thumb\"><a href=\"https:\/\/r3media.ro\/george-simion-cna-seamana-din-ce-in-ce-mai-mult-cu-un-stat-totalitar-nu-cu-un-stat-democratic\/\" rel=\"bookmark\" class=\"td-image-wrap \" title=\"George Simion: CNA seam\u0103n\u0103 din ce \u00een ce mai mult cu un stat totalitar, nu cu un stat democratic\"><img loading=\"lazy\" decoding=\"async\" class=\"entry-thumb\" src=\"https:\/\/r3media.ro\/wp-content\/uploads\/2026\/08\/george-simion-nicusor-dan-100x70.jpg\" alt title=\"George Simion: CNA seam\u0103n\u0103 din ce \u00een ce mai mult cu un stat totalitar, nu cu un stat democratic\" width=\"100\" height=\"70\"><\/a><\/div>\n<div class=\"item-details\">\n<h3 class=\"entry-title td-module-title\"><a href=\"https:\/\/r3media.ro\/george-simion-cna-seamana-din-ce-in-ce-mai-mult-cu-un-stat-totalitar-nu-cu-un-stat-democratic\/\" rel=\"bookmark\" title=\"George Simion: CNA seam\u0103n\u0103 din ce \u00een ce mai mult cu un stat totalitar, nu cu un stat democratic\">George Simion: CNA seam\u0103n\u0103 din ce \u00een ce mai mult cu&#8230;<\/a><\/h3>\n<div class=\"td-module-meta-info\"><span class=\"td-post-date\"><time class=\"entry-date updated td-module-date\" datetime=\"2026-09-02T22:42:38+03:00\">02\/09\/2026<\/time><\/span><\/div>\n<\/div>\n<\/div>\n<\/div>\n<div class=\"td-block-span12\">\n<div class=\"td_module_6 td_module_wrap td-animation-stack\">\n<div class=\"td-module-thumb\"><a href=\"https:\/\/r3media.ro\/afd-procent-istoric-sondaj-alegeri-saxonia-anhalt\/\" rel=\"bookmark\" class=\"td-image-wrap \" title=\"AfD atinge un procent istoric \u00een sondaje \u00eenainte de alegerile din Saxonia-Anhalt\"><img loading=\"lazy\" decoding=\"async\" class=\"entry-thumb\" src=\"https:\/\/r3media.ro\/wp-content\/uploads\/2024\/01\/alternativa-pentru-germania-afd-100x70.jpg\" alt title=\"AfD atinge un procent istoric \u00een sondaje \u00eenainte de alegerile din Saxonia-Anhalt\" width=\"100\" height=\"70\"><\/a><\/div>\n<div class=\"item-details\">\n<h3 class=\"entry-title td-module-title\"><a href=\"https:\/\/r3media.ro\/afd-procent-istoric-sondaj-alegeri-saxonia-anhalt\/\" rel=\"bookmark\" title=\"AfD atinge un procent istoric \u00een sondaje \u00eenainte de alegerile din Saxonia-Anhalt\">AfD atinge un procent istoric \u00een sondaje \u00eenainte de alegerile din&#8230;<\/a><\/h3>\n<div class=\"td-module-meta-info\"><span class=\"td-post-date\"><time class=\"entry-date updated td-module-date\" datetime=\"2026-09-02T21:40:46+03:00\">02\/09\/2026<\/time><\/span><\/div>\n<\/div>\n<\/div>\n<\/div>\n<div class=\"td-block-span12\">\n<div class=\"td_module_6 td_module_wrap td-animation-stack\">\n<div class=\"td-module-thumb\"><a href=\"https:\/\/r3media.ro\/bucurestiul-anexa-berlinului-mae-al-romaniei-conoaca-ambasador-rusiei-pentru-incidente-germania\/\" rel=\"bookmark\" class=\"td-image-wrap \" title=\"Bucure\u0219tiul, anexa Berlinului. MAE al Rom\u00e2niei \u00eel convoac\u0103 pe ambasadorul Rusiei pentru incidente petrecute \u00een Germania\"><img loading=\"lazy\" decoding=\"async\" class=\"entry-thumb\" src=\"https:\/\/r3media.ro\/wp-content\/uploads\/2026\/04\/bolojan-merz-100x70.jpg\" alt title=\"Bucure\u0219tiul, anexa Berlinului. MAE al Rom\u00e2niei \u00eel convoac\u0103 pe ambasadorul Rusiei pentru incidente petrecute \u00een Germania\" width=\"100\" height=\"70\"><\/a><\/div>\n<div class=\"item-details\">\n<h3 class=\"entry-title td-module-title\"><a href=\"https:\/\/r3media.ro\/bucurestiul-anexa-berlinului-mae-al-romaniei-conoaca-ambasador-rusiei-pentru-incidente-germania\/\" rel=\"bookmark\" title=\"Bucure\u0219tiul, anexa Berlinului. MAE al Rom\u00e2niei \u00eel convoac\u0103 pe ambasadorul Rusiei pentru incidente petrecute \u00een Germania\">Bucure\u0219tiul, anexa Berlinului. MAE al Rom\u00e2niei \u00eel convoac\u0103 pe ambasadorul Rusiei&#8230;<\/a><\/h3>\n<div class=\"td-module-meta-info\"><span class=\"td-post-date\"><time class=\"entry-date updated td-module-date\" datetime=\"2026-09-02T21:04:49+03:00\">02\/09\/2026<\/time><\/span><\/div>\n<\/div>\n<\/div>\n<\/div>\n<div class=\"td-block-span12\">\n<div class=\"td_module_6 td_module_wrap td-animation-stack\">\n<div class=\"td-module-thumb\"><a href=\"https:\/\/r3media.ro\/calendarul-zilei-3-septembrie-sf-mucenic-antim-sf-cuv-neofit-si-meletie-de-la-manastirea-stanisoara\/\" rel=\"bookmark\" class=\"td-image-wrap \" title=\"Calendarul zilei 3 septembrie: Sf. Mucenic Antim.Sf. Cuv. Neofit \u0219i Meletie de la M\u0103n\u0103stirea St\u00e2ni\u0219oara\"><img loading=\"lazy\" decoding=\"async\" class=\"entry-thumb\" src=\"https:\/\/r3media.ro\/wp-content\/uploads\/2023\/09\/sddefault-1-100x70.jpg\" alt title=\"Calendarul zilei 3 septembrie: Sf. Mucenic Antim.Sf. Cuv. Neofit \u0219i Meletie de la M\u0103n\u0103stirea St\u00e2ni\u0219oara\" width=\"100\" height=\"70\"><\/a><\/div>\n<div class=\"item-details\">\n<h3 class=\"entry-title td-module-title\"><a href=\"https:\/\/r3media.ro\/calendarul-zilei-3-septembrie-sf-mucenic-antim-sf-cuv-neofit-si-meletie-de-la-manastirea-stanisoara\/\" rel=\"bookmark\" title=\"Calendarul zilei 3 septembrie: Sf. Mucenic Antim.Sf. Cuv. Neofit \u0219i Meletie de la M\u0103n\u0103stirea St\u00e2ni\u0219oara\">Calendarul zilei 3 septembrie: Sf. Mucenic Antim.Sf. Cuv. Neofit \u0219i Meletie&#8230;<\/a><\/h3>\n<div class=\"td-module-meta-info\"><span class=\"td-post-date\"><time class=\"entry-date updated td-module-date\" datetime=\"2026-09-02T21:00:42+03:00\">02\/09\/2026<\/time><\/span><\/div>\n<\/div>\n<\/div>\n<\/div>\n<div class=\"td-block-span12\">\n<div class=\"td_module_6 td_module_wrap td-animation-stack\">\n<div class=\"td-module-thumb\"><a href=\"https:\/\/r3media.ro\/nationalismul-sanatos-nicusor-dan-sustine-romania-renunta-dreptul-de-veto-politica-exxterna-ue\/\" rel=\"bookmark\" class=\"td-image-wrap \" title=\"Na\u021bionalismul s\u0103n\u0103tos? Nicu\u0219or Dan sus\u021bine demersul prin care Rom\u00e2nia renun\u021b\u0103 la dreptul de veto \u00een politica extern\u0103 a UE\"><img loading=\"lazy\" decoding=\"async\" class=\"entry-thumb\" src=\"https:\/\/r3media.ro\/wp-content\/uploads\/2025\/06\/oana-toiu-nicusor-dan-100x70.png\" alt title=\"Na\u021bionalismul s\u0103n\u0103tos? Nicu\u0219or Dan sus\u021bine demersul prin care Rom\u00e2nia renun\u021b\u0103 la dreptul de veto \u00een politica extern\u0103 a UE\" width=\"100\" height=\"70\"><\/a><\/div>\n<div class=\"item-details\">\n<h3 class=\"entry-title td-module-title\"><a href=\"https:\/\/r3media.ro\/nationalismul-sanatos-nicusor-dan-sustine-romania-renunta-dreptul-de-veto-politica-exxterna-ue\/\" rel=\"bookmark\" title=\"Na\u021bionalismul s\u0103n\u0103tos? Nicu\u0219or Dan sus\u021bine demersul prin care Rom\u00e2nia renun\u021b\u0103 la dreptul de veto \u00een politica extern\u0103 a UE\">Na\u021bionalismul s\u0103n\u0103tos? Nicu\u0219or Dan sus\u021bine demersul prin care Rom\u00e2nia renun\u021b\u0103 la&#8230;<\/a><\/h3>\n<div class=\"td-module-meta-info\"><span class=\"td-post-date\"><time class=\"entry-date updated td-module-date\" datetime=\"2026-09-02T20:35:46+03:00\">02\/09\/2026<\/time><\/span><\/div>\n<\/div>\n<\/div>\n<\/div>\n<div class=\"td-block-span12\">\n<div class=\"td_module_6 td_module_wrap td-animation-stack\">\n<div class=\"td-module-thumb\"><a href=\"https:\/\/r3media.ro\/aur-denunt-dna-contracte-safe-guvernul-bolojan\/\" rel=\"bookmark\" class=\"td-image-wrap \" title=\"AUR face denun\u021b la DNA \u00een leg\u0103tur\u0103 cu atribuirea contractelor de 16,7 miliarde de euro prin SAFE de Guvernul Bolojan\"><img loading=\"lazy\" decoding=\"async\" class=\"entry-thumb\" src=\"https:\/\/r3media.ro\/wp-content\/uploads\/2026\/09\/george-simion-dan-dungaciu-si-petrisor-peiu-100x70.png\" alt title=\"AUR face denun\u021b la DNA \u00een leg\u0103tur\u0103 cu atribuirea contractelor de 16,7 miliarde de euro prin SAFE de Guvernul Bolojan\" width=\"100\" height=\"70\"><\/a><\/div>\n<div class=\"item-details\">\n<h3 class=\"entry-title td-module-title\"><a href=\"https:\/\/r3media.ro\/aur-denunt-dna-contracte-safe-guvernul-bolojan\/\" rel=\"bookmark\" title=\"AUR face denun\u021b la DNA \u00een leg\u0103tur\u0103 cu atribuirea contractelor de 16,7 miliarde de euro prin SAFE de Guvernul Bolojan\">AUR face denun\u021b la DNA \u00een leg\u0103tur\u0103 cu atribuirea contractelor de&#8230;<\/a><\/h3>\n<div class=\"td-module-meta-info\"><span class=\"td-post-date\"><time class=\"entry-date updated td-module-date\" datetime=\"2026-09-02T20:34:43+03:00\">02\/09\/2026<\/time><\/span><\/div>\n<\/div>\n<\/div>\n<\/div>\n<div class=\"td-block-span12\">\n<div class=\"td_module_6 td_module_wrap td-animation-stack\">\n<div class=\"td-module-thumb\"><a href=\"https:\/\/r3media.ro\/tot-mai-multi-tineri-renunta-la-automatele-de-cafea-si-se-intorc-la-espressorul-manual\/\" rel=\"bookmark\" class=\"td-image-wrap \" title=\"Tot mai mul\u021bi tineri renun\u021b\u0103 la automatele de cafea \u0219i se \u00eentorc la espressorul manual\"><img loading=\"lazy\" decoding=\"async\" class=\"entry-thumb\" src=\"https:\/\/r3media.ro\/wp-content\/uploads\/2026\/09\/tot_mai_muli_tineri_renun_la_automatele_de_cafea_i_se_ntorc_la_espressorul_manual-100x70.jpg\" alt title=\"Tot mai mul\u021bi tineri renun\u021b\u0103 la automatele de cafea \u0219i se \u00eentorc la espressorul manual\" width=\"100\" height=\"70\"><\/a><\/div>\n<div class=\"item-details\">\n<h3 class=\"entry-title td-module-title\"><a href=\"https:\/\/r3media.ro\/tot-mai-multi-tineri-renunta-la-automatele-de-cafea-si-se-intorc-la-espressorul-manual\/\" rel=\"bookmark\" title=\"Tot mai mul\u021bi tineri renun\u021b\u0103 la automatele de cafea \u0219i se \u00eentorc la espressorul manual\">Tot mai mul\u021bi tineri renun\u021b\u0103 la automatele de cafea \u0219i se&#8230;<\/a><\/h3>\n<div class=\"td-module-meta-info\"><span class=\"td-post-date\"><time class=\"entry-date updated td-module-date\" datetime=\"2026-09-02T19:37:58+03:00\">02\/09\/2026<\/time><\/span><\/div>\n<\/div>\n<\/div>\n<\/div>\n<\/div>\n<\/div>\n<aside class=\"td_block_template_1 widget widget_recent_comments\">\n<h4 class=\"block-title\"><span>INTR\u0102 \u00ceN DISCU\u021aIE!<\/span><\/h4>\n<ul id=\"recentcomments\">\n<li class=\"recentcomments\"><span class=\"comment-author-link\">Cet\u0103\u021bean<\/span> la <a href=\"https:\/\/r3media.ro\/bucurestiul-anexa-berlinului-mae-al-romaniei-conoaca-ambasador-rusiei-pentru-incidente-germania\/#comment-40452\">Bucure\u0219tiul, anexa Berlinului. MAE al Rom\u00e2niei \u00eel convoac\u0103 pe ambasadorul Rusiei pentru incidente petrecute \u00een Germania<\/a><\/li>\n<li class=\"recentcomments\"><span class=\"comment-author-link\">E.T.<\/span> la <a href=\"https:\/\/r3media.ro\/oare-poporul-mai-are-rabdare\/#comment-40451\">Oare poporul mai are r\u0103bdare?<\/a><\/li>\n<li class=\"recentcomments\"><span class=\"comment-author-link\">anonim<\/span> la <a href=\"https:\/\/r3media.ro\/nicusor-dan-ito-2026-discursul-nu-a-starnit-entuziasm-printre-participanti\/#comment-40450\">Nicu\u0219or Dan, la deschiderea \u00cent\u00e2lnirii Tinerilor Ortodoc\u0219i 2026. Discursul nu a st\u00e2rnit entuziasm printre participan\u021bi<\/a><\/li>\n<li class=\"recentcomments\"><span class=\"comment-author-link\">Oct<\/span> la <a href=\"https:\/\/r3media.ro\/radu-georgescu-scadere-puternica-bursa-de-valori-bucuresti-bvb\/#comment-40449\">Radu Georgescu trage linie dup\u0103 o sc\u0103dere puternic\u0103 pe Bursa de Valori Bucure\u0219ti (BVB): S\u0103 fie economie<\/a><\/li>\n<li class=\"recentcomments\"><span class=\"comment-author-link\">David S<\/span> la <a href=\"https:\/\/r3media.ro\/radu-georgescu-scadere-puternica-bursa-de-valori-bucuresti-bvb\/#comment-40448\">Radu Georgescu trage linie dup\u0103 o sc\u0103dere puternic\u0103 pe Bursa de Valori Bucure\u0219ti (BVB): S\u0103 fie economie<\/a><\/li>\n<li class=\"recentcomments\"><span class=\"comment-author-link\">Un roman oarecare<\/span> la <a href=\"https:\/\/r3media.ro\/nemti-parasire-germania-afd-putere\/#comment-40447\">22% dintre nem\u021bi spun c\u0103 vor p\u0103r\u0103si \u021bara dac\u0103 AfD ajunge la putere<\/a><\/li>\n<li class=\"recentcomments\"><span class=\"comment-author-link\">Nelu<\/span> la <a href=\"https:\/\/r3media.ro\/nemti-parasire-germania-afd-putere\/#comment-40446\">22% dintre nem\u021bi spun c\u0103 vor p\u0103r\u0103si \u021bara dac\u0103 AfD ajunge la putere<\/a><\/li>\n<\/ul>\n<\/aside>\n<aside class=\"td_block_template_1 widget widget_search\">\n<h4 class=\"block-title\"><span>CAUT\u0102 \u0218I VEI G\u0102SI<\/span><\/h4>\n<\/aside>\n<\/div>\n<\/div>\n<\/div>\n<\/div>\n<\/div>\n<\/div>\n<\/div>\n<p><span class=\"td-page-meta\"><\/span><span class=\"td-page-meta\"><span class=\"td-page-meta\"><\/span><\/span><span class=\"td-page-meta\"><\/span><\/article>\n<\/p>\n<div class=\"td_block_wrap tdb_single_content tdi_20 td-pb-border-top td_block_template_1 td-post-content tagdiv-type\" data-td-block-uid=\"tdi_20\">\n<div class=\"tdb-block-inner td-fix-index\">\n<p><strong>Deputatul federal de Riverina, Michael McCormack, a declarat parlamentului c\u0103 accesul fiabil la <a href=\"https:\/\/r3media.ro\/tag\/disparitia-banilor-fizici-numerar\/\" target=\"_blank\" rel=\"noopener\">numerar<\/a> \u0219i servicii bancare r\u0103m\u00e2ne esen\u021bial pentru comunit\u0103\u021bile regionale, cum ar fi Grenfell, un ora\u0219 din Weddin Shire, \u00een centrul vest al New South Wales, potrivit <a href=\"https:\/\/www.grenfellrecord.com.au\/news\/mccormack-pushes-for-protection-of-cash-services-mzvwqhmk\" target=\"_blank\" rel=\"noopener\">Grenfell Record<\/a>.<\/strong><\/p>\n<p>El a \u021binut un discurs la debzaterea privind proiectul de lege despre cadrul de distribu\u021bie a numerarului din 2026. Conform lui McCormack, numerarul joac\u0103 \u00eenc\u0103 un rol important \u00een ora\u0219ele rurale. Asta se \u00eent\u00e2mpl\u0103 mai ales atunci c\u00e2nd sistemele de pl\u0103\u021bi electronice e\u0219ueaz\u0103. Totodat\u0103, el a atras aten\u021bia asupra situa\u021biilor de urgen\u021b\u0103 care perturb\u0103 re\u021belele de energie electric\u0103 \u0219i de telecomunica\u021bii.<\/p>\n<p>\u201eEste cu siguran\u021b\u0103 important s\u0103 ai \u00eentotdeauna ni\u0219te bani la tine. Nu \u0219tii niciodat\u0103 c\u00e2nd vei fi prins \u00eentr-o dificultate\u201d, a spus dl McCormack.<\/p>\n<p>El a sus\u021binut c\u0103, de\u0219i cardurile tap-and-go, serviciile bancare online \u0219i pl\u0103\u021bile mobile au devenit norma pentru mul\u021bi australieni, locuitorii de la \u021bar\u0103 continu\u0103 s\u0103 se bazeze pe numerar pentru tranzac\u021biile zilnice \u0219i ca rezerv\u0103 atunci c\u00e2nd tehnologia e\u0219ueaz\u0103.<\/p>\n<h2><strong>Accesul fiabil la numerar \u0219i servicii bancale r\u0103m\u00e2ne esen\u021bial pentru comunit\u0103\u021bile regionale<\/strong><\/h2>\n<p>\u00a0<\/p>\n<p>McCormack a subliniat, de asemenea, provocarea continu\u0103 a \u00eenchiderii sucursalelor bancare din Australia regional\u0103. El a spus c\u0103 \u00eentreprinderile locale, fermierii \u0219i locuitorii mai \u00een v\u00e2rst\u0103 pot fi dezavantaja\u021bi semnificativ de acest lucru.<\/p>\n<p>Pentru ora\u0219e precum Grenfell, accesul la serviciile bancare din apropiere r\u0103m\u00e2ne o problem\u0103 important\u0103, \u00een special pentru \u00eentreprinderile care \u00eenc\u0103 trebuie s\u0103 depun\u0103 \u00eencas\u0103ri, s\u0103 ob\u021bin\u0103 rest sau s\u0103 acceseze numerar pentru clien\u021bi \u0219i opera\u021biuni zilnice.<\/p>\n<p>\u201eF\u0103r\u0103 sucursalele bancare, \u00eentreprinderile, fermele \u0219i \u00een special persoanele \u00een v\u00e2rst\u0103 sufer\u0103 un dezavantaj imens \u00een compara\u021bie cu omologii lor din ora\u0219\u201d, a declarat dl McCormack.<\/p>\n<h2><strong>Milioane de australieni \u00eenc\u0103 folosesc numerar<\/strong><\/h2>\n<p>\u00a0<\/p>\n<p>Guvernul federal a elaborat acum un proiect de lege privind cadrul de distribu\u021bie a numerarului din 2026. Acesta \u00ee\u0219i propune s\u0103 stabileasc\u0103 un nou sistem de reglementare.<\/p>\n<p>Proiectul protejeaz\u0103 accesul la serviciile de retragere \u0219i depunere de numerar prin intermediul sucursalelor bancare, bancomatelor \u0219i altor p\u0103r\u021bi ale re\u021belei de numerar. De\u0219i utilizarea numerarului este \u00een sc\u0103dere la nivel na\u021bional, milioane de australieni \u00eenc\u0103 depind de moneda fizic\u0103, potrivit legisla\u021biei.<\/p>\n<h2><strong>Numerarul, o parte important\u0103 a vie\u021bii de zi cu zi<\/strong><\/h2>\n<p>\u00a0<\/p>\n<p>\u00cen plus, asigurarea accesului continuu la numerar este mai mult dec\u00e2t comoditate, \u00een special pentru comunit\u0103\u021bile din afara marilor ora\u0219e.<\/p>\n<p>\u201eOamenii din regiune sunt cei care men\u021bin luminile aprinse\u201d, a spus el. Comunit\u0103\u021bile rurale au fost descrise drept \u201ecoloana vertebral\u0103 a Australiei\u201d.<\/p>\n<p>Pentru mul\u021bi locuitori \u0219i companii din Grenfell \u0219i de pe Riverina, numerarul r\u0103m\u00e2ne o parte important\u0103 a vie\u021bii de zi cu zi. De asemenea, este un serviciu care merit\u0103 protejat pentru viitor.<\/p>\n<div class=\"crp_related     crp-masonry\">\n<h2>\u00ceN CONTEXT<\/h2>\n<ul>\n<li><a href=\"https:\/\/r3media.ro\/victorie-a-libertatii-slovenia-parlamentul-votat-introducere-constitutie-drept-utilizare-numerar-cetateni\/\" target=\"_blank\" class=\"crp_link post-114394\"><span class=\"crp_title\">Victorie a libert\u0103\u021bii \u00een Slovenia: Parlamentul a votat introducerea \u00een Constitu\u021bie a\u2026<\/span><\/a><\/li>\n<li><a href=\"https:\/\/r3media.ro\/stat-american-illinois-sprijina-utilizarea-numerarului\/\" target=\"_blank\" class=\"crp_link post-121716\"><span class=\"crp_title\">Statul american Illinois a decis s\u0103 sprijine masiv utilizarea numerarului<\/span><\/a><\/li>\n<li><a href=\"https:\/\/r3media.ro\/uber-introduce-plata-cash-noua-zeelanda-proiect-pilot-companie-acceptare-numerar-clienti\/\" target=\"_blank\" class=\"crp_link post-120843\"><span class=\"crp_title\">Uber introduce plata cash \u00een Noua Zeeland\u0103. Un proiect-pilot a ar\u0103tat companiei c\u0103\u2026<\/span><\/a><\/li>\n<li><a href=\"https:\/\/r3media.ro\/europenii-acumuleaza-numerar-bce-bani-fizici-cetateni-avans-plati-electronice\/\" target=\"_blank\" class=\"crp_link post-121355\"><span class=\"crp_title\">Europenii acumuleaz\u0103 din ce \u00een ce mai mult numerar. BCE constat\u0103 c\u0103 banii fizici r\u0103m\u00e2n\u2026<\/span><\/a><\/li>\n<li><a href=\"https:\/\/r3media.ro\/aproape-15-milioane-britanici-utilizare-cash-avans-plati-electronice\/\" target=\"_blank\" class=\"crp_link post-121420\"><span class=\"crp_title\">Aproape 1,5 milioane de britanici continu\u0103 s\u0103 foloseasc\u0103 doar cash, \u00een ciuda avansului\u2026<\/span><\/a><\/li>\n<li><a href=\"https:\/\/r3media.ro\/numerarul-uniunea-europeana-impuls-platile-digitale-zona-euro\/\" target=\"_blank\" class=\"crp_link post-121325\"><span class=\"crp_title\">Numerarul se men\u021bine ferm \u00een UE, \u00een ciuda impulsului pentru pl\u0103\u021bile digitale din zona euro<\/span><\/a><\/li>\n<li><a href=\"https:\/\/r3media.ro\/banca-centrala-europeana-bce-recomanda-pastrare-numerar-acasa-instabilitate-majora\/\" target=\"_blank\" class=\"crp_link post-113327\"><span class=\"crp_title\">Banca Central\u0103 European\u0103 (BCE) recomand\u0103 cet\u0103\u021benilor s\u0103 p\u0103streze acas\u0103 numerar \u201esuficient\u2026<\/span><\/a><\/li>\n<li><a href=\"https:\/\/r3media.ro\/gheorghe-piperea-euro-digital-obligatie-certificat-vaccinare\/\" target=\"_blank\" class=\"crp_link post-119733\"><span class=\"crp_title\">Europarlamentarul Gheorghe Piperea: Op\u021biunea pentru euro digital se va putea transforma \u00een\u2026<\/span><\/a><\/li>\n<\/ul>\n<\/div>\n<\/div>\n<\/div>\n<p>[analyse_source url=&#8221;https:\/\/r3media.ro\/deputat-australia-protejare-numerar-comunitati-regionale-bani-fizici\/&#8221;]<\/p>\n","protected":false},"excerpt":{"rendered":"<p>[analyse_image type=&#8221;featured&#8221; src=&#8221;https:\/\/r3media.ro\/wp-content\/uploads\/2026\/09\/dolari-australieni-scaled-e1788367822711.jpghttps:\/\/r3media.ro\/wp-content\/uploads\/2026\/09\/dolari-australieni-scaled-e1788367822711.jpg&#8221;] FEATUREDUn deputat australian face apel pentru protejarea numerarului \u00een comunit\u0103\u021bile regionale: Cash-ul&#8230; FEATURED\u0218TIRI Un deputat australian face apel pentru protejarea numerarului \u00een comunit\u0103\u021bile regionale: Cash-ul joac\u0103 un rol important \u00een aceste zone Oana Ivan 02\/09\/2026 Surs\u0103 &#8211; Unsplash Ad\u0103uga\u021bi R3media la sursele preferate din Google Deputatul federal de Riverina, Michael McCormack, a [&hellip;]<\/p>\n","protected":false},"author":1,"featured_media":0,"comment_status":"open","ping_status":"","sticky":false,"template":"","format":"standard","meta":{"footnotes":""},"categories":[89],"tags":[226,93],"class_list":["post-2125447","post","type-post","status-publish","format-standard","hentry","category-romania","tag-crawlmanager","tag-r3media-ro"],"_links":{"self":[{"href":"https:\/\/analyse.optim.biz\/index.php?rest_route=\/wp\/v2\/posts\/2125447","targetHints":{"allow":["GET"]}}],"collection":[{"href":"https:\/\/analyse.optim.biz\/index.php?rest_route=\/wp\/v2\/posts"}],"about":[{"href":"https:\/\/analyse.optim.biz\/index.php?rest_route=\/wp\/v2\/types\/post"}],"author":[{"embeddable":true,"href":"https:\/\/analyse.optim.biz\/index.php?rest_route=\/wp\/v2\/users\/1"}],"replies":[{"embeddable":true,"href":"https:\/\/analyse.optim.biz\/index.php?rest_route=%2Fwp%2Fv2%2Fcomments&post=2125447"}],"version-history":[{"count":0,"href":"https:\/\/analyse.optim.biz\/index.php?rest_route=\/wp\/v2\/posts\/2125447\/revisions"}],"wp:attachment":[{"href":"https:\/\/analyse.optim.biz\/index.php?rest_route=%2Fwp%2Fv2%2Fmedia&parent=2125447"}],"wp:term":[{"taxonomy":"category","embeddable":true,"href":"https:\/\/analyse.optim.biz\/index.php?rest_route=%2Fwp%2Fv2%2Fcategories&post=2125447"},{"taxonomy":"post_tag","embeddable":true,"href":"https:\/\/analyse.optim.biz\/index.php?rest_route=%2Fwp%2Fv2%2Ftags&post=2125447"}],"curies":[{"name":"wp","href":"https:\/\/api.w.org\/{rel}","templated":true}]}}