{"id":2125443,"date":"2026-09-03T01:26:48","date_gmt":"2026-09-02T22:26:48","guid":{"rendered":"https:\/\/analyse.optim.biz\/?p=2125443"},"modified":"2026-09-03T01:26:48","modified_gmt":"2026-09-02T22:26:48","slug":"decizia-unei-judecatoare-din-italia-dupa-ce-un-barbat-din-bangladesh-a-violat-o-adolescenta-de-13-ani-meloni-cine-explica-asta-familiei","status":"publish","type":"post","link":"https:\/\/analyse.optim.biz\/?p=2125443","title":{"rendered":"Decizia unei judec\u0103toare din Italia, dup\u0103 ce un b\u0103rbat din Bangladesh a violat o adolescent\u0103 de 13 ani. Meloni: \u201eCine explic\u0103 asta familiei?\u201d"},"content":{"rendered":"<p>[analyse_image type=&#8221;featured&#8221; src=&#8221;https:\/\/s2.ziareromania.ro\/?mmid=47ac956a6579871518&#8243;]<\/p>\n<div id=\"article__container\" class=\"news__container news__image__container\">\n<h1 class=\"news__title\" title=\"Decizia unei judec\u0103toare din Italia, dup\u0103 ce un b\u0103rbat din Bangladesh a violat o adolescent\u0103 de 13 ani. Meloni: \u201eCine explic\u0103 asta familiei?\u201d\">Decizia unei judec\u0103toare din Italia, dup\u0103 ce un b\u0103rbat din Bangladesh a violat o adolescent\u0103 de 13 ani. Meloni: \u201eCine explic\u0103 asta familiei?\u201d<\/h1>\n<\/div>\n<div class=\"news__info__content d-flex\">\n<div class=\"d-flex \">\n<div class=\"news__author mar10r\"> Autor: <span><a href=\"https:\/\/ziare.com\/autor\/dan-stan\"> Dan Stan <\/a><\/span><\/div>\n<div class=\"news__publish\">Miercuri, 02 Septembrie 2026, ora 18:28<\/div>\n<\/div>\n<div class=\"news__views\">2590 citiri<\/div>\n<\/div>\n<div class=\"stanga_stire news__image fleft article__marker\">\n<div class=\"news-image__content news__image__item\"><a class=\"news__image\" data-href=\"https:\/\/s2.ziareromania.ro\/?mmid=47ac956a6579871518\" data-size=\"1024x536\" title=\"Decizia unei judec\u0103toare din Italia, dup\u0103 ce un b\u0103rbat din Bangladesh a violat o adolescent\u0103 de 13 ani. Meloni: \u201eCine explic\u0103 asta familiei?\u201d\"><img decoding=\"async\" src=\"https:\/\/tb.ziareromania.ro\/Decizia-unei-judec--toare-din-Italia--dup---ce-un-b--rbat-din-Bangladesh-a-violat-o-adolescent---de-13-ani--Meloni-----Cine-explic---asta-familiei----\/47ac956a6579871518\/400\/225\/2\/100\/Decizia-unei-judec--toare-din-Italia--dup---ce-un-b--rbat-din-Bangladesh-a-violat-o-adolescent---de-13-ani--Meloni-----Cine-explic---asta-familiei----.jpg\" alt=\"Decizia unei judec\u0103toare din Italia, dup\u0103 ce un b\u0103rbat din Bangladesh a violat o adolescent\u0103 de 13 ani. Meloni: \u201eCine explic\u0103 asta familiei?\u201d\" title=\"Decizia unei judec\u0103toare din Italia, dup\u0103 ce un b\u0103rbat din Bangladesh a violat o adolescent\u0103 de 13 ani. Meloni: \u201eCine explic\u0103 asta familiei?\u201d\" class=\"img-responsive\"><\/a><\/p>\n<div class=\"news__caption\">B\u0103rbat re\u021binut FOTO \/Pexels<\/div>\n<\/div>\n<\/div>\n<div class=\"news__content descriere_main article__marker\">\n<p>Revolt\u0103 \u00een Italia, dup\u0103 ce un migrant din Bangladesh, care a violat o adolescent\u0103 de 13 ani, a fost eliberat din arest. Cet\u0103\u021beanul str\u0103in de 42 de ani a fost privat de libertate doar dou\u0103 nop\u021bi.<\/p>\n<p>Cet\u0103\u021beanul originar din Asia, stabilit \u00een Italia de doi ani, a agresat minora \u00eentr-un supermarket. Incidentul a avut loc la finalul lunii august, \u00een cartierul <a href=\"https:\/\/ziare.com\/madonna\/\" title=\"Madonna\">Madonna<\/a> di Campagna, din nordul ora\u0219ului Torino. Potrivit anchetatorilor, fata intrase \u00een minimarket pentru a cump\u0103ra sucuri pentru ea \u0219i fra\u021bii s\u0103i, iar b\u0103rbatul care lucra \u00een magazin a agresat-o sexual.<\/p>\n<p>Poli\u021bia l-a re\u021binut la scurt timp dup\u0103 incident. \u00cens\u0103, \u00een ciuda film\u0103rilor surprinse de camere, dup\u0103 doar dou\u0103 zile de arest, agresorul a fost eliberat. Decizia apar\u021bine unei judec\u0103toare, aspect care a generat revolte \u00een societate.<\/p>\n<p>\u201eCine explic\u0103 asta familiei?\u201d, a transmis premierul Giorgia Meloni, potrivit <a href=\"https:\/\/europeanconservative.com\/articles\/news\/italy-bangladeshi-migrant-rape-13-year-old-released-outrage-meloni\/\" target=\"_blank\" rel=\"nofollow\">presei interna\u021bionale<\/a>.<\/p>\n<\/div>\n<p>Magistratul a explicat c\u0103 suspectul nu are antecedente penale, c\u0103 angajatul din magazin a colaborat cu anchetatorii \u0219i c\u0103 \u0219i-a exprimat regretul. \u00cens\u0103, procurorii din Torino au anun\u021bat c\u0103 vor contesta decizia judec\u0103toarei. \u00cen plus, ministrul Justi\u021biei, Carlo Nordio, a dispus trimiterea unor inspectori la tribunal, pentru a verifica procedura \u00een urma c\u0103reia a fost eliberat agresorul din Bangladesh.<\/p>\n<p>\u00cenregistrarea ajuns\u0103 la magistra\u021bi are o durat\u0103 de aproximativ 40 de minute. \u00cen filmare se poate observa cum o alt\u0103 femeie, adult\u0103, a fost agresat\u0103 de acela\u0219i cet\u0103\u021bean.<\/p>\n","protected":false},"excerpt":{"rendered":"<p>[analyse_image type=&#8221;featured&#8221; src=&#8221;https:\/\/s2.ziareromania.ro\/?mmid=47ac956a6579871518&#8243;] Decizia unei judec\u0103toare din Italia, dup\u0103 ce un b\u0103rbat din Bangladesh a violat o adolescent\u0103 de 13 ani. Meloni: \u201eCine explic\u0103 asta familiei?\u201d Autor: Dan Stan Miercuri, 02 Septembrie 2026, ora 18:28 2590 citiri B\u0103rbat re\u021binut FOTO \/Pexels Revolt\u0103 \u00een Italia, dup\u0103 ce un migrant din Bangladesh, care a violat o adolescent\u0103 [&hellip;]<\/p>\n","protected":false},"author":1,"featured_media":0,"comment_status":"open","ping_status":"","sticky":false,"template":"","format":"standard","meta":{"footnotes":""},"categories":[89],"tags":[22],"class_list":["post-2125443","post","type-post","status-publish","format-standard","hentry","category-romania","tag-ziare-com"],"_links":{"self":[{"href":"https:\/\/analyse.optim.biz\/index.php?rest_route=\/wp\/v2\/posts\/2125443","targetHints":{"allow":["GET"]}}],"collection":[{"href":"https:\/\/analyse.optim.biz\/index.php?rest_route=\/wp\/v2\/posts"}],"about":[{"href":"https:\/\/analyse.optim.biz\/index.php?rest_route=\/wp\/v2\/types\/post"}],"author":[{"embeddable":true,"href":"https:\/\/analyse.optim.biz\/index.php?rest_route=\/wp\/v2\/users\/1"}],"replies":[{"embeddable":true,"href":"https:\/\/analyse.optim.biz\/index.php?rest_route=%2Fwp%2Fv2%2Fcomments&post=2125443"}],"version-history":[{"count":0,"href":"https:\/\/analyse.optim.biz\/index.php?rest_route=\/wp\/v2\/posts\/2125443\/revisions"}],"wp:attachment":[{"href":"https:\/\/analyse.optim.biz\/index.php?rest_route=%2Fwp%2Fv2%2Fmedia&parent=2125443"}],"wp:term":[{"taxonomy":"category","embeddable":true,"href":"https:\/\/analyse.optim.biz\/index.php?rest_route=%2Fwp%2Fv2%2Fcategories&post=2125443"},{"taxonomy":"post_tag","embeddable":true,"href":"https:\/\/analyse.optim.biz\/index.php?rest_route=%2Fwp%2Fv2%2Ftags&post=2125443"}],"curies":[{"name":"wp","href":"https:\/\/api.w.org\/{rel}","templated":true}]}}