{"id":2125439,"date":"2026-09-03T01:15:25","date_gmt":"2026-09-02T22:15:25","guid":{"rendered":"https:\/\/analyse.optim.biz\/?p=2125439"},"modified":"2026-09-03T01:15:25","modified_gmt":"2026-09-02T22:15:25","slug":"reactia-oficialilor-ucrainieni-dupa-ce-fia-a-ridicat-sanctiunile-rusiei-situatia-s-a-inrautatit","status":"publish","type":"post","link":"https:\/\/analyse.optim.biz\/?p=2125439","title":{"rendered":"Reac\u021bia oficialilor ucrainieni, dup\u0103 ce FIA a ridicat sanc\u021biunile Rusiei: \u201eSitua\u021bia s-a \u00eenr\u0103ut\u0103\u021bit\u201d"},"content":{"rendered":"<p>[analyse_image type=&#8221;featured&#8221; src=&#8221;https:\/\/s2.ziareromania.ro\/?mmid=c1eee56b2a668ddbd7&#8243;]<\/p>\n<div id=\"article__container\" class=\"news__container news__image__container\">\n<h1 class=\"news__title\" title=\"Reac\u021bia oficialilor ucrainieni, dup\u0103 ce FIA a ridicat sanc\u021biunile Rusiei: \u201eSitua\u021bia s-a \u00eenr\u0103ut\u0103\u021bit\u201d\">Reac\u021bia oficialilor ucrainieni, dup\u0103 ce FIA a ridicat sanc\u021biunile Rusiei: \u201eSitua\u021bia s-a \u00eenr\u0103ut\u0103\u021bit\u201d<\/h1>\n<\/div>\n<div class=\"news__info__content d-flex\">\n<div class=\"d-flex \">\n<div class=\"news__author mar10r\"> Autor: <span><a href=\"https:\/\/ziare.com\/autor\/iosif-pintilie\"> Iosif Pintilie <\/a><\/span><\/div>\n<div class=\"news__publish\">Miercuri, 02 Septembrie 2026, ora 18:27<\/div>\n<\/div>\n<div class=\"news__views\">637 citiri<\/div>\n<\/div>\n<div class=\"stanga_stire news__image fleft article__marker\">\n<div class=\"news-image__content news__image__item\"><a class=\"news__image\" data-href=\"https:\/\/s1.ziareromania.ro\/?mmid=c1eee56b2a668ddbd7\" data-size=\"1024x682\" title=\"Reac\u021bia oficialilor ucrainieni, dup\u0103 ce FIA a ridicat sanc\u021biunile Rusiei: \u201eSitua\u021bia s-a \u00eenr\u0103ut\u0103\u021bit\u201d\"><img decoding=\"async\" src=\"https:\/\/tb.ziareromania.ro\/Reac--ia-oficialilor-ucrainieni--dup---ce-FIA-a-ridicat-sanc--iunile-Rusiei-----Situa--ia-s-a---nr--ut----it---\/c1eee56b2a668ddbd7\/400\/225\/2\/100\/Reac--ia-oficialilor-ucrainieni--dup---ce-FIA-a-ridicat-sanc--iunile-Rusiei-----Situa--ia-s-a---nr--ut----it---.jpg\" alt=\"Reac\u021bia oficialilor ucrainieni, dup\u0103 ce FIA a ridicat sanc\u021biunile Rusiei: \u201eSitua\u021bia s-a \u00eenr\u0103ut\u0103\u021bit\u201d\" title=\"Reac\u021bia oficialilor ucrainieni, dup\u0103 ce FIA a ridicat sanc\u021biunile Rusiei: \u201eSitua\u021bia s-a \u00eenr\u0103ut\u0103\u021bit\u201d\" class=\"img-responsive\"><\/a><\/p>\n<div class=\"news__caption\">Logo-ul FIFA. Foto: X \/ @PitWallPixels<\/div>\n<\/div>\n<\/div>\n<div class=\"news__content descriere_main article__marker\">\n<p>Organismul de conducere al sporturilor cu motor, <a href=\"https:\/\/ziare.com\/formula-1\/fia\/\" title=\"FIA\">FIA<\/a>, a gre\u0219it c\u00e2nd a ridicat interdic\u021bia impus\u0103 ru\u0219ilor, deoarece nimic nu s-a schimbat de c\u00e2nd a fost instituit\u0103, afirm\u0103 ministrul ucrainean al Tineretului \u0219i Sportului, potrivit BBC.<\/p>\n<p>\u201eMotivele pentru care Rusia a fost exclus\u0103 din competi\u021biile sportive interna\u021bionale nu au disp\u0103rut. Nimic nu s-a schimbat, ba chiar situa\u021bia s-a \u00eenr\u0103ut\u0103\u021bit&#8221;, a declarat Matvii Bidnyi.<\/p>\n<p>Bidnyi a declarat c\u0103 gara central\u0103 din capitala ucrainean\u0103, Kiev, a fost bombardat\u0103 miercuri de o dron\u0103 rus\u0103, cu doar o or\u0103 \u00eenainte de a vorbi cu BBC Sport.<\/p>\n<p>\u201eAlarma aerian\u0103 tocmai se oprise\u201d, a spus Bidnyi. \u201eCopiii no\u0219tri, noi to\u021bi am ie\u0219it din ad\u0103postul antiaerian. Aceste atacuri continu\u0103 aproape \u00een fiecare zi. Rusia continu\u0103 agresiunea pe scar\u0103 larg\u0103 \u00eempotriva Ucrainei. Belarus poate continua s\u0103 ofere sprijin militar Rusiei. Cet\u0103\u021benii ucraineni sunt \u00eenc\u0103 uci\u0219i \u00een fiecare zi. Iar atacurile ruse\u0219ti devin din ce \u00een ce mai brutale. Nu \u00een\u021beleg, \u0219i nici poporul ucrainean, \u0219i \u0219tiu c\u0103 nici popoarele europene nu \u00een\u021beleg ce s-a \u00eent\u00e2mplat, de ce acum trebuie s\u0103 moder\u0103m aceast\u0103 politic\u0103.\u201d<\/p>\n<\/div>\n<p>Interdic\u021bia privind participarea concuren\u021bilor ru\u0219i \u0219i belaru\u0219i la evenimentele interna\u021bionale de sporturi cu motor a fost impus\u0103 \u00een februarie 2022, dup\u0103 ce <a href=\"https:\/\/ziare.com\/vladimir-putin\/\" title=\"Vladimir Putin\">Vladimir Putin<\/a> a ordonat invadarea Ucrainei.<\/p>\n<p>Aceasta a fost ridicat\u0103 la 3 august anul acesta, printr-o decizie a Consiliului Mondial al Sporturilor cu Motor al FIA. Aceast\u0103 m\u0103sur\u0103 a urmat dup\u0103 ce Asocia\u021bia Interna\u021bional\u0103 Olimpic\u0103, la care FIA este afiliat\u0103, \u0219i-a ridicat propria interdic\u021bie.<\/p>\n<p>Bidnyi a subliniat c\u0103 alte organiza\u021bii sportive nu au urmat aceast\u0103 cale, inclusiv World Athletics.<\/p>\n<p>\u201eC\u00e2nd o federa\u021bie ridic\u0103 interdic\u021bia \u0219i face pa\u0219i \u00een direc\u021bia agresorului, a statului terorist, este \u00eentotdeauna foarte, foarte trist\u201d, a spus el. \u201eEste o dezam\u0103gire uria\u0219\u0103 pentru toat\u0103 lumea din Ucraina. \u0218i consider\u0103m c\u0103 acest lucru submineaz\u0103 presiunea colectiv\u0103 pe care comunitatea interna\u021bional\u0103 a exercitat-o \u00eempotriva agresorului. Din p\u0103cate, exist\u0103 numeroase organiza\u021bii sportive interna\u021bionale care \u00eencearc\u0103 s\u0103 ridice interdic\u021biile pentru a reduce presiunea exercitat\u0103 asupra agresorului. Putem observa acest lucru \u00een federa\u021bii precum cele de judo, haltere \u0219i multe altele.<\/p>\n","protected":false},"excerpt":{"rendered":"<p>[analyse_image type=&#8221;featured&#8221; src=&#8221;https:\/\/s2.ziareromania.ro\/?mmid=c1eee56b2a668ddbd7&#8243;] Reac\u021bia oficialilor ucrainieni, dup\u0103 ce FIA a ridicat sanc\u021biunile Rusiei: \u201eSitua\u021bia s-a \u00eenr\u0103ut\u0103\u021bit\u201d Autor: Iosif Pintilie Miercuri, 02 Septembrie 2026, ora 18:27 637 citiri Logo-ul FIFA. Foto: X \/ @PitWallPixels Organismul de conducere al sporturilor cu motor, FIA, a gre\u0219it c\u00e2nd a ridicat interdic\u021bia impus\u0103 ru\u0219ilor, deoarece nimic nu s-a schimbat de [&hellip;]<\/p>\n","protected":false},"author":1,"featured_media":0,"comment_status":"open","ping_status":"","sticky":false,"template":"","format":"standard","meta":{"footnotes":""},"categories":[89],"tags":[22],"class_list":["post-2125439","post","type-post","status-publish","format-standard","hentry","category-romania","tag-ziare-com"],"_links":{"self":[{"href":"https:\/\/analyse.optim.biz\/index.php?rest_route=\/wp\/v2\/posts\/2125439","targetHints":{"allow":["GET"]}}],"collection":[{"href":"https:\/\/analyse.optim.biz\/index.php?rest_route=\/wp\/v2\/posts"}],"about":[{"href":"https:\/\/analyse.optim.biz\/index.php?rest_route=\/wp\/v2\/types\/post"}],"author":[{"embeddable":true,"href":"https:\/\/analyse.optim.biz\/index.php?rest_route=\/wp\/v2\/users\/1"}],"replies":[{"embeddable":true,"href":"https:\/\/analyse.optim.biz\/index.php?rest_route=%2Fwp%2Fv2%2Fcomments&post=2125439"}],"version-history":[{"count":0,"href":"https:\/\/analyse.optim.biz\/index.php?rest_route=\/wp\/v2\/posts\/2125439\/revisions"}],"wp:attachment":[{"href":"https:\/\/analyse.optim.biz\/index.php?rest_route=%2Fwp%2Fv2%2Fmedia&parent=2125439"}],"wp:term":[{"taxonomy":"category","embeddable":true,"href":"https:\/\/analyse.optim.biz\/index.php?rest_route=%2Fwp%2Fv2%2Fcategories&post=2125439"},{"taxonomy":"post_tag","embeddable":true,"href":"https:\/\/analyse.optim.biz\/index.php?rest_route=%2Fwp%2Fv2%2Ftags&post=2125439"}],"curies":[{"name":"wp","href":"https:\/\/api.w.org\/{rel}","templated":true}]}}