{"id":2125437,"date":"2026-09-03T01:20:00","date_gmt":"2026-09-02T22:20:00","guid":{"rendered":"https:\/\/analyse.optim.biz\/?p=2125437"},"modified":"2026-09-03T01:20:00","modified_gmt":"2026-09-02T22:20:00","slug":"catalin-maruta-colega-surpriza-la-furnicutele-ce-spune-prezentatorul-despre-aparitia-unei-noi-vedete-in-emisiune","status":"publish","type":"post","link":"https:\/\/analyse.optim.biz\/?p=2125437","title":{"rendered":"C\u0103t\u0103lin M\u0103ru\u021b\u0103, coleg\u0103-surpriz\u0103 la \u201eFurnicu\u021bele\u201d? Ce spune prezentatorul despre apari\u021bia unei noi vedete \u00een emisiune"},"content":{"rendered":"<p>[analyse_image type=&#8221;featured&#8221; src=&#8221;https:\/\/s2.ziareromania.ro\/?mmid=5527a56a777705b308&#8243;]<\/p>\n<div id=\"article__container\" class=\"news__container news__image__container\">\n<h1 class=\"news__title\" title=\"C\u0103t\u0103lin M\u0103ru\u021b\u0103, coleg\u0103-surpriz\u0103 la \u201eFurnicu\u021bele\u201d? Ce spune prezentatorul despre apari\u021bia unei noi vedete \u00een emisiune\">C\u0103t\u0103lin M\u0103ru\u021b\u0103, coleg\u0103-surpriz\u0103 la \u201eFurnicu\u021bele\u201d? Ce spune prezentatorul despre apari\u021bia unei noi vedete \u00een emisiune<\/h1>\n<\/div>\n<div class=\"news__info__content d-flex\">\n<div class=\"d-flex \">\n<div class=\"news__author mar10r\"> Autor: <span><a href=\"https:\/\/ziare.com\/autor\/andrada-dumitrescu\"> Andrada Dumitrescu <\/a><\/span><\/div>\n<div class=\"news__publish\">Miercuri, 02 Septembrie 2026, ora 18:27<\/div>\n<\/div>\n<div class=\"news__views\">1541 citiri<\/div>\n<\/div>\n<div class=\"stanga_stire news__image fleft article__marker\">\n<div class=\"news-image__content news__image__item\"><a class=\"news__image\" data-href=\"https:\/\/s2.ziareromania.ro\/?mmid=5527a56a777705b308\" data-size=\"1024x579\" title=\"C\u0103t\u0103lin M\u0103ru\u021b\u0103, coleg\u0103-surpriz\u0103 la \u201eFurnicu\u021bele\u201d? Ce spune prezentatorul despre apari\u021bia unei noi vedete \u00een emisiune\"><img decoding=\"async\" src=\"https:\/\/tb.ziareromania.ro\/C--t--lin-M--ru------coleg---surpriz---la----Furnicu--ele-----Ce-spune-prezentatorul-despre-apari--ia-unei-noi-vedete---n-emisiune\/5527a56a777705b308\/400\/225\/2\/100\/C--t--lin-M--ru------coleg---surpriz---la----Furnicu--ele-----Ce-spune-prezentatorul-despre-apari--ia-unei-noi-vedete---n-emisiune.jpg\" alt=\"C\u0103t\u0103lin M\u0103ru\u021b\u0103, coleg\u0103-surpriz\u0103 la \u201eFurnicu\u021bele\u201d? Ce spune prezentatorul despre apari\u021bia unei noi vedete \u00een emisiune\" title=\"C\u0103t\u0103lin M\u0103ru\u021b\u0103, coleg\u0103-surpriz\u0103 la \u201eFurnicu\u021bele\u201d? Ce spune prezentatorul despre apari\u021bia unei noi vedete \u00een emisiune\" class=\"img-responsive\"><\/a><\/p>\n<div class=\"news__caption\">C\u0103t\u0103lin M\u0103ru\u021b\u0103. Foto: Facebook\/M\u0103ru\u021b\u0103<\/div>\n<\/div>\n<\/div>\n<div class=\"news__content descriere_main article__marker\">\n<p>C\u0103t\u0103lin M\u0103ru\u021b\u0103 se preg\u0103te\u0219te s\u0103 debuteze la Antena 1, pe 7 septembrie 2026, c\u00e2nd va fi difuzat\u0103 prima edi\u021bie a celui de-al doilea sezon \u201eFurnicu\u021bele\u201d. Prezentatorul a preluat \u0219tafeta de la <a href=\"https:\/\/ziare.com\/denise-rifai\/\" title=\"Denise Rifai\">Denise Rifai<\/a>, \u00eens\u0103 noua formul\u0103 a emisiunii ar putea s\u0103 nu r\u0103m\u00e2n\u0103 mult timp \u00een trei. M\u0103ru\u021b\u0103 a vorbit despre posibilitatea ca o femeie s\u0103 se al\u0103ture echipei \u0219i a dezv\u0103luit de unde a pornit, de fapt, aceast\u0103 idee.<\/p>\n<p>Potrivit prezentatorului, discu\u021bia a \u00eenceput \u00een timpul film\u0103rilor, dup\u0103 ce Scam\u0103 i-ar fi cerut \u00een repetate r\u00e2nduri s\u0103 aduc\u0103 o prezen\u021b\u0103 feminin\u0103 \u00een echip\u0103. R\u0103spunsul lui M\u0103ru\u021b\u0103 a ajuns ulterior s\u0103 fie inclus \u00een promo-ul emisiunii, de\u0219i, la momentul respectiv, nu era vorba despre o promisiune concret\u0103.<\/p>\n<p>\u201ePovestea asta a plecat de la Scam\u0103, care \u00eentotdeauna face declara\u021bii invita\u021bilor. Iar Scam\u0103 m-a \u00eentrebat de fiecare dat\u0103: M\u0103ru\u021b\u0103, suntem aici, Oase, Ciuc\u0103, noi doi, tu\u2026 Nu ne aduci \u0219i nou\u0103 o prezen\u021b\u0103 feminin\u0103? \u0218i am zis: Ba da, v\u0103 aduc una frumoas\u0103 \u0219i de\u0219teapt\u0103! Era o poveste pentru promo. Dar el a luat-o ca o promisiune! Acum, dac\u0103 se va \u00eent\u00e2mpla sau dac\u0103 se va \u00eendeplini, r\u0103m\u00e2ne de v\u0103zut.\u201d, a spus el pentru <a href=\"https:\/\/www.libertatea.ro\/entertainment\/catalin-maruta-detalii-despre-schimbarea-de-la-antena-1-cine-e-noua-colega-propusa-la-furnicutele-exclusiv-5871734\" target=\"_blank\" rel=\"nofollow\">Libertatea<\/a>.<\/p>\n<\/div>\n<h2>Pe cine au vrut \u00een echipa \u201eFurnicu\u021bele\u201d<\/h2>\n<p>M\u0103ru\u021b\u0103 a dezv\u0103luit c\u0103 echipa s-a g\u00e2ndit deja la o posibil\u0103 coleg\u0103. Este vorba despre Barbie, o coleg\u0103 blond\u0103 din echipa emisiunii, care \u00eens\u0103 nu \u0219i-a dorit s\u0103 apar\u0103 \u00een fa\u021ba camerelor.<\/p>\n<p>\u201eAm \u00eencercat s\u0103 o convingem pe Barbie, colega noastr\u0103 cea blond\u0103. Dar deocamdat\u0103, ea ne-a refuzat! Ne-a zis: Eu nu vreau s\u0103 apar la televizor, mie \u00eemi place \u00een spatele camerelor de filmat.\u201d<\/p>\n<p>Chiar dac\u0103 prima variant\u0103 nu a acceptat propunerea, prezentatorul las\u0103 deschis\u0103 posibilitatea ca o alt\u0103 femeie s\u0103 apar\u0103 \u00een emisiune. M\u0103ru\u021b\u0103 spune c\u0103 formatul este unul foarte dinamic \u0219i c\u0103 echipa se poate modifica de la o s\u0103pt\u0103m\u00e2n\u0103 la alta, \u00een func\u021bie de invita\u021bi \u0219i de ceea ce se \u00eent\u00e2mpl\u0103 \u00een platou.<\/p>\n<p>\u201e\u0218tii care e povestea? Emisiunea asta este una extrem de dinamic\u0103. O emisiune care, \u00een func\u021bie de invitat, se schimb\u0103 de fiecare dat\u0103\u2026 Este o emisiune \u00een care \u00eencerc\u0103m s\u0103 ne bucur\u0103m noi, cei de aici, s\u0103 transmitem o energie bun\u0103 celor de acas\u0103. \u0218i e oric\u00e2nd posibil s\u0103 mai apar\u0103 cineva. Ne dorim! De asta zic: e o emisiune at\u00e2t de dinamic\u0103, \u00eenc\u00e2t s-ar putea de la s\u0103pt\u0103m\u00e2n\u0103 la s\u0103pt\u0103m\u00e2n\u0103 s\u0103 se \u00eent\u00e2mple c\u00e2te ceva\u201d, a spus C\u0103t\u0103lin M\u0103ru\u021b\u0103.<\/p>\n","protected":false},"excerpt":{"rendered":"<p>[analyse_image type=&#8221;featured&#8221; src=&#8221;https:\/\/s2.ziareromania.ro\/?mmid=5527a56a777705b308&#8243;] C\u0103t\u0103lin M\u0103ru\u021b\u0103, coleg\u0103-surpriz\u0103 la \u201eFurnicu\u021bele\u201d? Ce spune prezentatorul despre apari\u021bia unei noi vedete \u00een emisiune Autor: Andrada Dumitrescu Miercuri, 02 Septembrie 2026, ora 18:27 1541 citiri C\u0103t\u0103lin M\u0103ru\u021b\u0103. Foto: Facebook\/M\u0103ru\u021b\u0103 C\u0103t\u0103lin M\u0103ru\u021b\u0103 se preg\u0103te\u0219te s\u0103 debuteze la Antena 1, pe 7 septembrie 2026, c\u00e2nd va fi difuzat\u0103 prima edi\u021bie a celui de-al [&hellip;]<\/p>\n","protected":false},"author":1,"featured_media":0,"comment_status":"open","ping_status":"","sticky":false,"template":"","format":"standard","meta":{"footnotes":""},"categories":[89],"tags":[226,22],"class_list":["post-2125437","post","type-post","status-publish","format-standard","hentry","category-romania","tag-crawlmanager","tag-ziare-com"],"_links":{"self":[{"href":"https:\/\/analyse.optim.biz\/index.php?rest_route=\/wp\/v2\/posts\/2125437","targetHints":{"allow":["GET"]}}],"collection":[{"href":"https:\/\/analyse.optim.biz\/index.php?rest_route=\/wp\/v2\/posts"}],"about":[{"href":"https:\/\/analyse.optim.biz\/index.php?rest_route=\/wp\/v2\/types\/post"}],"author":[{"embeddable":true,"href":"https:\/\/analyse.optim.biz\/index.php?rest_route=\/wp\/v2\/users\/1"}],"replies":[{"embeddable":true,"href":"https:\/\/analyse.optim.biz\/index.php?rest_route=%2Fwp%2Fv2%2Fcomments&post=2125437"}],"version-history":[{"count":0,"href":"https:\/\/analyse.optim.biz\/index.php?rest_route=\/wp\/v2\/posts\/2125437\/revisions"}],"wp:attachment":[{"href":"https:\/\/analyse.optim.biz\/index.php?rest_route=%2Fwp%2Fv2%2Fmedia&parent=2125437"}],"wp:term":[{"taxonomy":"category","embeddable":true,"href":"https:\/\/analyse.optim.biz\/index.php?rest_route=%2Fwp%2Fv2%2Fcategories&post=2125437"},{"taxonomy":"post_tag","embeddable":true,"href":"https:\/\/analyse.optim.biz\/index.php?rest_route=%2Fwp%2Fv2%2Ftags&post=2125437"}],"curies":[{"name":"wp","href":"https:\/\/api.w.org\/{rel}","templated":true}]}}