{"id":2125434,"date":"2026-09-01T13:10:11","date_gmt":"2026-09-01T10:10:11","guid":{"rendered":"https:\/\/analyse.optim.biz\/?p=2125434"},"modified":"2026-09-01T13:10:11","modified_gmt":"2026-09-01T10:10:11","slug":"grupul-suveranist-din-pnl-s-a-marit-senator-ales-pe-listele-pot-s-a-afiliat-grupului-pnl-din-senat-surse","status":"publish","type":"post","link":"https:\/\/analyse.optim.biz\/?p=2125434","title":{"rendered":"Grupul suveranist din PNL s-a m\u0103rit: senator ales pe listele POT s-a afiliat grupului PNL din Senat (surse)"},"content":{"rendered":"<p>[analyse_image type=&#8221;featured&#8221; src=&#8221;https:\/\/radiogoldfm.ro\/wp-content\/uploads\/2026\/09\/plen-senat_hj2nk-1.webphttps:\/\/radiogoldfm.ro\/wp-content\/uploads\/2026\/09\/plen-senat_hj2nk-1.webp&#8221;]<\/p>\n<div class=\"qt-the-content\">\n<p><strong>Grupul PNL din Senat va avea, \u00eencep\u00e2nd de azi, un nou membru, prin afilierea unui senator ales pe listele POT, au declarat surse din partid pentru \u0218tiripesurse.ro.<\/strong><\/p>\n<p>S-a afliat grupului PNL \u0219i o s\u0103 fac\u0103 anun\u021bul oficial \u00een plen senatorul\u00a0<strong>Liviu-Iulian Fodoca (47 de ani)<\/strong>, aflat la primul mandat \u0219i care a fost ales pe listele POT \u00een jude\u021bul S\u0103laj.<\/p>\n<p>Dup\u0103 desfiin\u021barea grupului POT din Senat, Fodoca r\u0103m\u0103sese senator neafiliat \u0219i acum se mut\u0103 \u00een grupul PNL.<\/p>\n<p>Liberalii \u00ee\u0219i m\u0103resc astfel echipa cu al patrulea senator reprezentant al mi\u0219c\u0103rii politice suveraniste.<\/p>\n<p>\u00cen grupul PNL din Senat au mai intrat senatorii Dorin Petrea \u0219i Grigore-Adrian Peiu (ale\u0219i pe listele SOS) \u0219i \u0218tefan Bor\u021bun (ales pe listele POT).<\/p>\n<p>Trecerea lui Fodoca \u00een tab\u0103ra PNL este primul transfer care se petrece dup\u0103 vacan\u021ba parlamentar\u0103 \u0219i \u00eenaintea desemn\u0103rii noului premier de c\u0103tre pre\u0219edintele Nicu\u0219or Dan.<\/p>\n<p><em><strong>surs\u0103: <a href=\"https:\/\/www.stiripesurse.ro\/pnl-senat-grup-fodoca-iulian-liviu-afiliat-pot_3916541\">stiripesurse.ro<\/a><\/strong><\/em><\/p>\n<div class=\"tagcloud qt-spacer-m\"><span class=\"qt-title\">Tagged as <\/span><a href=\"https:\/\/radiogoldfm.ro\/tag\/gold-fm\/\" rel=\"tag\">GOLD FM<\/a><a href=\"https:\/\/radiogoldfm.ro\/tag\/parlament\/\" rel=\"tag\">parlament<\/a><a href=\"https:\/\/radiogoldfm.ro\/tag\/pnl\/\" rel=\"tag\">pnl<\/a><a href=\"https:\/\/radiogoldfm.ro\/tag\/romania\/\" rel=\"tag\">romania<\/a><\/div>\n<div class=\"qt-post-author qt-card\">\n<div class=\"row\">\n<div class=\"qt-post-author-data col s10 m7 l7\">\n<h6>Profil<\/h6>\n<h4><a href=\"https:\/\/radiogoldfm.ro\/grupul-suveranist-din-pnl-s-a-marit-senator-ales-pe-listele-pot-s-a-afiliat-grupului-pnl-din-senat-surse\/#author_page\">Gold FM Radio<\/a><\/h4>\n<\/div>\n<div class=\"qt-post-author-link col s12 m3 l4 \"><a href=\"https:\/\/radiogoldfm.ro\/author\/gold-fm\/\" class=\"qt-btn qt-btn-large qt-btn-primary aligncenter\">Arhiva postari<\/a><\/div>\n<\/div>\n<\/div>\n<\/div>\n<p>[analyse_source url=&#8221;https:\/\/radiogoldfm.ro\/grupul-suveranist-din-pnl-s-a-marit-senator-ales-pe-listele-pot-s-a-afiliat-grupului-pnl-din-senat-surse\/&#8221;]<\/p>\n","protected":false},"excerpt":{"rendered":"<p>[analyse_image type=&#8221;featured&#8221; src=&#8221;https:\/\/radiogoldfm.ro\/wp-content\/uploads\/2026\/09\/plen-senat_hj2nk-1.webphttps:\/\/radiogoldfm.ro\/wp-content\/uploads\/2026\/09\/plen-senat_hj2nk-1.webp&#8221;] Grupul PNL din Senat va avea, \u00eencep\u00e2nd de azi, un nou membru, prin afilierea unui senator ales pe listele POT, au declarat surse din partid pentru \u0218tiripesurse.ro. S-a afliat grupului PNL \u0219i o s\u0103 fac\u0103 anun\u021bul oficial \u00een plen senatorul\u00a0Liviu-Iulian Fodoca (47 de ani), aflat la primul mandat \u0219i care a fost [&hellip;]<\/p>\n","protected":false},"author":1,"featured_media":0,"comment_status":"open","ping_status":"","sticky":false,"template":"","format":"standard","meta":{"footnotes":""},"categories":[89],"tags":[226,96],"class_list":["post-2125434","post","type-post","status-publish","format-standard","hentry","category-romania","tag-crawlmanager","tag-radiogoldfm-ro"],"_links":{"self":[{"href":"https:\/\/analyse.optim.biz\/index.php?rest_route=\/wp\/v2\/posts\/2125434","targetHints":{"allow":["GET"]}}],"collection":[{"href":"https:\/\/analyse.optim.biz\/index.php?rest_route=\/wp\/v2\/posts"}],"about":[{"href":"https:\/\/analyse.optim.biz\/index.php?rest_route=\/wp\/v2\/types\/post"}],"author":[{"embeddable":true,"href":"https:\/\/analyse.optim.biz\/index.php?rest_route=\/wp\/v2\/users\/1"}],"replies":[{"embeddable":true,"href":"https:\/\/analyse.optim.biz\/index.php?rest_route=%2Fwp%2Fv2%2Fcomments&post=2125434"}],"version-history":[{"count":0,"href":"https:\/\/analyse.optim.biz\/index.php?rest_route=\/wp\/v2\/posts\/2125434\/revisions"}],"wp:attachment":[{"href":"https:\/\/analyse.optim.biz\/index.php?rest_route=%2Fwp%2Fv2%2Fmedia&parent=2125434"}],"wp:term":[{"taxonomy":"category","embeddable":true,"href":"https:\/\/analyse.optim.biz\/index.php?rest_route=%2Fwp%2Fv2%2Fcategories&post=2125434"},{"taxonomy":"post_tag","embeddable":true,"href":"https:\/\/analyse.optim.biz\/index.php?rest_route=%2Fwp%2Fv2%2Ftags&post=2125434"}],"curies":[{"name":"wp","href":"https:\/\/api.w.org\/{rel}","templated":true}]}}