{"id":2125433,"date":"2026-09-03T01:20:41","date_gmt":"2026-09-02T22:20:41","guid":{"rendered":"https:\/\/analyse.optim.biz\/?p=2125433"},"modified":"2026-09-03T01:20:41","modified_gmt":"2026-09-02T22:20:41","slug":"general-roman-despre-sabotajul-rusiei-din-germania-actiuni-de-acest-gen-au-avut-loc-deja-si-la-noi","status":"publish","type":"post","link":"https:\/\/analyse.optim.biz\/?p=2125433","title":{"rendered":"General rom\u00e2n, despre sabotajul Rusiei din Germania: \u201dAc\u021biuni de acest gen au avut loc deja \u0219i la noi\u201d"},"content":{"rendered":"<p>[analyse_image type=&#8221;featured&#8221; src=&#8221;https:\/\/s1.ziareromania.ro\/?mmid=e272d56b2a64861566&#8243;]<\/p>\n<div id=\"article__container\" class=\"news__container news__image__container\">\n<h1 class=\"news__title\" title=\"General rom\u00e2n, despre sabotajul Rusiei din Germania: \u201dAc\u021biuni de acest gen au avut loc deja \u0219i la noi\u201d\">General rom\u00e2n, despre sabotajul Rusiei din Germania: \u201dAc\u021biuni de acest gen au avut loc deja \u0219i la noi\u201d<\/h1>\n<\/div>\n<div class=\"news__info__content d-flex\">\n<div class=\"d-flex \">\n<div class=\"news__author mar10r\"> Autor: <span><a href=\"https:\/\/ziare.com\/autor\/aniela-manolea\"> Aniela Manolea <\/a><\/span><\/div>\n<div class=\"news__publish\">Miercuri, 02 Septembrie 2026, ora 18:21<\/div>\n<\/div>\n<div class=\"news__views\">843 citiri<\/div>\n<\/div>\n<div class=\"stanga_stire news__image fleft article__marker\">\n<div class=\"news-image__content news__image__item\"><a class=\"news__image\" data-href=\"https:\/\/s2.ziareromania.ro\/?mmid=e272d56b2a64861566\" data-size=\"1024x759\" title=\"General rom\u00e2n, despre sabotajul Rusiei din Germania: \u201dAc\u021biuni de acest gen au avut loc deja \u0219i la noi\u201d\"><img decoding=\"async\" src=\"https:\/\/tb.ziareromania.ro\/General-rom--n--despre-sabotajul-Rusiei-din-Germania-----Ac--iuni-de-acest-gen-au-avut-loc-deja---i-la-noi---\/e272d56b2a64861566\/400\/225\/2\/100\/General-rom--n--despre-sabotajul-Rusiei-din-Germania-----Ac--iuni-de-acest-gen-au-avut-loc-deja---i-la-noi---.jpg\" alt=\"General rom\u00e2n, despre sabotajul Rusiei din Germania: \u201dAc\u021biuni de acest gen au avut loc deja \u0219i la noi\u201d\" title=\"General rom\u00e2n, despre sabotajul Rusiei din Germania: \u201dAc\u021biuni de acest gen au avut loc deja \u0219i la noi\u201d\" class=\"img-responsive\"><\/a><\/p>\n<div class=\"news__caption\">General rom\u00e2n, despre sabotajul Rusiei din Germania FOTO Facebook \/Ministerul Apararii Nationale<\/div>\n<\/div>\n<\/div>\n<div class=\"news__content descriere_main article__marker\">\n<p>Fostul comandant al For\u021belor pentru Opera\u021bii Speciale, generalul Marius Cr\u0103ciun, a avertizat miercuri, 2 septembrie, c\u0103 ac\u021biunile de sabotaj ale Rusiei \u00een Germania, calificate de Berlin drept \u201er\u0103zboi hibrid\u201d, au avut deja loc \u0219i \u00een Rom\u00e2nia. \u021aara noastr\u0103 are de-a face cu un \u201epericol latent\u201d, spune generalul.<\/p>\n<p>Germania a acuzat oficial <a href=\"https:\/\/ziare.com\/international\/rusia\/\" title=\"Rusia\">Rusia<\/a> de tentativa de atac cu dron\u0103 de pe aeroportul din Leipzig \u00een cadrul unui \u201er\u0103zboi hibrid\u201d, iar tentativele de sabotaj ale Moscovei vizeaz\u0103 numeroase \u021b\u0103ri europene, printre care \u0219i Rom\u00e2nia.<\/p>\n<p>\u201eAc\u021biuni de acest gen au avut loc deja \u0219i la noi, \u00een Rom\u00e2nia. Numai c\u0103 noi p\u00e2n\u0103 acum am fost reticen\u021bi s\u0103 anun\u021b\u0103m public dac\u0103 a fost <a href=\"https:\/\/ziare.com\/international\/atentat\/\" title=\"atentat\">atentat<\/a> sau nu. Probabil c\u0103 organele statului \u00eenc\u0103 ancheteaz\u0103 unele dintre ele, dar nu au dorit s\u0103 fac\u0103 public nici o concluzie. Dar \u0219i la noi s-au \u00eent\u00e2mplat, dac\u0103 v\u0103 aduce\u021bi aminte, \u00een general incendii greu de explicat, de la tot felul de incidente aparent inexplicabile, p\u00e2n\u0103 la unele care au vizat fabricile de armament\u201d, a explicat generalul Marius Cr\u0103ciun pentru <a href=\"https:\/\/adevarul.ro\/securitate-si-aparare\/atacul-cu-drone-din-germania-parte-din-noua-2553605.html\" target=\"_blank\" rel=\"nofollow\">Adev\u0103rul<\/a>.<\/p>\n<\/div>\n<p>Generalul spune c\u0103 este nevoie de o comunicare mai bun\u0103 \u00eentre structurile statului \u0219i popula\u021bie.<\/p>\n<p>\u201e\u00cen opinia mea, cred c\u0103 trebuie comunicat la nivelul Serviciului Rom\u00e2n de Informa\u021bie, la nivelul Ministerului de Interne, trebuie comunicat mai bine cu popula\u021bia. Trebuie explicat, oamenilor trebuie s\u0103 li se spun\u0103 c\u0103 toate lucrurile care le v\u0103d \u0219i li se par suspecte s\u0103 fie raportate (&#8230;) undeva toate aceste buc\u0103\u021bele se adun\u0103 \u0219i se asambleaz\u0103 puzzle-ul. \u0218i se pot trage concluzii extraordinar de importante pentru securitatea Rom\u00e2niei\u201d, a explicat fostul comandant al For\u021belor pentru Opera\u021bii Speciale.<\/p>\n<p>Generalul consider\u0103 c\u0103 <a href=\"https:\/\/ziare.com\/international\/republica-moldova\/\" title=\"Republica Moldova\">Republica Moldova<\/a> este mai bine preg\u0103tit\u0103 dec\u00e2t Rom\u00e2nia cu privire la r\u0103zboiul hibrid al Moscovei, dar \u021bara noastr\u0103 se afla \u00eentr-un pericol latent.<\/p>\n<p>\u201eSuntem expu\u0219i \u0219i suntem \u00een pericol pentru c\u0103 suntem \u00een e\u0219alonul 2. (&#8230;) (Republica Moldova, n.r.) s-a descurcat \u0219i se descurc\u0103 ceva mai bine dec\u00e2t Rom\u00e2nia. Pentru c\u0103 ei sunt mai l\u0103muri\u021bi, organele statului, structura de informa\u021bie a Chi\u0219in\u0103ului, sunt mai obi\u0219nui\u021bi cu ru\u0219ii, probabil au \u0219i mai mul\u021bi vorbitori de limb\u0103 rus\u0103, \u00een\u021beleg mai bine fenomenul \u0219i p\u00e2n\u0103 acum cred c\u0103 l-au gestionat suficient de bine. Dar da, suntem \u00eentr-un pericol, e un pericol latent. \u0218i c\u00e2nd zic c\u0103 ne afl\u0103m \u00een pericol, m\u0103 refer la faptul c\u0103 exist\u0103 riscul ca acest r\u0103zboi hibrid s\u0103 se intensifice, mai ales c\u0103 vedem c\u0103 da, Rusia \u00ee\u0219i schimb\u0103 strategia din mers\u201d, a mai explicat generalul rom\u00e2n.<\/p>\n","protected":false},"excerpt":{"rendered":"<p>[analyse_image type=&#8221;featured&#8221; src=&#8221;https:\/\/s1.ziareromania.ro\/?mmid=e272d56b2a64861566&#8243;] General rom\u00e2n, despre sabotajul Rusiei din Germania: \u201dAc\u021biuni de acest gen au avut loc deja \u0219i la noi\u201d Autor: Aniela Manolea Miercuri, 02 Septembrie 2026, ora 18:21 843 citiri General rom\u00e2n, despre sabotajul Rusiei din Germania FOTO Facebook \/Ministerul Apararii Nationale Fostul comandant al For\u021belor pentru Opera\u021bii Speciale, generalul Marius Cr\u0103ciun, a [&hellip;]<\/p>\n","protected":false},"author":1,"featured_media":0,"comment_status":"open","ping_status":"","sticky":false,"template":"","format":"standard","meta":{"footnotes":""},"categories":[89],"tags":[226,22],"class_list":["post-2125433","post","type-post","status-publish","format-standard","hentry","category-romania","tag-crawlmanager","tag-ziare-com"],"_links":{"self":[{"href":"https:\/\/analyse.optim.biz\/index.php?rest_route=\/wp\/v2\/posts\/2125433","targetHints":{"allow":["GET"]}}],"collection":[{"href":"https:\/\/analyse.optim.biz\/index.php?rest_route=\/wp\/v2\/posts"}],"about":[{"href":"https:\/\/analyse.optim.biz\/index.php?rest_route=\/wp\/v2\/types\/post"}],"author":[{"embeddable":true,"href":"https:\/\/analyse.optim.biz\/index.php?rest_route=\/wp\/v2\/users\/1"}],"replies":[{"embeddable":true,"href":"https:\/\/analyse.optim.biz\/index.php?rest_route=%2Fwp%2Fv2%2Fcomments&post=2125433"}],"version-history":[{"count":0,"href":"https:\/\/analyse.optim.biz\/index.php?rest_route=\/wp\/v2\/posts\/2125433\/revisions"}],"wp:attachment":[{"href":"https:\/\/analyse.optim.biz\/index.php?rest_route=%2Fwp%2Fv2%2Fmedia&parent=2125433"}],"wp:term":[{"taxonomy":"category","embeddable":true,"href":"https:\/\/analyse.optim.biz\/index.php?rest_route=%2Fwp%2Fv2%2Fcategories&post=2125433"},{"taxonomy":"post_tag","embeddable":true,"href":"https:\/\/analyse.optim.biz\/index.php?rest_route=%2Fwp%2Fv2%2Ftags&post=2125433"}],"curies":[{"name":"wp","href":"https:\/\/api.w.org\/{rel}","templated":true}]}}