{"id":2125430,"date":"2026-09-03T01:18:56","date_gmt":"2026-09-02T22:18:56","guid":{"rendered":"https:\/\/analyse.optim.biz\/?p=2125430"},"modified":"2026-09-03T01:18:56","modified_gmt":"2026-09-02T22:18:56","slug":"schimb-de-focuri-mortal-in-tarile-de-jos-34-de-persoane-arestate-legatura-cu-un-mare-traficant-de-cocaina","status":"publish","type":"post","link":"https:\/\/analyse.optim.biz\/?p=2125430","title":{"rendered":"Schimb de focuri mortal \u00een \u021a\u0103rile de Jos: 34 de persoane arestate. Leg\u0103tura cu un mare traficant de cocain\u0103"},"content":{"rendered":"<p>[analyse_image type=&#8221;featured&#8221; src=&#8221;https:\/\/s2.ziareromania.ro\/?mmid=8ccc556b2a4606443e&#8221;]<\/p>\n<div id=\"article__container\" class=\"news__container news__image__container\">\n<h1 class=\"news__title\" title=\"Schimb de focuri mortal \u00een \u021a\u0103rile de Jos: 34 de persoane arestate. Leg\u0103tura cu un mare traficant de cocain\u0103\">Schimb de focuri mortal \u00een \u021a\u0103rile de Jos: 34 de persoane arestate. Leg\u0103tura cu un mare traficant de cocain\u0103<\/h1>\n<\/div>\n<div class=\"news__info__content d-flex\">\n<div class=\"d-flex \">\n<div class=\"news__author mar10r\"> Autor: <span><a href=\"https:\/\/ziare.com\/autor\/veronica-andrei\"> Veronica Andrei <\/a><\/span><\/div>\n<div class=\"news__publish\">Miercuri, 02 Septembrie 2026, ora 18:19<\/div>\n<\/div>\n<div class=\"news__views\">715 citiri<\/div>\n<\/div>\n<div class=\"stanga_stire news__image fleft article__marker\">\n<div class=\"news-image__content news__image__item\"><a class=\"news__image\" data-href=\"https:\/\/s1.ziareromania.ro\/?mmid=8ccc556b2a4606443e\" data-size=\"1024x735\" title=\"Schimb de focuri mortal \u00een \u021a\u0103rile de Jos: 34 de persoane arestate. Leg\u0103tura cu un mare traficant de cocain\u0103\"><img decoding=\"async\" src=\"https:\/\/tb.ziareromania.ro\/Schimb-de-focuri-mortal---n-----rile-de-Jos--34-de-persoane-arestate--Leg--tura-cu-un-mare-traficant-de-cocain--\/8ccc556b2a4606443e\/400\/225\/2\/100\/Schimb-de-focuri-mortal---n-----rile-de-Jos--34-de-persoane-arestate--Leg--tura-cu-un-mare-traficant-de-cocain--.jpg\" alt=\"Schimb de focuri mortal \u00een \u021a\u0103rile de Jos: 34 de persoane arestate. Leg\u0103tura cu un mare traficant de cocain\u0103\" title=\"Schimb de focuri mortal \u00een \u021a\u0103rile de Jos: 34 de persoane arestate. Leg\u0103tura cu un mare traficant de cocain\u0103\" class=\"img-responsive\"><\/a><\/p>\n<div class=\"news__caption\">Poli\u021bia olandez\u0103, arest\u0103ri \u00een r\u00eendul trafican\u021bilor de droguri\/FOTO:XRTA English @rtaenglish1<\/div>\n<\/div>\n<\/div>\n<div class=\"news__content descriere_main article__marker\">\n<p>O persoan\u0103 a murit, iar 34 de suspec\u021bi au fost aresta\u021bi dup\u0103 un schimb de focuri produs \u00eenainte de r\u0103s\u0103ritul soarelui \u00een localitatea Overasselt. Poli\u021bia suspecteaz\u0103 o leg\u0103tur\u0103 cu lumea trafican\u021bilor de droguri.<\/p>\n<p>O persoan\u0103 a fost ucis\u0103, iar 34 de oameni au fost aresta\u021bi dup\u0103 un schimb de focuri produs mar\u021bi diminea\u021b\u0103 \u00een Overasselt, o localitate din sud-estul \u021a\u0103rilor de Jos, \u00een apropierea grani\u021bei cu Germania.<\/p>\n<p>Printre cei re\u021binu\u021bi se afl\u0103 cet\u0103\u021beni francezi, belgieni \u0219i algerieni, precum \u0219i persoane din \u021a\u0103rile de Jos.<\/p>\n<p>Poli\u021bia le-a cerut locuitorilor din Overasselt s\u0103 r\u0103m\u00e2n\u0103 \u00een case, cu u\u0219ile \u0219i ferestrele \u00eenchise, \u00een timp ce c\u0103uta eventuali suspec\u021bi care ar fi putut fi \u00eenc\u0103 \u00een libertate.<\/p>\n<p>Incidentul a avut loc \u00een jurul orei 04:00. Un grup de b\u0103rba\u021bi \u00eenarma\u021bi \u0219i purt\u00e2nd cagule s-ar fi apropiat de o locuin\u021b\u0103, dup\u0103 care au fost trase mai multe focuri de arm\u0103.<\/p>\n<p>Un b\u0103rbat \u00een v\u00e2rst\u0103 de 51 de ani a fost ucis. Potrivit presei locale, acesta ar fi lucrat ca agent de securitate.<\/p>\n<blockquote class=\"twitter-tweet\" data-media-max-width=\"560\">\n<p lang=\"nl\" dir=\"ltr\">\u201cNederlanders\u201d<a href=\"https:\/\/x.com\/hashtag\/NOS?src=hash&amp;ref_src=twsrc%5Etfw\">#NOS<\/a><a href=\"https:\/\/x.com\/hashtag\/Wijchen?src=hash&amp;ref_src=twsrc%5Etfw\">#Wijchen<\/a><a href=\"https:\/\/t.co\/RX2pD9jNuy\">pic.twitter.com\/RX2pD9jNuy<\/a><\/p>\n<p>\u2014 Erik (@eriknld2) <a href=\"https:\/\/x.com\/eriknld2\/status\/2094858642839195723?ref_src=twsrc%5Etfw\">September 1, 2026<\/a><\/p><\/blockquote>\n<\/div>\n<p>Poli\u021bi\u0219tii care au ajuns la fa\u021ba locului au fost, la r\u00e2ndul lor, \u00eent\u00e2mpina\u021bi cu focuri de arm\u0103. Doi agen\u021bi au fost r\u0103ni\u021bi, \u00eens\u0103 r\u0103nile lor nu le pun via\u021ba \u00een pericol, a declarat purt\u0103toarea de cuv\u00e2nt a poli\u021biei, Jolanda Aalbers.<\/p>\n<p>Anchetatorii au confiscat mai multe arme, dispozitive de stocare a datelor \u0219i vehicule.<\/p>\n<h2>Posibil\u0103 leg\u0103tur\u0103 cu traficul interna\u021bional de cocain\u0103<\/h2>\n<p>Presa olandez\u0103 relateaz\u0103 c\u0103 schimbul de focuri ar putea avea leg\u0103tur\u0103 cu lumea criminal\u0103 asociat\u0103 traficantului de droguri Jos Leijdekkers, cunoscut sub porecla \u201eBolle Jos\u201d (\u201eJos cel gras\u201d).<\/p>\n<p>Leijdekkers este unul dintre cei mai c\u0103uta\u021bi infractori din \u021a\u0103rile de Jos. El a fost condamnat anterior pentru implicarea \u00een traficul interna\u021bional de cocain\u0103.<\/p>\n<p>Potrivit informa\u021biilor publicate de presa olandez\u0103, Leijdekkers tr\u0103ie\u0219te de cel pu\u021bin trei ani \u00een Sierra Leone \u0219i ar avea o rela\u021bie cu fiica pre\u0219edintelui acestei \u021b\u0103ri, Julius Maada Bio.<\/p>\n<p>Ziarul Het Parool a relatat c\u0103 schimbul de focuri ar fi izbucnit \u00een urma unui conflict legat de c\u00e2teva sute de kilograme de cocain\u0103 despre care se crede c\u0103 au fost traficate de gruparea asociat\u0103 lui Leijdekkers.<\/p>\n","protected":false},"excerpt":{"rendered":"<p>[analyse_image type=&#8221;featured&#8221; src=&#8221;https:\/\/s2.ziareromania.ro\/?mmid=8ccc556b2a4606443e&#8221;] Schimb de focuri mortal \u00een \u021a\u0103rile de Jos: 34 de persoane arestate. Leg\u0103tura cu un mare traficant de cocain\u0103 Autor: Veronica Andrei Miercuri, 02 Septembrie 2026, ora 18:19 715 citiri Poli\u021bia olandez\u0103, arest\u0103ri \u00een r\u00eendul trafican\u021bilor de droguri\/FOTO:XRTA English @rtaenglish1 O persoan\u0103 a murit, iar 34 de suspec\u021bi au fost aresta\u021bi dup\u0103 [&hellip;]<\/p>\n","protected":false},"author":1,"featured_media":0,"comment_status":"open","ping_status":"","sticky":false,"template":"","format":"standard","meta":{"footnotes":""},"categories":[89],"tags":[226,22],"class_list":["post-2125430","post","type-post","status-publish","format-standard","hentry","category-romania","tag-crawlmanager","tag-ziare-com"],"_links":{"self":[{"href":"https:\/\/analyse.optim.biz\/index.php?rest_route=\/wp\/v2\/posts\/2125430","targetHints":{"allow":["GET"]}}],"collection":[{"href":"https:\/\/analyse.optim.biz\/index.php?rest_route=\/wp\/v2\/posts"}],"about":[{"href":"https:\/\/analyse.optim.biz\/index.php?rest_route=\/wp\/v2\/types\/post"}],"author":[{"embeddable":true,"href":"https:\/\/analyse.optim.biz\/index.php?rest_route=\/wp\/v2\/users\/1"}],"replies":[{"embeddable":true,"href":"https:\/\/analyse.optim.biz\/index.php?rest_route=%2Fwp%2Fv2%2Fcomments&post=2125430"}],"version-history":[{"count":0,"href":"https:\/\/analyse.optim.biz\/index.php?rest_route=\/wp\/v2\/posts\/2125430\/revisions"}],"wp:attachment":[{"href":"https:\/\/analyse.optim.biz\/index.php?rest_route=%2Fwp%2Fv2%2Fmedia&parent=2125430"}],"wp:term":[{"taxonomy":"category","embeddable":true,"href":"https:\/\/analyse.optim.biz\/index.php?rest_route=%2Fwp%2Fv2%2Fcategories&post=2125430"},{"taxonomy":"post_tag","embeddable":true,"href":"https:\/\/analyse.optim.biz\/index.php?rest_route=%2Fwp%2Fv2%2Ftags&post=2125430"}],"curies":[{"name":"wp","href":"https:\/\/api.w.org\/{rel}","templated":true}]}}