{"id":2125427,"date":"2026-09-03T01:15:35","date_gmt":"2026-09-02T22:15:35","guid":{"rendered":"https:\/\/analyse.optim.biz\/?p=2125427"},"modified":"2026-09-03T01:15:35","modified_gmt":"2026-09-02T22:15:35","slug":"ambasadorul-rusiei-la-bucuresti-convocat-la-mae-dupa-atacul-cu-drone-asupra-aeroportului-din-leipzig-oana-toiu-romania-este-in-deplina-solidaritate-cu-germania","status":"publish","type":"post","link":"https:\/\/analyse.optim.biz\/?p=2125427","title":{"rendered":"Ambasadorul Rusiei la Bucure\u0219ti, convocat la MAE, dup\u0103 atacul cu drone asupra aeroportului din Leipzig. Oana \u021aoiu: &#8220;Rom\u00e2nia este \u00een deplin\u0103 solidaritate cu Germania&#8221;"},"content":{"rendered":"<p>[analyse_image type=&#8221;featured&#8221; src=&#8221;https:\/\/s2.ziareromania.ro\/?mmid=3ba5056b0eb584a96f&#8221;]<\/p>\n<div id=\"article__container\" class=\"news__container news__image__container\">\n<h1 class=\"news__title\" title=\"Ambasadorul Rusiei la Bucure\u0219ti, convocat la MAE, dup\u0103 atacul cu drone asupra aeroportului din Leipzig. Oana \u021aoiu: &quot;Rom\u00e2nia este \u00een deplin\u0103 solidaritate cu Germania&quot;\">Ambasadorul Rusiei la Bucure\u0219ti, convocat la MAE, dup\u0103 atacul cu drone asupra aeroportului din Leipzig. Oana \u021aoiu: &#8220;Rom\u00e2nia este \u00een deplin\u0103 solidaritate cu Germania&#8221;<\/h1>\n<\/div>\n<div class=\"news__info__content d-flex\">\n<div class=\"d-flex \">\n<div class=\"news__author mar10r\"> Autor: <span><a href=\"https:\/\/ziare.com\/autor\/adrian-zia\"> Adrian Zia <\/a><\/span><\/div>\n<div class=\"news__publish\">Miercuri, 02 Septembrie 2026, ora 18:12<\/div>\n<\/div>\n<div class=\"news__views\">715 citiri<\/div>\n<\/div>\n<div class=\"stanga_stire news__image fleft article__marker\">\n<div class=\"news-image__content news__image__item\"><a class=\"news__image\" data-href=\"https:\/\/s2.ziareromania.ro\/?mmid=3ba5056b0eb584a96f\" data-size=\"990x702\" title=\"Ambasadorul Rusiei la Bucure\u0219ti, convocat la MAE, dup\u0103 atacul cu drone asupra aeroportului din Leipzig. Oana \u021aoiu: &quot;Rom\u00e2nia este \u00een deplin\u0103 solidaritate cu Germania&quot;\"><img decoding=\"async\" src=\"https:\/\/tb.ziareromania.ro\/Ambasadorul-Rusiei-la-Bucure--ti--convocat-la-MAE--dup---atacul-cu-drone-asupra-aeroportului-din-Leipzig--Oana---oiu---Rom--nia-este---n-deplin---solidaritate-cu-Germania-\/3ba5056b0eb584a96f\/400\/225\/2\/100\/Ambasadorul-Rusiei-la-Bucure--ti--convocat-la-MAE--dup---atacul-cu-drone-asupra-aeroportului-din-Leipzig--Oana---oiu---Rom--nia-este---n-deplin---solidaritate-cu-Germania-.jpg\" alt=\"Ambasadorul Rusiei la Bucure\u0219ti, convocat la MAE, dup\u0103 atacul cu drone asupra aeroportului din Leipzig. Oana \u021aoiu: &quot;Rom\u00e2nia este \u00een deplin\u0103 solidaritate cu Germania&quot;\" title=\"Ambasadorul Rusiei la Bucure\u0219ti, convocat la MAE, dup\u0103 atacul cu drone asupra aeroportului din Leipzig. Oana \u021aoiu: &quot;Rom\u00e2nia este \u00een deplin\u0103 solidaritate cu Germania&quot;\" class=\"img-responsive\"><\/a><\/p>\n<div class=\"news__caption\">Ministra de Externe, Oana \u021aoiu FOTO Facebook\/Oana<\/div>\n<\/div>\n<\/div>\n<div class=\"news__content descriere_main article__marker\">\n<p>Ambasadorul Rusiei la Bucure\u0219ti va fi convocat la Ministerul de Externe, \u00een contextul atacului cu drone asupra aeroportului din Leipzig, atac atribuit Rusiei, a transmis, miercuri, 2 septembrie, pe X, ministrul interimar de Externe, Oana \u021aoiu, care a subliniat solidaritatea la nivel european.<\/p>\n<p>&#8220;Am decis s\u0103 convoc\u0103m ambasadorul Rusiei la Bucure\u0219ti la Ministerul de Externe&#8221;, a scris \u021aoiu.<\/p>\n<p>Ministrul interimar a subliniat c\u0103 Rom\u00e2nia este solidar\u0103 cu Germania \u0219i cu celelalte state europene care s-au confruntat cu &#8220;activit\u0103\u021bi hibride, interferen\u021be \u0219i provoc\u0103ri nes\u0103buite \u0219i insistente ale Rusiei&#8221; \u0219i a completat c\u0103 \u021bara noastr\u0103 face parte dintre acestea.<\/p>\n<p>&#8220;Dup\u0103 stabilirea de c\u0103tre autorit\u0103\u021bile germane c\u0103 Rusia este responsabil\u0103 pentru atacul cu dron\u0103 asupra aeroportului Leipzig\/Halle, ac\u021bion\u0103m cu for\u021b\u0103 \u0219i \u00eempreun\u0103 ca state membre UE \u0219i alia\u021bi NATO&#8221;, arat\u0103 ministrul interimar.<\/p>\n<p>Ea a transmis c\u0103 r\u0103spunsul la astfel de ac\u021biuni va fi unul solidar \u0219i coordonat la nivel european.<\/p>\n<p>&#8220;Mesajul nostru este clar &#8211; nu vom tolera ac\u021biunile hibride ale Rusiei \u0219i vom r\u0103spunde uni\u021bi. Nu va exista impunitate. Descurajarea \u00eenseamn\u0103 s\u0103 fim preg\u0103ti\u021bi \u0219i s\u0103 avem voin\u021ba de a face agresorul s\u0103 pl\u0103teasc\u0103&#8221;, a mai spus \u021aoiu.<\/p>\n<\/div>\n<blockquote class=\"twitter-tweet\">\n<p lang=\"en\" dir=\"ltr\">Following the German authorities\u2019 determination that Russia holds responsibility for the drone attack at Leipzig\/Halle Airport, we are acting collectively and strongly as EU Member States and NATO Allies.<\/p>\n<p><a href=\"https:\/\/ziare.com\/stiri\/romania\/\" title=\"Romania\">Romania<\/a> stands in full solidarity with Germany and other European states\u2026<\/p>\n<p>\u2014 Toiu Oana (@oana_toiu) <a href=\"https:\/\/x.com\/oana_toiu\/status\/2095151819366203468?ref_src=twsrc%5Etfw\">September 2, 2026<\/a><\/p><\/blockquote>\n<p>Pre\u0219edinta Comisiei Europene (CE), <a href=\"https:\/\/ziare.com\/ursula-von-der-leyen\/\" title=\"Ursula von der Leyen\">Ursula von der Leyen<\/a>, \u0219i secretarul general al NATO, <a href=\"https:\/\/ziare.com\/mark-rutte\/\" title=\"Mark Rutte\">Mark Rutte<\/a>, au dat asigur\u0103ri miercuri c\u0103 presiunea asupra Rusiei va continua \u0219i chiar &#8220;va cre\u0219te&#8221;, dup\u0103 atacul hibrid cu drone asupra unui aeroport din ora\u0219ul german Leipzig, atribuit Moscovei, transmite EFE.<\/p>\n","protected":false},"excerpt":{"rendered":"<p>[analyse_image type=&#8221;featured&#8221; src=&#8221;https:\/\/s2.ziareromania.ro\/?mmid=3ba5056b0eb584a96f&#8221;] Ambasadorul Rusiei la Bucure\u0219ti, convocat la MAE, dup\u0103 atacul cu drone asupra aeroportului din Leipzig. Oana \u021aoiu: &#8220;Rom\u00e2nia este \u00een deplin\u0103 solidaritate cu Germania&#8221; Autor: Adrian Zia Miercuri, 02 Septembrie 2026, ora 18:12 715 citiri Ministra de Externe, Oana \u021aoiu FOTO Facebook\/Oana Ambasadorul Rusiei la Bucure\u0219ti va fi convocat la Ministerul de [&hellip;]<\/p>\n","protected":false},"author":1,"featured_media":0,"comment_status":"open","ping_status":"","sticky":false,"template":"","format":"standard","meta":{"footnotes":""},"categories":[89],"tags":[226,22],"class_list":["post-2125427","post","type-post","status-publish","format-standard","hentry","category-romania","tag-crawlmanager","tag-ziare-com"],"_links":{"self":[{"href":"https:\/\/analyse.optim.biz\/index.php?rest_route=\/wp\/v2\/posts\/2125427","targetHints":{"allow":["GET"]}}],"collection":[{"href":"https:\/\/analyse.optim.biz\/index.php?rest_route=\/wp\/v2\/posts"}],"about":[{"href":"https:\/\/analyse.optim.biz\/index.php?rest_route=\/wp\/v2\/types\/post"}],"author":[{"embeddable":true,"href":"https:\/\/analyse.optim.biz\/index.php?rest_route=\/wp\/v2\/users\/1"}],"replies":[{"embeddable":true,"href":"https:\/\/analyse.optim.biz\/index.php?rest_route=%2Fwp%2Fv2%2Fcomments&post=2125427"}],"version-history":[{"count":0,"href":"https:\/\/analyse.optim.biz\/index.php?rest_route=\/wp\/v2\/posts\/2125427\/revisions"}],"wp:attachment":[{"href":"https:\/\/analyse.optim.biz\/index.php?rest_route=%2Fwp%2Fv2%2Fmedia&parent=2125427"}],"wp:term":[{"taxonomy":"category","embeddable":true,"href":"https:\/\/analyse.optim.biz\/index.php?rest_route=%2Fwp%2Fv2%2Fcategories&post=2125427"},{"taxonomy":"post_tag","embeddable":true,"href":"https:\/\/analyse.optim.biz\/index.php?rest_route=%2Fwp%2Fv2%2Ftags&post=2125427"}],"curies":[{"name":"wp","href":"https:\/\/api.w.org\/{rel}","templated":true}]}}