{"id":2125419,"date":"2026-09-02T11:50:53","date_gmt":"2026-09-02T08:50:53","guid":{"rendered":"https:\/\/analyse.optim.biz\/?p=2125419"},"modified":"2026-09-02T11:50:53","modified_gmt":"2026-09-02T08:50:53","slug":"laborator-de-somnologie-la-spitalul-judetean-buzau-diagnostic-avansat-si-tratament-personalizat-pentru-tulburarile-de-somn","status":"publish","type":"post","link":"https:\/\/analyse.optim.biz\/?p=2125419","title":{"rendered":"Laborator de Somnologie la Spitalul Jude\u021bean Buz\u0103u | Diagnostic avansat \u0219i tratament personalizat pentru tulbur\u0103rile de somn"},"content":{"rendered":"<p>[analyse_image type=&#8221;featured&#8221; src=&#8221;https:\/\/gazetabuzoiana.ro\/wp-content\/uploads\/2026\/09\/dr-goidescu.jpeg&#8221;]<\/p>\n<div class=\"entry-content entry clearfix\">\n<p class=\"wp-block-paragraph\">Problemele de somn nu \u00eenseamn\u0103 doar nop\u021bi nedormite sau oboseal\u0103 \u00een timpul zilei. \u00cen unele cazuri, \u00een spatele lor se afl\u0103 afec\u021biuni care necesit\u0103 investiga\u021bii medicale \u0219i tratament specializat. La Spitalul Jude\u021bean de Urgen\u021b\u0103 Buz\u0103u func\u021bioneaz\u0103 un Laborator de Somnologie care ofer\u0103 servicii de diagnostic, tratament \u0219i monitorizare pentru pacien\u021bii cu tulbur\u0103ri de somn \u0219i probleme respiratorii asociate somnului.<\/p>\n<p class=\"wp-block-paragraph\">Laboratorul dispune de dou\u0103 polisomnografe, trei poligrafe \u0219i cinci aparate de titrare, echipamente care permit efectuarea investiga\u021biilor necesare pentru stabilirea diagnosticului \u0219i alegerea unei terapii adaptate fiec\u0103rui pacient.<\/p>\n<p class=\"wp-block-paragraph\">Unul dintre serviciile importante oferite aici este polisomnografia cu titrare manual\u0103, investiga\u021bie care poate fi adaptat\u0103 \u00een func\u021bie de particularit\u0103\u021bile pacientului.<\/p>\n<p class=\"wp-block-paragraph\">Activitatea Laboratorului de Somnologie nu se limiteaz\u0103 la stabilirea unui diagnostic. Pacientul poate fi urm\u0103rit pe \u00eentregul parcurs medical: de la investiga\u021biile ini\u021biale \u0219i stabilirea terapiei p\u00e2n\u0103 la monitorizarea rezultatelor \u0219i ajustarea tratamentului atunci c\u00e2nd este necesar.<\/p>\n<p class=\"wp-block-paragraph\">Un aspect important \u00eel reprezint\u0103 \u0219i alegerea m\u0103\u0219tii utilizate \u00een cadrul terapiei. Pacien\u021bii au la dispozi\u021bie mai multe tipuri de m\u0103\u0219ti, pe care le pot testa \u00een laborator pentru a identifica varianta care ofer\u0103 cel mai bun echilibru \u00eentre eficien\u021b\u0103 \u0219i confort.<\/p>\n<p class=\"wp-block-paragraph\">Volumul de activitate arat\u0103, de asemenea, c\u0103 laboratorul deserve\u0219te constant pacien\u021bi. \u00cen ultimele \u0219ase luni au fost \u00eenregistrate 348 de intern\u0103ri, dintre care 124 de intern\u0103ri continue \u0219i 224 de intern\u0103ri de zi.<\/p>\n<p class=\"wp-block-paragraph\">Evaluarea tulbur\u0103rilor de somn poate necesita o abordare care dep\u0103\u0219e\u0219te o singur\u0103 specialitate medical\u0103. Laboratorul colaboreaz\u0103 cu medici din cardiologie, ORL, endocrinologie \u0219i boli de nutri\u021bie, neurologie \u0219i psihiatrie.<\/p>\n<p class=\"wp-block-paragraph\">Colaborarea dintre specialit\u0103\u021bi permite corelarea investiga\u021biilor \u0219i recomand\u0103rilor medicale \u0219i adaptarea tratamentului la problemele \u0219i particularit\u0103\u021bile fiec\u0103rui pacient.<\/p>\n<p class=\"wp-block-paragraph\">Activitatea laboratorului este sus\u021binut\u0103 de dr. Oana Goidescu, medic primar \u0219i doctor \u00een \u0219tiin\u021be medicale, cu preg\u0103tire avansat\u0103 \u00een medicina somnului \u0219i competen\u021be \u00een somnologie nivel I, II \u0219i III, precum \u0219i \u00een ventila\u021bie non-invaziv\u0103. Medicul este, de asemenea, coautor al Ghidului de Somnologie.<\/p>\n<p class=\"wp-block-paragraph\">Prin dotarea existent\u0103 \u0219i prin abordarea multidisciplinar\u0103, Laboratorul de Somnologie al Spitalului Jude\u021bean de Urgen\u021b\u0103 Buz\u0103u asigur\u0103 un circuit medical care urm\u0103re\u0219te pacientul de la diagnostic \u0219i evaluare p\u00e2n\u0103 la tratament personalizat \u0219i monitorizarea evolu\u021biei.<\/p>\n<p class=\"wp-block-paragraph\">Informa\u021biile au fost publicate de Spitalul Jude\u021bean de Urgen\u021b\u0103 Buz\u0103u la 2 septembrie 2026.<\/p>\n<figure class=\"wp-block-image size-large\"><img loading=\"lazy\" decoding=\"async\" width=\"1024\" height=\"1024\" src=\"https:\/\/gazetabuzoiana.ro\/wp-content\/uploads\/2026\/09\/oana-goidescu-1024x1024.jpeg\" alt class=\"wp-image-22469\"><\/figure>\n<div class=\"post-bottom-meta post-bottom-tags post-tags-modern\">\n<div class=\"post-bottom-meta-title\"> Etichete<\/div>\n<p><span class=\"tagcloud\"><a href=\"https:\/\/gazetabuzoiana.ro\/tag\/apnee-de-somn\/\" rel=\"tag\">apnee de somn<\/a><a href=\"https:\/\/gazetabuzoiana.ro\/tag\/buzau-2\/\" rel=\"tag\">Buz\u0103u<\/a><a href=\"https:\/\/gazetabuzoiana.ro\/tag\/diagnostic\/\" rel=\"tag\">diagnostic<\/a><a href=\"https:\/\/gazetabuzoiana.ro\/tag\/medicina\/\" rel=\"tag\">medicin\u0103<\/a><a href=\"https:\/\/gazetabuzoiana.ro\/tag\/medicina-somnului\/\" rel=\"tag\">medicina somnului<\/a><a href=\"https:\/\/gazetabuzoiana.ro\/tag\/polisomnografie\/\" rel=\"tag\">polisomnografie<\/a><a href=\"https:\/\/gazetabuzoiana.ro\/tag\/sanatate\/\" rel=\"tag\">s\u0103n\u0103tate<\/a><a href=\"https:\/\/gazetabuzoiana.ro\/tag\/somnologie\/\" rel=\"tag\">somnologie<\/a><a href=\"https:\/\/gazetabuzoiana.ro\/tag\/spitalul-judetean-buzau\/\" rel=\"tag\">Spitalul Jude\u021bean Buz\u0103u<\/a><a href=\"https:\/\/gazetabuzoiana.ro\/tag\/spitalul-judetean-de-urgenta-buzau\/\" rel=\"tag\">Spitalul Jude\u021bean de Urgen\u021b\u0103 Buz\u0103u<\/a><a href=\"https:\/\/gazetabuzoiana.ro\/tag\/tratament\/\" rel=\"tag\">tratament<\/a><a href=\"https:\/\/gazetabuzoiana.ro\/tag\/tulburari-de-somn\/\" rel=\"tag\">tulbur\u0103ri de somn<\/a><a href=\"https:\/\/gazetabuzoiana.ro\/tag\/ventilatie-non-invaziva\/\" rel=\"tag\">ventila\u021bie non-invaziv\u0103<\/a><\/span><\/div>\n<\/div>\n<p>[analyse_source url=&#8221;https:\/\/gazetabuzoiana.ro\/2026\/09\/02\/laboratorde-somnologie-la-spitalul-judetean-buzau-diagnostic-avansat-si-tratament-personalizat-pentru-tulburarile-de-somn\/&#8221;]<\/p>\n","protected":false},"excerpt":{"rendered":"<p>[analyse_image type=&#8221;featured&#8221; src=&#8221;https:\/\/gazetabuzoiana.ro\/wp-content\/uploads\/2026\/09\/dr-goidescu.jpeg&#8221;] Problemele de somn nu \u00eenseamn\u0103 doar nop\u021bi nedormite sau oboseal\u0103 \u00een timpul zilei. \u00cen unele cazuri, \u00een spatele lor se afl\u0103 afec\u021biuni care necesit\u0103 investiga\u021bii medicale \u0219i tratament specializat. La Spitalul Jude\u021bean de Urgen\u021b\u0103 Buz\u0103u func\u021bioneaz\u0103 un Laborator de Somnologie care ofer\u0103 servicii de diagnostic, tratament \u0219i monitorizare pentru pacien\u021bii cu tulbur\u0103ri [&hellip;]<\/p>\n","protected":false},"author":1,"featured_media":0,"comment_status":"open","ping_status":"","sticky":false,"template":"","format":"standard","meta":{"footnotes":""},"categories":[2],"tags":[226,38],"class_list":["post-2125419","post","type-post","status-publish","format-standard","hentry","category-politics","tag-crawlmanager","tag-gazetabuzoiana-ro"],"_links":{"self":[{"href":"https:\/\/analyse.optim.biz\/index.php?rest_route=\/wp\/v2\/posts\/2125419","targetHints":{"allow":["GET"]}}],"collection":[{"href":"https:\/\/analyse.optim.biz\/index.php?rest_route=\/wp\/v2\/posts"}],"about":[{"href":"https:\/\/analyse.optim.biz\/index.php?rest_route=\/wp\/v2\/types\/post"}],"author":[{"embeddable":true,"href":"https:\/\/analyse.optim.biz\/index.php?rest_route=\/wp\/v2\/users\/1"}],"replies":[{"embeddable":true,"href":"https:\/\/analyse.optim.biz\/index.php?rest_route=%2Fwp%2Fv2%2Fcomments&post=2125419"}],"version-history":[{"count":0,"href":"https:\/\/analyse.optim.biz\/index.php?rest_route=\/wp\/v2\/posts\/2125419\/revisions"}],"wp:attachment":[{"href":"https:\/\/analyse.optim.biz\/index.php?rest_route=%2Fwp%2Fv2%2Fmedia&parent=2125419"}],"wp:term":[{"taxonomy":"category","embeddable":true,"href":"https:\/\/analyse.optim.biz\/index.php?rest_route=%2Fwp%2Fv2%2Fcategories&post=2125419"},{"taxonomy":"post_tag","embeddable":true,"href":"https:\/\/analyse.optim.biz\/index.php?rest_route=%2Fwp%2Fv2%2Ftags&post=2125419"}],"curies":[{"name":"wp","href":"https:\/\/api.w.org\/{rel}","templated":true}]}}