{"id":2125418,"date":"2026-09-03T01:11:17","date_gmt":"2026-09-02T22:11:17","guid":{"rendered":"https:\/\/analyse.optim.biz\/?p=2125418"},"modified":"2026-09-03T01:11:17","modified_gmt":"2026-09-02T22:11:17","slug":"prima-tara-nato-care-ia-in-considerare-aderarea-cu-drepturi-depline-la-blocul-de-securitate-condus-de-china-si-rusia-nu-implica-o-ruptura-fata-de-niciun-alt-bloc","status":"publish","type":"post","link":"https:\/\/analyse.optim.biz\/?p=2125418","title":{"rendered":"Prima \u021bar\u0103 NATO care ia \u00een considerare aderarea cu drepturi depline la blocul de securitate condus de China \u0219i Rusia. \u201eNu implic\u0103 o ruptur\u0103 fa\u021b\u0103 de niciun alt bloc\u201d"},"content":{"rendered":"<p>[analyse_image type=&#8221;featured&#8221; src=&#8221;https:\/\/s2.ziareromania.ro\/?mmid=02fdc56b147083e6bb&#8221;]<\/p>\n<div id=\"article__container\" class=\"news__container news__image__container\">\n<h1 class=\"news__title\" title=\"Prima \u021bar\u0103 NATO care ia \u00een considerare aderarea cu drepturi depline la blocul de securitate condus de China \u0219i Rusia. \u201eNu implic\u0103 o ruptur\u0103 fa\u021b\u0103 de niciun alt bloc\u201d\">Prima \u021bar\u0103 NATO care ia \u00een considerare aderarea cu drepturi depline la blocul de securitate condus de China \u0219i Rusia. \u201eNu implic\u0103 o ruptur\u0103 fa\u021b\u0103 de niciun alt bloc\u201d<\/h1>\n<\/div>\n<div class=\"news__info__content d-flex\">\n<div class=\"d-flex \">\n<div class=\"news__author mar10r\"> Autor: <span><a href=\"https:\/\/ziare.com\/autor\/catalina-sirbu\"> Catalina Sirbu <\/a><\/span><\/div>\n<div class=\"news__publish\">Miercuri, 02 Septembrie 2026, ora 17:59<\/div>\n<\/div>\n<div class=\"news__views\">1637 citiri<\/div>\n<\/div>\n<div class=\"stanga_stire news__image fleft article__marker\">\n<div class=\"news-image__content news__image__item\"><a class=\"news__image\" data-href=\"https:\/\/s1.ziareromania.ro\/?mmid=02fdc56b147083e6bb\" data-size=\"1017x627\" title=\"Prima \u021bar\u0103 NATO care ia \u00een considerare aderarea cu drepturi depline la blocul de securitate condus de China \u0219i Rusia. \u201eNu implic\u0103 o ruptur\u0103 fa\u021b\u0103 de niciun alt bloc\u201d\"><img decoding=\"async\" src=\"https:\/\/tb.ziareromania.ro\/Prima---ar---NATO-care-ia---n-considerare-aderarea-cu-drepturi-depline-la-blocul-de-securitate-condus-de-China---i-Rusia-----Nu-implic---o-ruptur---fa-----de-niciun-alt-bloc---\/02fdc56b147083e6bb\/400\/225\/2\/100\/Prima---ar---NATO-care-ia---n-considerare-aderarea-cu-drepturi-depline-la-blocul-de-securitate-condus-de-China---i-Rusia-----Nu-implic---o-ruptur---fa-----de-niciun-alt-bloc---.jpg\" alt=\"Prima \u021bar\u0103 NATO care ia \u00een considerare aderarea cu drepturi depline la blocul de securitate condus de China \u0219i Rusia. \u201eNu implic\u0103 o ruptur\u0103 fa\u021b\u0103 de niciun alt bloc\u201d\" title=\"Prima \u021bar\u0103 NATO care ia \u00een considerare aderarea cu drepturi depline la blocul de securitate condus de China \u0219i Rusia. \u201eNu implic\u0103 o ruptur\u0103 fa\u021b\u0103 de niciun alt bloc\u201d\" class=\"img-responsive\"><\/a><\/p>\n<div class=\"news__caption\">Vladimir Putin \u0219i Xi Jinping FOTO kremlin.ru<\/div>\n<\/div>\n<\/div>\n<div class=\"news__content descriere_main article__marker\">\n<p><a href=\"https:\/\/ziare.com\/international\/turcia\/\" title=\"Turcia\">Turcia<\/a>, \u021bar\u0103 membr\u0103 a <a href=\"https:\/\/ziare.com\/international\/nato\/\" title=\"NATO\">NATO<\/a>, cu a doua armat\u0103 ca m\u0103rime din alian\u021ba occidental\u0103, va lua \u00een considerare ridicarea la un nivel superior a rela\u021biilor sale cu blocul de securitate condus de <a href=\"https:\/\/ziare.com\/international\/china\/\" title=\"China\">China<\/a> \u0219i <a href=\"https:\/\/ziare.com\/international\/rusia\/\" title=\"Rusia\">Rusia<\/a>, Organiza\u021bia de Cooperare de la Shanghai (OCS), a declarat miercuri pre\u0219edintele \u2060turc Tayyip Recep Erdogan.<\/p>\n<p>&#8220;Perspectiva Turciei de a deveni membru (cu drepturi depline) al organiza\u021biei nu implic\u0103 o ruptur\u0103 fa\u021b\u0103 de niciun alt bloc sau fa\u021b\u0103 de Occident&#8221;, a precizat Erdogan, potrivit unei transcrieri a declara\u021biilor pe care le-a f\u0103cut jurnali\u0219tilor \u00een timpul zborului de \u00eentoarcere din K\u00e2rg\u00e2zstan.<\/p>\n<p>Erdogan a participat mar\u021bi la Bi\u0219kek la un summit al OCS, \u00een cadrul c\u0103reia Turcia este &#8220;partener de dialog&#8221;.<\/p>\n<p>O fotografie f\u0103cut\u0103 acolo este intens r\u0103sp\u00e2ndit\u0103 pe re\u021belele sociale. Imaginea a fost publicat\u0103 de Pul Pervogo, canalul Telegram asociat serviciului de pres\u0103 al lui Aleksandr Luka\u0219enko, pre\u0219edintele Belarusului. Fotografia \u00eei arat\u0103 st\u00e2nd pe aceea\u0219i canapea pe Aleksandr Luka\u0219enko, Recep Tayyip Erdogan \u0219i <a href=\"https:\/\/ziare.com\/vladimir-putin\/\" title=\"Vladimir Putin\">Vladimir Putin<\/a>, \u00eentr-o discu\u021bie informal\u0103, cu interpre\u021bii \u00een spatele lor. Liderul turc are o atitudine relaxat\u0103 \u0219i pare s\u0103 se simt\u0103 \u00een centrul aten\u021biei, \u00een timp ce Putin are ni\u0219te foi \u00een m\u00e2n\u0103, iar Luka\u0219enko \u00eel prive\u0219te cu aten\u021bie. Canalul lui Luka\u0219enko a publicat mai multe cadre ale \u00eent\u00e2lnirii cu legenda &#8220;Luka\u0219enko, Putin \u0219i Erdo\u011fan. Negocieri non-stop&#8221;.<\/p>\n<\/div>\n<p>Organiza\u021bia pentru Cooperare de la Shanghai, format\u0103 \u00een jurul Chinei \u0219i conceput\u0103 ca o contrapondere la organiza\u021biile de securitate occidentale, are 10 membri cu drepturi depline: China, Rusia, <a href=\"https:\/\/ziare.com\/international\/india\/\" title=\"India\">India<\/a>, <a href=\"https:\/\/ziare.com\/international\/pakistan\/\" title=\"Pakistan\">Pakistan<\/a>, <a href=\"https:\/\/ziare.com\/international\/iran\/\" title=\"Iran\">Iran<\/a>, Belarus, <a href=\"https:\/\/ziare.com\/international\/kazahstan\/\" title=\"Kazahstan\">Kazahstan<\/a>, K\u00e2rg\u00e2zstan, Tadjikistan \u0219i Uzbekistan. Mongolia \u0219i <a href=\"https:\/\/ziare.com\/international\/afganistan\/\" title=\"Afganistan\">Afganistan<\/a> sunt state &#8220;observatoare&#8221;, \u00een timp ce Turcia face parte dintre cei 15 &#8220;parteneri de dialog&#8221; ai organiza\u021biei. Dintre toate aceste \u021b\u0103ri, numai Turcia este membr\u0103 a NATO.<\/p>\n<p>Supranumit\u0103 de critici \u0219i &#8220;clubul dictatorilor&#8221; din cauza num\u0103rului mare de regimuri autoritare din componen\u021ba sa, OCS i-a reunit s\u0103pt\u0103m\u00e2na aceasta la Bi\u0219kek, \u00eentre al\u021bii, pe Xi Jinping, Vladimir Putin, Aleksandr Luka\u0219enko \u0219i lideri ai altor regimuri autoritare din Asia Central\u0103.<\/p>\n","protected":false},"excerpt":{"rendered":"<p>[analyse_image type=&#8221;featured&#8221; src=&#8221;https:\/\/s2.ziareromania.ro\/?mmid=02fdc56b147083e6bb&#8221;] Prima \u021bar\u0103 NATO care ia \u00een considerare aderarea cu drepturi depline la blocul de securitate condus de China \u0219i Rusia. \u201eNu implic\u0103 o ruptur\u0103 fa\u021b\u0103 de niciun alt bloc\u201d Autor: Catalina Sirbu Miercuri, 02 Septembrie 2026, ora 17:59 1637 citiri Vladimir Putin \u0219i Xi Jinping FOTO kremlin.ru Turcia, \u021bar\u0103 membr\u0103 a NATO, [&hellip;]<\/p>\n","protected":false},"author":1,"featured_media":0,"comment_status":"open","ping_status":"","sticky":false,"template":"","format":"standard","meta":{"footnotes":""},"categories":[89],"tags":[226,22],"class_list":["post-2125418","post","type-post","status-publish","format-standard","hentry","category-romania","tag-crawlmanager","tag-ziare-com"],"_links":{"self":[{"href":"https:\/\/analyse.optim.biz\/index.php?rest_route=\/wp\/v2\/posts\/2125418","targetHints":{"allow":["GET"]}}],"collection":[{"href":"https:\/\/analyse.optim.biz\/index.php?rest_route=\/wp\/v2\/posts"}],"about":[{"href":"https:\/\/analyse.optim.biz\/index.php?rest_route=\/wp\/v2\/types\/post"}],"author":[{"embeddable":true,"href":"https:\/\/analyse.optim.biz\/index.php?rest_route=\/wp\/v2\/users\/1"}],"replies":[{"embeddable":true,"href":"https:\/\/analyse.optim.biz\/index.php?rest_route=%2Fwp%2Fv2%2Fcomments&post=2125418"}],"version-history":[{"count":0,"href":"https:\/\/analyse.optim.biz\/index.php?rest_route=\/wp\/v2\/posts\/2125418\/revisions"}],"wp:attachment":[{"href":"https:\/\/analyse.optim.biz\/index.php?rest_route=%2Fwp%2Fv2%2Fmedia&parent=2125418"}],"wp:term":[{"taxonomy":"category","embeddable":true,"href":"https:\/\/analyse.optim.biz\/index.php?rest_route=%2Fwp%2Fv2%2Fcategories&post=2125418"},{"taxonomy":"post_tag","embeddable":true,"href":"https:\/\/analyse.optim.biz\/index.php?rest_route=%2Fwp%2Fv2%2Ftags&post=2125418"}],"curies":[{"name":"wp","href":"https:\/\/api.w.org\/{rel}","templated":true}]}}