{"id":2125412,"date":"2026-09-03T01:08:40","date_gmt":"2026-09-02T22:08:40","guid":{"rendered":"https:\/\/analyse.optim.biz\/?p=2125412"},"modified":"2026-09-03T01:08:40","modified_gmt":"2026-09-02T22:08:40","slug":"de-ce-a-plecat-pepe-de-la-antena-1-artistul-a-dat-cartile-pe-fata-am-avut-o-discutie-cu-sefii","status":"publish","type":"post","link":"https:\/\/analyse.optim.biz\/?p=2125412","title":{"rendered":"De ce a plecat Pepe de la Antena 1. Artistul a dat c\u0103r\u021bile pe fa\u021b\u0103: \u201eAm avut o discu\u021bie cu \u0219efii\u201d"},"content":{"rendered":"<p>[analyse_image type=&#8221;featured&#8221; src=&#8221;https:\/\/s2.ziareromania.ro\/?mmid=77e3556a56e9007dfb&#8221;]<\/p>\n<div id=\"article__container\" class=\"news__container news__image__container\">\n<h1 class=\"news__title\" title=\"De ce a plecat Pepe de la Antena 1. Artistul a dat c\u0103r\u021bile pe fa\u021b\u0103: \u201eAm avut o discu\u021bie cu \u0219efii\u201d\">De ce a plecat Pepe de la Antena 1. Artistul a dat c\u0103r\u021bile pe fa\u021b\u0103: \u201eAm avut o discu\u021bie cu \u0219efii\u201d<\/h1>\n<\/div>\n<div class=\"news__info__content d-flex\">\n<div class=\"d-flex \">\n<div class=\"news__author mar10r\"> Autor: <span><a href=\"https:\/\/ziare.com\/autor\/andrada-dumitrescu\"> Andrada Dumitrescu <\/a><\/span><\/div>\n<div class=\"news__publish\">Miercuri, 02 Septembrie 2026, ora 17:46<\/div>\n<\/div>\n<div class=\"news__views\">16549 citiri<\/div>\n<\/div>\n<div class=\"stanga_stire news__image fleft article__marker\">\n<div class=\"news-image__content news__image__item\"><a class=\"news__image\" data-href=\"https:\/\/s2.ziareromania.ro\/?mmid=77e3556a56e9007dfb\" data-size=\"1024x628\" title=\"De ce a plecat Pepe de la Antena 1. Artistul a dat c\u0103r\u021bile pe fa\u021b\u0103: \u201eAm avut o discu\u021bie cu \u0219efii\u201d\"><img decoding=\"async\" src=\"https:\/\/tb.ziareromania.ro\/De-ce-a-plecat-Pepe-de-la-Antena-1--Artistul-a-dat-c--r--ile-pe-fa---------Am-avut-o-discu--ie-cu---efii---\/77e3556a56e9007dfb\/400\/225\/2\/100\/De-ce-a-plecat-Pepe-de-la-Antena-1--Artistul-a-dat-c--r--ile-pe-fa---------Am-avut-o-discu--ie-cu---efii---.jpg\" alt=\"De ce a plecat Pepe de la Antena 1. Artistul a dat c\u0103r\u021bile pe fa\u021b\u0103: \u201eAm avut o discu\u021bie cu \u0219efii\u201d\" title=\"De ce a plecat Pepe de la Antena 1. Artistul a dat c\u0103r\u021bile pe fa\u021b\u0103: \u201eAm avut o discu\u021bie cu \u0219efii\u201d\" class=\"img-responsive\"><\/a><\/p>\n<div class=\"news__caption\">Pepe a trecut prin multe momente memorabile la \u201eTe cunosc de undeva\u201d. FOTO: Pepep\/Facebook<\/div>\n<\/div>\n<\/div>\n<div class=\"news__content descriere_main article__marker\">\n<p><a href=\"https:\/\/ziare.com\/pepe\/\" title=\"Pepe\">Pepe<\/a> \u00eencepe un nou capitol \u00een televiziune dup\u0103 perioada petrecut\u0103 la Antena 1. Artistul, care a prezentat \u201e<a href=\"https:\/\/ziare.com\/te-cunosc-de-undeva\/\" title=\"Te cunosc de undeva\">Te cunosc de undeva<\/a>!\u201d \u00eempreun\u0103 cu Alina Pu\u0219ca\u0219, a ajuns la un acord cu Kanal D pentru mai multe proiecte de divertisment.<\/p>\n<p>Desp\u0103r\u021birea de Antena 1 nu a venit \u00eens\u0103 \u00een urma unui conflict. <a href=\"https:\/\/ziare.com\/vedete\/pepe\/\" title=\"Pepe\">Pepe<\/a> a explicat c\u0103 \u00een\u021belegerea sa cu postul de televiziune ajunsese deja la final, iar discu\u021biile despre viitor au fost purtate \u00eentr-o atmosfer\u0103 amiabil\u0103.<\/p>\n<p>\u201eMai mult dec\u00e2t amiabil\u0103, a\u0219 putea spune. Adic\u0103 nu a existat niciun fel de discu\u021bie, dat fiind faptul c\u0103 \u00een momentul de fa\u021b\u0103 eu oricum nu mai aveam un contract activ cu Antena1. Au fost proiecte care au luat sf\u00e2r\u0219it, pe o perioad\u0103 determinat\u0103, trebuia s\u0103 re\u00eennoim un contract sau s\u0103-mi renegociez \u00een alt\u0103 parte. A fost foarte simplu! Mai mult, chiar dac\u0103 aveam posibilitatea de a semna direct cu altcineva, \u00eenainte s\u0103 fac asta am avut o discu\u021bie cu \u0219efii de la Anten\u0103, m-au \u00eembr\u0103\u021bi\u0219at, mi-au urat mult succes \u0219i au \u00een\u021beles ce e prioritar pentru mine \u0219i ce e mai bine \u0219i pentru mine personal \u0219i artistic, de fapt din toate punctele de vedere. Am r\u0103mas prieteni \u0219i chiar din punctul meu de vedere abia a\u0219tept s\u0103 m\u0103 v\u0103d poate \u0219i \u00een seara asta (n.r. \u2013 la petrecerea Viva!) cu ei \u0219i s\u0103 st\u0103m la aceea\u0219i mas\u0103, pentru c\u0103 au f\u0103cut parte din via\u021ba mea foarte mul\u021bi ani\u201d, a declarat Pepe pentru <a href=\"https:\/\/click.ro\/interviurile-click\/pepe-adevarul-despre-despartirea-de-antena-1-am-2553602.html\" target=\"_blank\" rel=\"nofollow\">Click<\/a>.<\/p>\n<\/div>\n<p>Artistul spune c\u0103 plecarea sa nu ar trebui privit\u0103 drept o ruptur\u0103 spectaculoas\u0103, ci mai degrab\u0103 ca o etap\u0103 fireasc\u0103 \u00een cariera unui om care lucreaz\u0103 \u00een <a href=\"https:\/\/ziare.com\/vedete\/showbiz\/\" title=\"showbiz\">showbiz<\/a>.<\/p>\n<p>\u201eNu e nici o bomb\u0103! Eu zic c\u0103 e absolut normal \u0219i firesc. A\u0219a se \u00eent\u00e2mpl\u0103 cu arti\u0219tii, mai schimb\u0103 locul mai schimb\u0103 norocul. Mul\u021bumim \u00eentotdeauna tuturor celor cu care ne-am intersectat \u0219i \u00een curtea c\u0103rora am evoluat, \u0219i am sus\u021binut evenimente super mi\u0219to cu super audien\u021be\u201d, a mai spus el.<\/p>\n<h2>De ce a ales Pepe Kanal D<\/h2>\n<p>Decizia de a merge la Kanal D a fost influen\u021bat\u0103 de modul \u00een care reprezentan\u021bii postului i-au prezentat oferta. Pepe spune c\u0103 \u00eenc\u0103 de la prima \u00eent\u00e2lnire a sim\u021bit c\u0103 este vorba despre o colaborare important\u0103, nu despre o apari\u021bie punctual\u0103 \u00eentr-o emisiune.<\/p>\n<p>\u201eCei de la Kanal D au fost foarte hot\u0103r\u00e2\u021bi! Pur \u0219i simplu, de la prima \u00eent\u00e2lnire mi s-a acordat importan\u021ba necesar\u0103. Din prima secund\u0103, am crezut c\u0103 poate nu aud bine ce mi se propune \u0219i atunci n-aveam cum s\u0103 nu iau \u00een calcul serios aceast\u0103 mutare. Dac\u0103 ar fi fost vorba de un proiect simplu, pe o perioad\u0103 scurt\u0103 de timp, nu m-a\u0219 fi dus cu siguran\u021b\u0103! A fost \u0219i este ofert\u0103 foarte serioas\u0103 \u0219i, a\u0219a cum a fost discutat\u0103 din prima, a\u0219a am semnat-o pe termen lung\u201d.<\/p>\n","protected":false},"excerpt":{"rendered":"<p>[analyse_image type=&#8221;featured&#8221; src=&#8221;https:\/\/s2.ziareromania.ro\/?mmid=77e3556a56e9007dfb&#8221;] De ce a plecat Pepe de la Antena 1. Artistul a dat c\u0103r\u021bile pe fa\u021b\u0103: \u201eAm avut o discu\u021bie cu \u0219efii\u201d Autor: Andrada Dumitrescu Miercuri, 02 Septembrie 2026, ora 17:46 16549 citiri Pepe a trecut prin multe momente memorabile la \u201eTe cunosc de undeva\u201d. FOTO: Pepep\/Facebook Pepe \u00eencepe un nou capitol \u00een [&hellip;]<\/p>\n","protected":false},"author":1,"featured_media":0,"comment_status":"open","ping_status":"","sticky":false,"template":"","format":"standard","meta":{"footnotes":""},"categories":[89],"tags":[226,22],"class_list":["post-2125412","post","type-post","status-publish","format-standard","hentry","category-romania","tag-crawlmanager","tag-ziare-com"],"_links":{"self":[{"href":"https:\/\/analyse.optim.biz\/index.php?rest_route=\/wp\/v2\/posts\/2125412","targetHints":{"allow":["GET"]}}],"collection":[{"href":"https:\/\/analyse.optim.biz\/index.php?rest_route=\/wp\/v2\/posts"}],"about":[{"href":"https:\/\/analyse.optim.biz\/index.php?rest_route=\/wp\/v2\/types\/post"}],"author":[{"embeddable":true,"href":"https:\/\/analyse.optim.biz\/index.php?rest_route=\/wp\/v2\/users\/1"}],"replies":[{"embeddable":true,"href":"https:\/\/analyse.optim.biz\/index.php?rest_route=%2Fwp%2Fv2%2Fcomments&post=2125412"}],"version-history":[{"count":0,"href":"https:\/\/analyse.optim.biz\/index.php?rest_route=\/wp\/v2\/posts\/2125412\/revisions"}],"wp:attachment":[{"href":"https:\/\/analyse.optim.biz\/index.php?rest_route=%2Fwp%2Fv2%2Fmedia&parent=2125412"}],"wp:term":[{"taxonomy":"category","embeddable":true,"href":"https:\/\/analyse.optim.biz\/index.php?rest_route=%2Fwp%2Fv2%2Fcategories&post=2125412"},{"taxonomy":"post_tag","embeddable":true,"href":"https:\/\/analyse.optim.biz\/index.php?rest_route=%2Fwp%2Fv2%2Ftags&post=2125412"}],"curies":[{"name":"wp","href":"https:\/\/api.w.org\/{rel}","templated":true}]}}