{"id":212537,"date":"2014-02-13T14:22:43","date_gmt":"2014-02-13T11:22:43","guid":{"rendered":"https:\/\/analyse.optim.biz\/?p=212537"},"modified":"2014-02-13T14:22:43","modified_gmt":"2014-02-13T11:22:43","slug":"usl-in-pragul-unei-rupturi-psd-acuza-pnl-de-iresponsabilitate","status":"publish","type":"post","link":"https:\/\/analyse.optim.biz\/?p=212537","title":{"rendered":"USL, \u00een pragul unei rupturi. PSD acuz\u0103 PNL de iresponsabilitate"},"content":{"rendered":"<div class=\"entry data-app-meta data-app-meta-article\" data-embed-base-url-canonical=\"https:\/\/www.digi24.ro\/embed\/stiri\/actualitate\/politica\/usl-in-pragul-unei-rupturi-psd-acuza-pnl-de-iresponsabilitate-199817\">\n<p data-index=\"1\">La r\u00e2ndul s\u0103u, <strong>Klaus Iohannis<\/strong> le-a transmis social-democra\u0163ilor c\u0103 liberalii nu sunt dispu\u015fi s\u0103 renun\u0163e la propunerile lor \u015fi nici <a href=\"https:\/\/www.digi24.ro\/Stiri\/Digi24\/Actualitate\/Politica\/Klaus+Iohannis+Nu+acceptam+ca+PNL+sa+fie+pus+pe+picior+de+egalit\" target=\"_blank\" data-skip-linkfix=\"1\" rel=\"noopener\"><strong>nu sunt de acord s\u0103 fie pu\u015fi pe picior de egalitate cu Partidul Conservator.<\/strong><\/a> Klaus Iohannis recunoa\u015fte \u00eens\u0103 c\u0103 USL se afl\u0103 \u00een fa\u0163a celei mai mari crize a alian\u0163ei de guvernare.<\/p>\n<p data-index=\"2\">Pre\u015fedintele executiv al social democra\u0163ilor, <strong>Liviu Dragnea<a href=\"https:\/\/www.digi24.ro\/Stiri\/Digi24\/Actualitate\/Politica\/Liviu+Dragnea+avertisment+pentru+liberali+USD+poate+guverna+si+s\" target=\"_blank\" data-skip-linkfix=\"1\" rel=\"noopener\"> \u00eei avertizeaz\u0103 pe liberali<\/a><\/strong> c\u0103 pot guverna \u015fi f\u0103r\u0103 ei.<\/p>\n<p data-index=\"3\">\u015ei prim-vicecpre\u015fedintele PNL, Klaus Iohannis recunoa\u015fte c\u0103 Uniunea Social Liberal\u0103 se confrunt\u0103 cu cea mai mare criz\u0103 de la \u00eenfiin\u0163area ei.<\/p>\n<p data-index=\"4\"><strong>\u201e<\/strong><span><strong>Nu am discutat ie\u0219irea de la guvernare. Noi nu putem s\u0103 accept\u0103m ca PNL s\u0103 fie pus pe picior de egalitate cu PC-ul. Noi nu sunterm dispu\u015fi s\u0103 renun\u0163\u0103m, fiindc\u0103 am avut ni\u015fte solicit\u0103ri minimale care s-au referit strict la portofoliile noastre\u201d,<\/strong> a spus Iohannis.<\/span><\/p>\n<p data-index=\"5\"><strong>\u201e<\/strong><span><strong>Relaxarea asta \u0219i \u00eenc\u0103p\u0103\u021b\u00e2narea cu care Iohannis \u0219i PNL spun c\u0103 nu mai negociaz\u0103 \u0219i c\u0103 PC nu are ce caut\u0103 \u00een Guvern mi se pare iresponsabil\u0103\u201d,<\/strong> a afirmat <strong>C\u0103t\u0103lin Ivan<\/strong>, purt\u0103tor de cuv\u00e2nt al PSD.<\/span><\/p>\n<p data-index=\"6\">Liberalii nu se las\u0103 impresiona\u0163i de amenin\u0163\u0103rile social-democra\u0163ilor.<\/p>\n<p data-index=\"7\"><strong>\u201e<\/strong><span><strong>Dac\u0103 domnul Dragnea \u015fi PSD \u00ee\u015fi imagineaz\u0103 c\u0103 este mai bine pentru ei, pentru guvernare, s\u0103 guverneze f\u0103r\u0103 PNL, \u00een schimb cu a\u015fa-zisul Partid Conservator, cu transfugii de la PPDD, s\u0103 fac\u0103 a\u015fa, s\u0103 vedem cum se va derula guvernarea cu o majoritate fragil\u0103 \u00een Parlament, \u00een care ne vom afla \u00eentr-o opozi\u0163ie de 100%\u201d<\/strong>, a declarat <strong>Puiu Ha\u0219otti<\/strong>, liderul senatorilor PNL.<\/span><\/p>\n<p data-index=\"8\">Disputa din USL a luat amploare odat\u0103 cu propunerea ca liderul Partidului Conservator, <strong>Daniel Constantin<\/strong>, s\u0103 preia o func\u0163ie de vicepremier odat\u0103 cu trecerea noii structuri a Guvernului prin Parlament.<\/p>\n<\/div>\n<p> Source URL: https:\/\/www.digi24.ro\/stiri\/actualitate\/politica\/usl-in-pragul-unei-rupturi-psd-acuza-pnl-de-iresponsabilitate-199817<\/p>\n","protected":false},"excerpt":{"rendered":"<p>La r\u00e2ndul s\u0103u, Klaus Iohannis le-a transmis social-democra\u0163ilor c\u0103 liberalii nu sunt dispu\u015fi s\u0103 renun\u0163e la propunerile lor \u015fi nici nu sunt de acord s\u0103 fie pu\u015fi pe picior de egalitate cu Partidul Conservator. Klaus Iohannis recunoa\u015fte \u00eens\u0103 c\u0103 USL se afl\u0103 \u00een fa\u0163a celei mai mari crize a alian\u0163ei de guvernare. Pre\u015fedintele executiv al [&hellip;]<\/p>\n","protected":false},"author":1,"featured_media":212538,"comment_status":"open","ping_status":"","sticky":false,"template":"","format":"standard","meta":{"footnotes":""},"categories":[2],"tags":[11],"class_list":["post-212537","post","type-post","status-publish","format-standard","has-post-thumbnail","hentry","category-politics","tag-digi24"],"_links":{"self":[{"href":"https:\/\/analyse.optim.biz\/index.php?rest_route=\/wp\/v2\/posts\/212537","targetHints":{"allow":["GET"]}}],"collection":[{"href":"https:\/\/analyse.optim.biz\/index.php?rest_route=\/wp\/v2\/posts"}],"about":[{"href":"https:\/\/analyse.optim.biz\/index.php?rest_route=\/wp\/v2\/types\/post"}],"author":[{"embeddable":true,"href":"https:\/\/analyse.optim.biz\/index.php?rest_route=\/wp\/v2\/users\/1"}],"replies":[{"embeddable":true,"href":"https:\/\/analyse.optim.biz\/index.php?rest_route=%2Fwp%2Fv2%2Fcomments&post=212537"}],"version-history":[{"count":0,"href":"https:\/\/analyse.optim.biz\/index.php?rest_route=\/wp\/v2\/posts\/212537\/revisions"}],"wp:featuredmedia":[{"embeddable":true,"href":"https:\/\/analyse.optim.biz\/index.php?rest_route=\/wp\/v2\/media\/212538"}],"wp:attachment":[{"href":"https:\/\/analyse.optim.biz\/index.php?rest_route=%2Fwp%2Fv2%2Fmedia&parent=212537"}],"wp:term":[{"taxonomy":"category","embeddable":true,"href":"https:\/\/analyse.optim.biz\/index.php?rest_route=%2Fwp%2Fv2%2Fcategories&post=212537"},{"taxonomy":"post_tag","embeddable":true,"href":"https:\/\/analyse.optim.biz\/index.php?rest_route=%2Fwp%2Fv2%2Ftags&post=212537"}],"curies":[{"name":"wp","href":"https:\/\/api.w.org\/{rel}","templated":true}]}}