{"id":2125341,"date":"2026-09-02T23:51:56","date_gmt":"2026-09-02T20:51:56","guid":{"rendered":"https:\/\/analyse.optim.biz\/?p=2125341"},"modified":"2026-09-02T23:51:56","modified_gmt":"2026-09-02T20:51:56","slug":"liderul-deputatilor-udmr-neaga-participarea-la-acordul-semnat-de-psd-cu-aur-sos-si-minoritati-n-am-votat-impotriva-pnl-sau-usr-ci-pentru-a-mentine-o-functie","status":"publish","type":"post","link":"https:\/\/analyse.optim.biz\/?p=2125341","title":{"rendered":"Liderul deputa\u021bilor UDMR neag\u0103 participarea la acordul semnat de PSD cu AUR, SOS \u0219i minorit\u0103\u021bi: \u201dN-am votat \u00eempotriva PNL sau USR, ci pentru a men\u021bine o func\u021bie\u201d"},"content":{"rendered":"<p>[analyse_image type=&#8221;featured&#8221; src=&#8221;https:\/\/s2.ziareromania.ro\/?mmid=b19fb56a634e09916e&#8221;]<\/p>\n<div id=\"article__container\" class=\"news__container news__image__container\">\n<h1 class=\"news__title\" title=\"Liderul deputa\u021bilor UDMR neag\u0103 participarea la acordul semnat de PSD cu AUR, SOS \u0219i minorit\u0103\u021bi: \u201dN-am votat \u00eempotriva PNL sau USR, ci pentru a men\u021bine o func\u021bie\u201d\">Liderul deputa\u021bilor UDMR neag\u0103 participarea la acordul semnat de PSD cu AUR, SOS \u0219i minorit\u0103\u021bi: \u201dN-am votat \u00eempotriva PNL sau USR, ci pentru a men\u021bine o func\u021bie\u201d<\/h1>\n<\/div>\n<div class=\"news__info__content d-flex\">\n<div class=\"d-flex \">\n<div class=\"news__author mar10r\"> Autor: <span><a href=\"https:\/\/ziare.com\/autor\/aniela-manolea\"> Aniela Manolea <\/a><\/span><\/div>\n<div class=\"news__publish\">Miercuri, 02 Septembrie 2026, ora 14:36<\/div>\n<\/div>\n<div class=\"news__views\">1759 citiri<\/div>\n<\/div>\n<div class=\"stanga_stire news__image fleft article__marker\">\n<div class=\"news-image__content news__image__item\"><a class=\"news__image\" data-href=\"https:\/\/s1.ziareromania.ro\/?mmid=b19fb56a634e09916e\" data-size=\"1024x683\" title=\"Liderul deputa\u021bilor UDMR neag\u0103 participarea la acordul semnat de PSD cu AUR, SOS \u0219i minorit\u0103\u021bi: \u201dN-am votat \u00eempotriva PNL sau USR, ci pentru a men\u021bine o func\u021bie\u201d\"><img decoding=\"async\" src=\"https:\/\/tb.ziareromania.ro\/Liderul-deputa--ilor-UDMR-neag---participarea-la-acordul-semnat-de-PSD-cu-AUR--SOS---i-minorit----i-----N-am-votat---mpotriva-PNL-sau-USR--ci-pentru-a-men--ine-o-func--ie---\/b19fb56a634e09916e\/400\/225\/2\/100\/Liderul-deputa--ilor-UDMR-neag---participarea-la-acordul-semnat-de-PSD-cu-AUR--SOS---i-minorit----i-----N-am-votat---mpotriva-PNL-sau-USR--ci-pentru-a-men--ine-o-func--ie---.jpg\" alt=\"Liderul deputa\u021bilor UDMR neag\u0103 participarea la acordul semnat de PSD cu AUR, SOS \u0219i minorit\u0103\u021bi: \u201dN-am votat \u00eempotriva PNL sau USR, ci pentru a men\u021bine o func\u021bie\u201d\" title=\"Liderul deputa\u021bilor UDMR neag\u0103 participarea la acordul semnat de PSD cu AUR, SOS \u0219i minorit\u0103\u021bi: \u201dN-am votat \u00eempotriva PNL sau USR, ci pentru a men\u021bine o func\u021bie\u201d\" class=\"img-responsive\"><\/a><\/p>\n<div class=\"news__caption\">Liderul deputa\u021bilor UDMR, Csoma Botond Foto: Facebook\/Csoma Botond<\/div>\n<\/div>\n<\/div>\n<div class=\"news__content descriere_main article__marker\">\n<p>Liderul deputa\u021bilor <a href=\"https:\/\/ziare.com\/udmr\/\" title=\"UDMR\">UDMR<\/a>, Csoma Botond, a declarat c\u0103 majoritatea din Camera Deputa\u021bilor, format\u0103 din <a href=\"https:\/\/ziare.com\/psd\/\" title=\"PSD\">PSD<\/a>, <a href=\"https:\/\/ziare.com\/politica\/aur\/\" title=\"AUR\">AUR<\/a>, SOS Rom\u00e2nia \u0219i grupul minorit\u0103\u021bilor na\u021bionale, a fost format\u0103 pe baza unui <a href=\"https:\/\/ziare.com\/politica\/acord\/\" title=\"acord\">acord<\/a> \u00een care nu a fost implicat \u0219i partidul s\u0103u. \u201eN-am votat \u00eempotriva <a href=\"https:\/\/ziare.com\/pnl\/\" title=\"PNL\">PNL<\/a> sau <a href=\"https:\/\/ziare.com\/usr\/\" title=\"USR\">USR<\/a>\u201d, spune Csoma Botond, explic\u00e2nd c\u0103 a votat al\u0103turi de noul grup doar pentru a p\u0103stra o func\u021bie de chestor pentru <a href=\"https:\/\/ziare.com\/politica\/udmr\/\" title=\"UDMR\">UDMR<\/a> \u00een Biroul permanent.<\/p>\n<p>\u201eNoi, c\u00e2nd a \u00eenceput plenul, am aflat c\u0103 <a href=\"https:\/\/ziare.com\/politica\/psd\/\" title=\"PSD\">PSD<\/a> a semnat un acord cu AUR, cu S.O.S. \u0219i cu grupul minorit\u0103\u021bilor na\u021bionale, prin care au modificat acel acord care fusese semnat la \u00eenceputul mandatului, \u00een decembrie 2024. \u0218ti\u021bi, la \u00eenceputul mandatului, am semnat un acord \u00eentre PSD, <a href=\"https:\/\/ziare.com\/politica\/pnl\/\" title=\"PNL\">PNL<\/a>, <a href=\"https:\/\/ziare.com\/politica\/usr\/\" title=\"USR\">USR<\/a> \u0219i UDMR, prin care am alocat func\u021biile \u00een Biroul permanent pe durata \u00eentregului mandat. \u0218i, de atunci, la \u00eenceputul fiec\u0103rei sesiuni, \u00een baza acelui acord, am votat proiectul de hot\u0103r\u00e2re conform acelui acord. Acest lucru s-a schimbat ieri. PSD a format o nou\u0103 majoritate \u0219i noi am aflat \u00een plen de acest acord. Noi nu l-am semnat. A fost semnat numai de PSD, AUR, S.O.S. \u0219i grupul minorit\u0103\u021bilor na\u021bionale. (&#8230;) Noi avem o singur\u0103 func\u021bie de chestor \u00een Biroul permanent, UDMR, \u00een toate sesiunile parlamentare, din toate cele opt sesiuni parlamentare din mandat. \u0218i se vorbea c\u0103 poate, poate n-ar trebui s\u0103 avem \u00een toate sesiunile parlamentare o func\u021bie de chestor\u201d, a declarat Csoma Botond la Parlament.<\/p>\n<\/div>\n<p>El spune c\u0103 s-au adus \u00een discu\u021bie \u0219i comisiile de la Camera Deputa\u021bilor.<\/p>\n<p>\u201eNoi conducem dou\u0103 comisii, Comisia de industrie \u0219i Comisia de politic\u0103 extern\u0103. \u0218i am auzit&#8230; Acolo, deputa\u021bii, nu vreau s\u0103 spun nume, dar s-a discutat c\u0103 poate \u0219i acolo ungurii conduc prea multe comisii \u00een Camera Deputa\u021bilor. (&#8230;) Totu\u0219i, comunitatea maghiar\u0103 din Rom\u00e2nia num\u0103r\u0103 cam \u00een jur de un milion de persoane. \u0218i am considerat c\u0103 totu\u0219i ar trebui s\u0103 avem \u00een continuare \u00een Biroul permanent, care este un loc foarte important din punctul de vedere al conducerii Camerei Deputa\u021bilor, deci este un birou important, am considerat c\u0103 ar trebui s\u0103 avem, \u00een continuare, acel loc. \u0218i am ajuns la aceast\u0103 decizie &#8211; s\u0103 vot\u0103m proiectul de hot\u0103r\u00e2re. Dar da\u021bi-mi voie s\u0103 spun c\u0103 n-am votat cu AUR sau cu S.O.S. \u0219i n-am votat \u00eempotriva PNL sau USR. Am votat pentru a ne men\u021bine acea func\u021bie de chestor, pe care am considerat-o important\u0103 comunit\u0103\u021bii maghiare\u201d, a spus liderul deputa\u021bilor UDMR.<\/p>\n<h2>Rocada din care \u201en-au pierdut nici USR, nici PNL\u201d<\/h2>\n","protected":false},"excerpt":{"rendered":"<p>[analyse_image type=&#8221;featured&#8221; src=&#8221;https:\/\/s2.ziareromania.ro\/?mmid=b19fb56a634e09916e&#8221;] Liderul deputa\u021bilor UDMR neag\u0103 participarea la acordul semnat de PSD cu AUR, SOS \u0219i minorit\u0103\u021bi: \u201dN-am votat \u00eempotriva PNL sau USR, ci pentru a men\u021bine o func\u021bie\u201d Autor: Aniela Manolea Miercuri, 02 Septembrie 2026, ora 14:36 1759 citiri Liderul deputa\u021bilor UDMR, Csoma Botond Foto: Facebook\/Csoma Botond Liderul deputa\u021bilor UDMR, Csoma Botond, a [&hellip;]<\/p>\n","protected":false},"author":1,"featured_media":0,"comment_status":"open","ping_status":"","sticky":false,"template":"","format":"standard","meta":{"footnotes":""},"categories":[89],"tags":[226,22],"class_list":["post-2125341","post","type-post","status-publish","format-standard","hentry","category-romania","tag-crawlmanager","tag-ziare-com"],"_links":{"self":[{"href":"https:\/\/analyse.optim.biz\/index.php?rest_route=\/wp\/v2\/posts\/2125341","targetHints":{"allow":["GET"]}}],"collection":[{"href":"https:\/\/analyse.optim.biz\/index.php?rest_route=\/wp\/v2\/posts"}],"about":[{"href":"https:\/\/analyse.optim.biz\/index.php?rest_route=\/wp\/v2\/types\/post"}],"author":[{"embeddable":true,"href":"https:\/\/analyse.optim.biz\/index.php?rest_route=\/wp\/v2\/users\/1"}],"replies":[{"embeddable":true,"href":"https:\/\/analyse.optim.biz\/index.php?rest_route=%2Fwp%2Fv2%2Fcomments&post=2125341"}],"version-history":[{"count":0,"href":"https:\/\/analyse.optim.biz\/index.php?rest_route=\/wp\/v2\/posts\/2125341\/revisions"}],"wp:attachment":[{"href":"https:\/\/analyse.optim.biz\/index.php?rest_route=%2Fwp%2Fv2%2Fmedia&parent=2125341"}],"wp:term":[{"taxonomy":"category","embeddable":true,"href":"https:\/\/analyse.optim.biz\/index.php?rest_route=%2Fwp%2Fv2%2Fcategories&post=2125341"},{"taxonomy":"post_tag","embeddable":true,"href":"https:\/\/analyse.optim.biz\/index.php?rest_route=%2Fwp%2Fv2%2Ftags&post=2125341"}],"curies":[{"name":"wp","href":"https:\/\/api.w.org\/{rel}","templated":true}]}}