{"id":2125318,"date":"2026-09-02T08:53:02","date_gmt":"2026-09-02T05:53:02","guid":{"rendered":"https:\/\/analyse.optim.biz\/?p=2125318"},"modified":"2026-09-02T08:53:02","modified_gmt":"2026-09-02T05:53:02","slug":"acord-intre-posta-romana-si-temu-o-noua-retea-de-livrare-pentru-comerciantii-romani","status":"publish","type":"post","link":"https:\/\/analyse.optim.biz\/?p=2125318","title":{"rendered":"Acord \u00eentre Po\u0219ta Rom\u00e2n\u0103 \u0219i Temu. O nou\u0103 re\u021bea de livrare pentru comercian\u021bii rom\u00e2ni"},"content":{"rendered":"<p>[analyse_image type=&#8221;featured&#8221; src=&#8221;https:\/\/cdn.adh.reperio.news\/image-7\/777520ce-0c94-41ee-9fa6-76e01ece5025\/index.jpeg?p=f%3Djpeg%26w%3D1200%26h%3D630%26r%3Dcover&#8221;]<\/p>\n<article class=\"svelte-x63bga\">\n<nav>\n<ul class=\"breadcrump svelte-1pk9a69\">\n<li class=\"svelte-1pk9a69\"><a href=\"https:\/\/adevarul.ro\/\" title=\"Adev\u0103rul\" class=\"svelte-1pk9a69\">Home<\/a><\/li>\n<li class=\"svelte-1pk9a69\"><a href=\"https:\/\/adevarul.ro\/economie\" class=\"svelte-1pk9a69\">Economie<\/a><\/li>\n<li class=\"svelte-1pk9a69\"><a href=\"https:\/\/adevarul.ro\/economie\/acord-intre-posta-romana-si-temu-o-noua-retea-de-2553574.html\" class=\"svelte-1pk9a69\">Acord \u00eentre Po\u0219ta Rom\u00e2n\u0103 \u0219i Temu. O nou\u0103 re\u021bea de livrare pentru comercian\u021bii rom\u00e2ni<\/a><\/li>\n<\/ul>\n<\/nav>\n<p><main class=\"svelte-x63bga\"><\/p>\n<p>Po\u015fta Rom\u00e2n\u0103 a semnat un memorandum de \u00een\u0163elegere cu platforma Temu, \u00een ceea ce prive\u015fte serviciile logistice pentru comercian\u0163ii rom\u00e2ni, a anun\u0163at operatorul na\u0163ional de servicii po\u015ftale.<\/p>\n<div class=\"container-image  svelte-1xbw4f3\"><source type=\"image\/webp\" srcset=\"https:\/\/cdn.adh.reperio.news\/image-7\/777520ce-0c94-41ee-9fa6-76e01ece5025\/index.jpeg?p=a%3D1%26co%3D1.05%26w%3D1400%26h%3D750%26r%3Dcontain%26f%3Dwebp 1400w\" media=\"(min-width: 1400px)\" \/><\/p>\n<div class=\"caption svelte-1xbw4f3\"><span class=\"captionText svelte-1xbw4f3\"><span class=\"source svelte-1xbw4f3\">Foto: Po\u0219ta Rom\u00e2n\u0103<\/span><\/span><\/div>\n<\/div>\n<p>Potrivit sursei citate, \u00een baza acordului, Po\u015fta Rom\u00e2n\u0103 va furniza un serviciu integrat de livrare a coletelor, care va include preluarea acestora de la comercian\u0163i, sortarea \u00een centre logistice din Rom\u00e2nia \u015fi livrarea <i>\u201elast-mile<\/i>&#8220;, potrivit Agerpres.<\/p>\n<h2>Oficii po\u0219tale, lockere \u0219i livrare la domiciliu<\/h2>\n<p>\u201e<i>Op\u0163iunile de procesare \u015fi livrare a comenzilor includ livrarea la domiciliu, puncte de ridicare, lockere automate \u015fi oficii po\u015ftale din \u00eentreaga \u0163ar\u0103. Se estimeaz\u0103 c\u0103 acest parteneriat va oferi companiilor locale un proces mai simplu de procesare \u015fi livrare a comenzilor, contribuind \u00een acela\u015fi timp la \u00eembun\u0103t\u0103\u0163irea experien\u0163ei de cump\u0103rare pentru clien\u0163i&#8221;<\/i>,\u00a0precizeaz\u0103 Compania Na\u0163ional\u0103 \u201ePo\u015fta Rom\u00e2n\u0103&#8221; (CNPR).<\/p>\n<p>Cele dou\u0103 companii vor organiza evenimente comune pentru a sprijini companiile rom\u00e2ne\u015fti care v\u00e2nd pe Temu s\u0103 \u00ee\u015fi extind\u0103 aria de acoperire \u015fi se vor \u00eent\u00e2lni, periodic, pentru a analiza evolu\u0163ia parteneriatului \u015fi pentru a \u00eembun\u0103t\u0103\u0163i \u00een permanen\u0163\u0103 serviciile de livrare.<\/p>\n<p><i>\u201eRe\u0163eaua noastr\u0103 ajunge \u00een comunit\u0103\u0163i din \u00eentreaga Rom\u00e2nie, inclusiv \u00een zonele rurale. Acest acord va pune serviciile noastre de livrare \u015fi retur la dispozi\u0163ia comercian\u0163ilor rom\u00e2ni de pe Temu, ajut\u00e2ndu-i s\u0103 \u00ee\u015fi serveasc\u0103 clien\u0163ii din \u00eentreaga \u0163ar\u0103. Salut\u0103m, de asemenea, oportunitatea de a sprijini companiile locale care doresc s\u0103 ajung\u0103 la clien\u0163i din alte \u0163\u0103ri europene&#8221;<\/i>, a declarat, \u00een comunicat, directorul general al Po\u015ftei Rom\u00e2ne, Valentin \u015etefan.<\/p>\n<p><a href=\"https:\/\/adevarul.ro\/stiri-interne\/societate\/romanii-se-intorc-la-comenzile-la-comun-din-2540592.html\">Temu a intrat pe pia\u0163a din Rom\u00e2nia <\/a>\u00een iulie 2023, iar din martie 2025 firmele rom\u00e2ne\u015fti se pot \u00eenscrie \u015fi pot vinde pe aceast\u0103 platform\u0103, programul\u00a0<i>\u201e<\/i>Local Seller&#8221; al companiei fiind disponibil, \u00een prezent, \u00een peste 35 de \u0163\u0103ri.<\/p>\n<p><i>\u201ePatru din cinci \u00eentreprinderi mici din Europa nu v\u00e2nd online, iar organiza\u0163iile de afaceri \u015fi asocia\u0163iile din industrie cu care ne-am \u00eent\u00e2lnit au indicat acelea\u015fi bariere: complexitatea, costurile \u015fi lipsa de informa\u0163ii cu privire la modul de a \u00eencepe. Prin colaborarea cu Po\u015fta Rom\u00e2n\u0103, ne propunem s\u0103 sprijinim mai mul\u0163i comercian\u0163i rom\u00e2ni cu servicii logistice fiabile \u015fi noi oportunit\u0103\u0163i de dezvoltare, at\u00e2t pe pia\u0163a local\u0103, c\u00e2t \u015fi dincolo de aceasta&#8221;<\/i>, a spus un purt\u0103tor de cuv\u00e2nt al Temu.<\/p>\n<p>Platforma global\u0103 de comer\u0163 electronic,<a href=\"https:\/\/adevarul.ro\/stiri-interne\/societate\/romanii-se-intorc-la-comenzile-la-comun-din-2540592.html\"> Temu, este prezent\u0103 \u00een peste 90 de pie\u0163e<\/a> la nivel mondial.<\/p>\n<p>CNPR este operatorul na\u0163ional din domeniul serviciilor po\u015ftale, aflat \u00een proprietatea statului rom\u00e2n, reprezentat de Ministerul Cercet\u0103rii, Inov\u0103rii \u015fi Digitaliz\u0103rii (93,52% din pachetul de ac\u0163iuni) \u015fi Fondul Proprietatea (6,48%).<\/p>\n<p>\u00cen prezent, compania de\u0163ine o re\u0163ea de peste 5.000 de subunit\u0103\u0163i po\u015ftale la nivel na\u0163ional \u015fi distribuie s\u0103pt\u0103m\u00e2nal mai mult de 11 milioane de trimiteri po\u015ftale.<\/p>\n<p><\/main><\/p>\n<footer class=\"svelte-x63bga\">\n<div class=\"related-wrap related-footer svelte-78g0vl\"><span class=\"related-label svelte-78g0vl\">Cite\u0219te \u0219i<\/span><a class=\"related svelte-78g0vl\" data-gtrack=\"{&quot;event&quot;:&quot;utm_click&quot;,&quot;data&quot;:{&quot;event_category&quot;:&quot;article_related&quot;}}\" href=\"https:\/\/adevarul.ro\/stiri-interne\/evenimente\/posta-romana-sustine-planul-de-listare-la-bursa-2523449.html\" title=\"Alt articol de interes pentru tine\"><img decoding=\"async\" class=\"thumb svelte-78g0vl\" src=\"https:\/\/cdn.adh.reperio.news\/image-4\/4b5db6b2-347b-4cea-8bd3-a08e3031216b\/index.jpeg?p=f%3Dwebp%26w%3D120%26h%3D80%26r%3Dcover%26a%3D0\" alt loading=\"lazy\" width=\"80\" height=\"54\"><span class=\"title svelte-78g0vl\">Po\u0219ta Rom\u00e2n\u0103 sus\u021bine planul de listare la burs\u0103. Sindicatele vorbesc despre \u201eperforman\u021b\u0103 cosmetizat\u0103\u201d<\/span><\/a><a class=\"related svelte-78g0vl\" data-gtrack=\"{&quot;event&quot;:&quot;utm_click&quot;,&quot;data&quot;:{&quot;event_category&quot;:&quot;article_related&quot;}}\" href=\"https:\/\/adevarul.ro\/stiri-interne\/societate\/romanii-se-intorc-la-comenzile-la-comun-din-2540592.html\" title=\"Alt articol de interes pentru tine\"><img decoding=\"async\" class=\"thumb svelte-78g0vl\" src=\"https:\/\/cdn.adh.reperio.news\/image-6\/6663cb5d-410c-4a9d-9a30-19a8638c8d56\/index.jpeg?p=f%3Dwebp%26w%3D120%26h%3D80%26r%3Dcover%26a%3D0\" alt loading=\"lazy\" width=\"80\" height=\"54\"><span class=\"title svelte-78g0vl\">Rom\u00e2nii se \u00eentorc la \u201ecomenzile la comun\u201d din cauza noilor taxe fixe pe coletele din China<\/span><\/a><a class=\"related svelte-78g0vl\" data-gtrack=\"{&quot;event&quot;:&quot;utm_click&quot;,&quot;data&quot;:{&quot;event_category&quot;:&quot;article_related&quot;}}\" href=\"https:\/\/adevarul.ro\/stiri-interne\/societate\/temu-shein-si-aliexpress-mai-putin-atractive-2553154.html\" title=\"Alt articol de interes pentru tine\"><img decoding=\"async\" class=\"thumb svelte-78g0vl\" src=\"https:\/\/cdn.adh.reperio.news\/image-b\/b9723e89-b220-4c91-95a3-ab40760b65b6\/index.jpeg?p=f%3Dwebp%26w%3D120%26h%3D80%26r%3Dcover%26a%3D0\" alt loading=\"lazy\" width=\"80\" height=\"54\"><span class=\"title svelte-78g0vl\">Temu, Shein \u0219i AliExpress, mai pu\u021bin atractive pentru rom\u00e2ni. Cum schimb\u0103 taxele calculele la checkout<\/span><\/a><\/div>\n<div class=\"meta svelte-x63bga\">\n<div class=\"authors svelte-x63bga\"><span class=\"names svelte-x63bga\"><a href=\"https:\/\/adevarul.ro\/author\/672\" rel=\"author\" class=\"svelte-x63bga\">\u0218tefan Borcea<\/a><\/span><\/p>\n<div class=\"_hydratable\" data-props=\"%7B%22showLive%22%3Atrue%7D\" data-context=\"%7B%22parentBlockColumnCount%22%3A%7B%22value%22%3A0%2C%22type%22%3A%22store%2Freadable%22%7D%2C%22parentBlockBackgroundColor%22%3A%7B%22type%22%3A%22store%2Freadable%22%7D%7D\" data-component=\"ShareButton\">\n<div class=\"shareButtons svelte-itwbrr\">\n<div class=\"liveSessions metaFont svelte-1maxmbf\"><span class=\"value svelte-1maxmbf\">1<\/span> live <\/div>\n<\/div>\n<\/div>\n<\/div>\n<div class=\"tags svelte-1l3vwp1\"><span class=\"tags-label metaFont svelte-1l3vwp1\">Cite\u0219te mai multe despre<\/span><\/p>\n<div class=\"tags-list svelte-1l3vwp1\"><a href=\"https:\/\/adevarul.ro\/tag\/comercianti\" title=\"Ultimele \u0219tiri despre comercianti\" class=\"tag-pill svelte-1l3vwp1\">comercianti<\/a><a href=\"https:\/\/adevarul.ro\/tag\/posta%20romana\" title=\"Ultimele \u0219tiri despre posta romana\" class=\"tag-pill svelte-1l3vwp1\">posta romana<\/a><a href=\"https:\/\/adevarul.ro\/tag\/temu\" title=\"Ultimele \u0219tiri despre temu\" class=\"tag-pill svelte-1l3vwp1\">temu<\/a><\/div>\n<\/div>\n<\/div>\n<p><a class=\"moreFromCategory svelte-x63bga\" href=\"https:\/\/adevarul.ro\/economie\" title=\"Economie\">Mai multe din <strong class=\"svelte-x63bga\">Economie<\/strong> \u203a<\/a><\/footer>\n<\/article>\n<p>[analyse_source url=&#8221;https:\/\/adevarul.ro\/economie\/acord-intre-posta-romana-si-temu-o-noua-retea-de-2553574.html&#8221;]<\/p>\n","protected":false},"excerpt":{"rendered":"<p>[analyse_image type=&#8221;featured&#8221; src=&#8221;https:\/\/cdn.adh.reperio.news\/image-7\/777520ce-0c94-41ee-9fa6-76e01ece5025\/index.jpeg?p=f%3Djpeg%26w%3D1200%26h%3D630%26r%3Dcover&#8221;] Home Economie Acord \u00eentre Po\u0219ta Rom\u00e2n\u0103 \u0219i Temu. O nou\u0103 re\u021bea de livrare pentru comercian\u021bii rom\u00e2ni Po\u015fta Rom\u00e2n\u0103 a semnat un memorandum de \u00een\u0163elegere cu platforma Temu, \u00een ceea ce prive\u015fte serviciile logistice pentru comercian\u0163ii rom\u00e2ni, a anun\u0163at operatorul na\u0163ional de servicii po\u015ftale. Foto: Po\u0219ta Rom\u00e2n\u0103 Potrivit sursei citate, \u00een baza acordului, [&hellip;]<\/p>\n","protected":false},"author":1,"featured_media":0,"comment_status":"open","ping_status":"","sticky":false,"template":"","format":"standard","meta":{"footnotes":""},"categories":[89],"tags":[19,226],"class_list":["post-2125318","post","type-post","status-publish","format-standard","hentry","category-romania","tag-adevarul","tag-crawlmanager"],"_links":{"self":[{"href":"https:\/\/analyse.optim.biz\/index.php?rest_route=\/wp\/v2\/posts\/2125318","targetHints":{"allow":["GET"]}}],"collection":[{"href":"https:\/\/analyse.optim.biz\/index.php?rest_route=\/wp\/v2\/posts"}],"about":[{"href":"https:\/\/analyse.optim.biz\/index.php?rest_route=\/wp\/v2\/types\/post"}],"author":[{"embeddable":true,"href":"https:\/\/analyse.optim.biz\/index.php?rest_route=\/wp\/v2\/users\/1"}],"replies":[{"embeddable":true,"href":"https:\/\/analyse.optim.biz\/index.php?rest_route=%2Fwp%2Fv2%2Fcomments&post=2125318"}],"version-history":[{"count":0,"href":"https:\/\/analyse.optim.biz\/index.php?rest_route=\/wp\/v2\/posts\/2125318\/revisions"}],"wp:attachment":[{"href":"https:\/\/analyse.optim.biz\/index.php?rest_route=%2Fwp%2Fv2%2Fmedia&parent=2125318"}],"wp:term":[{"taxonomy":"category","embeddable":true,"href":"https:\/\/analyse.optim.biz\/index.php?rest_route=%2Fwp%2Fv2%2Fcategories&post=2125318"},{"taxonomy":"post_tag","embeddable":true,"href":"https:\/\/analyse.optim.biz\/index.php?rest_route=%2Fwp%2Fv2%2Ftags&post=2125318"}],"curies":[{"name":"wp","href":"https:\/\/api.w.org\/{rel}","templated":true}]}}