{"id":2125313,"date":"2026-09-02T23:52:11","date_gmt":"2026-09-02T20:52:11","guid":{"rendered":"https:\/\/analyse.optim.biz\/?p=2125313"},"modified":"2026-09-02T23:52:11","modified_gmt":"2026-09-02T20:52:11","slug":"locuiesti-in-varsovia-uite-cum-poti-sa-vezi-nationala-romaniei","status":"publish","type":"post","link":"https:\/\/analyse.optim.biz\/?p=2125313","title":{"rendered":"Locuie\u0219ti \u00een Var\u0219ovia? Uite cum po\u021bi s\u0103 vezi na\u021bionala Rom\u00e2niei"},"content":{"rendered":"<p>[analyse_image type=&#8221;featured&#8221; src=&#8221;https:\/\/s2.ziareromania.ro\/?mmid=0ab5556b07ba86e06f&#8221;]<\/p>\n<div id=\"article__container\" class=\"news__container news__image__container\">\n<h1 class=\"news__title\" title=\"Locuie\u0219ti \u00een Var\u0219ovia? Uite cum po\u021bi s\u0103 vezi na\u021bionala Rom\u00e2niei\">Locuie\u0219ti \u00een Var\u0219ovia? Uite cum po\u021bi s\u0103 vezi na\u021bionala Rom\u00e2niei<\/h1>\n<\/div>\n<div class=\"news__info__content d-flex\">\n<div class=\"d-flex \">\n<div class=\"news__author mar10r\"> Autor: <span><a href=\"https:\/\/ziare.com\/autor\/iosif-pintilie\"> Iosif Pintilie <\/a><\/span><\/div>\n<div class=\"news__publish\">Miercuri, 02 Septembrie 2026, ora 13:45<\/div>\n<\/div>\n<div class=\"news__views\">647 citiri<\/div>\n<\/div>\n<div class=\"stanga_stire news__image fleft article__marker\">\n<div class=\"news-image__content news__image__item\"><a class=\"news__image\" data-href=\"https:\/\/s1.ziareromania.ro\/?mmid=0ab5556b07ba86e06f\" data-size=\"1024x683\" title=\"Locuie\u0219ti \u00een Var\u0219ovia? Uite cum po\u021bi s\u0103 vezi na\u021bionala Rom\u00e2niei\"><img decoding=\"async\" src=\"https:\/\/tb.ziareromania.ro\/Locuie--ti---n-Var--ovia--Uite-cum-po--i-s---vezi-na--ionala-Rom--niei\/0ab5556b07ba86e06f\/400\/225\/2\/100\/Locuie--ti---n-Var--ovia--Uite-cum-po--i-s---vezi-na--ionala-Rom--niei.jpg\" alt=\"Locuie\u0219ti \u00een Var\u0219ovia? Uite cum po\u021bi s\u0103 vezi na\u021bionala Rom\u00e2niei\" title=\"Locuie\u0219ti \u00een Var\u0219ovia? Uite cum po\u021bi s\u0103 vezi na\u021bionala Rom\u00e2niei\" class=\"img-responsive\"><\/a><\/p>\n<div class=\"news__caption\">Echipa na\u021bional\u0103 a Rom\u00e2niei FOTO FB echipa nationala<\/div>\n<\/div>\n<\/div>\n<div class=\"news__content descriere_main article__marker\">\n<p>Tricolorii vor disputa \u00een 2 octombrie cel de-al treilea meci din grupa de Liga Na\u021biunilor, contra Poloniei, la Var\u0219ovia, pe Stadionul Na\u021bional. \u00cencep\u00e2nd de joi, 3 septembrie, \u00een jurul pr\u00e2nzului, \u0219i p\u00e2n\u0103 vineri, 18 septembrie (sau p\u00e2n\u0103 la epuizarea lor), biletele pentru jocul cu Polonia vor fi disponibile online, pe site-ul bilete.frf.ro.<\/p>\n<p>Organizatorii au stabilit un pre\u021b de 225 lei pentru fiecare bilet, fanii rom\u00e2ni av\u00e2nd la dispozi\u021bie 2.750 de locuri \u00een peluz\u0103, sectoarele G9, G10 \u0219i G11.<\/p>\n<p>Fiecare suporter poate comanda maximum 4 bilete \u00eenainte de finalizarea unei comenzi, iar biletele vor fi nominale. \u00cen procesul de achizi\u021bionare vor trebui introduse date de identificare precum nume \u0219i CNP.<\/p>\n<p>Biletele comandate vor fi trimise pe adresa de e-mail de pe care s-a realizat comanda \u00een apropierea disput\u0103rii meciului, odat\u0103 ce acestea vor fi distribuite de organizatori c\u0103tre Federa\u021bia Rom\u00e2n\u0103 de Fotbal.<\/p>\n<p>Rom\u00e2nia evolueaz\u0103 \u00een grupa B4 a Ligii Na\u021biunilor, o grup\u0103 din care mai fac parte Bosnia-Her\u021begovina \u0219i Polonia.<\/p>\n<\/div>\n<p><strong>Programul complet al meciurilor este urm\u0103torul:<\/strong><\/p>\n<p>Vineri, 25 septembrie, ora 21:45: Suedia \u2013 ROM\u00c2NIA (BILETE DISPONIBILE AICI)<\/p>\n<p>Luni, 28 septembrie, ora 21:45: ROM\u00c2NIA \u2013 Bosnia-Her\u021begovina<\/p>\n<p>Vineri, 2 octombrie, ora 21:45: Polonia \u2013 ROM\u00c2NIA<\/p>\n<p>Luni, 5 octombrie, ora 21:45: ROM\u00c2NIA \u2013 Suedia<\/p>\n<p>S\u00e2mb\u0103t\u0103, 14 noiembrie, ora 21:45: ROM\u00c2NIA \u2013 Polonia<\/p>\n<p>Mar\u021bi, 17 noiembrie, ora 21:45: Bosnia-Her\u021begovina \u2013 ROM\u00c2NIA<\/p>\n","protected":false},"excerpt":{"rendered":"<p>[analyse_image type=&#8221;featured&#8221; src=&#8221;https:\/\/s2.ziareromania.ro\/?mmid=0ab5556b07ba86e06f&#8221;] Locuie\u0219ti \u00een Var\u0219ovia? Uite cum po\u021bi s\u0103 vezi na\u021bionala Rom\u00e2niei Autor: Iosif Pintilie Miercuri, 02 Septembrie 2026, ora 13:45 647 citiri Echipa na\u021bional\u0103 a Rom\u00e2niei FOTO FB echipa nationala Tricolorii vor disputa \u00een 2 octombrie cel de-al treilea meci din grupa de Liga Na\u021biunilor, contra Poloniei, la Var\u0219ovia, pe Stadionul Na\u021bional. \u00cencep\u00e2nd [&hellip;]<\/p>\n","protected":false},"author":1,"featured_media":0,"comment_status":"open","ping_status":"","sticky":false,"template":"","format":"standard","meta":{"footnotes":""},"categories":[89],"tags":[226,22],"class_list":["post-2125313","post","type-post","status-publish","format-standard","hentry","category-romania","tag-crawlmanager","tag-ziare-com"],"_links":{"self":[{"href":"https:\/\/analyse.optim.biz\/index.php?rest_route=\/wp\/v2\/posts\/2125313","targetHints":{"allow":["GET"]}}],"collection":[{"href":"https:\/\/analyse.optim.biz\/index.php?rest_route=\/wp\/v2\/posts"}],"about":[{"href":"https:\/\/analyse.optim.biz\/index.php?rest_route=\/wp\/v2\/types\/post"}],"author":[{"embeddable":true,"href":"https:\/\/analyse.optim.biz\/index.php?rest_route=\/wp\/v2\/users\/1"}],"replies":[{"embeddable":true,"href":"https:\/\/analyse.optim.biz\/index.php?rest_route=%2Fwp%2Fv2%2Fcomments&post=2125313"}],"version-history":[{"count":0,"href":"https:\/\/analyse.optim.biz\/index.php?rest_route=\/wp\/v2\/posts\/2125313\/revisions"}],"wp:attachment":[{"href":"https:\/\/analyse.optim.biz\/index.php?rest_route=%2Fwp%2Fv2%2Fmedia&parent=2125313"}],"wp:term":[{"taxonomy":"category","embeddable":true,"href":"https:\/\/analyse.optim.biz\/index.php?rest_route=%2Fwp%2Fv2%2Fcategories&post=2125313"},{"taxonomy":"post_tag","embeddable":true,"href":"https:\/\/analyse.optim.biz\/index.php?rest_route=%2Fwp%2Fv2%2Ftags&post=2125313"}],"curies":[{"name":"wp","href":"https:\/\/api.w.org\/{rel}","templated":true}]}}