{"id":2125299,"date":"2026-09-02T23:52:29","date_gmt":"2026-09-02T20:52:29","guid":{"rendered":"https:\/\/analyse.optim.biz\/?p=2125299"},"modified":"2026-09-02T23:52:29","modified_gmt":"2026-09-02T20:52:29","slug":"noua-majoritate-psd-aur-sos-acuzata-ca-incepe-demolarea-statului-de-zborurile-nordis-nu-se-atinge-nimeni","status":"publish","type":"post","link":"https:\/\/analyse.optim.biz\/?p=2125299","title":{"rendered":"Noua \u201emajoritate\u201d PSD-AUR-SOS, acuzat\u0103 c\u0103 \u00eencepe \u201edemolarea statului\u201d. \u201dDe zborurile Nordis nu se atinge nimeni\u201d"},"content":{"rendered":"<p>[analyse_image type=&#8221;featured&#8221; src=&#8221;https:\/\/s2.ziareromania.ro\/?mmid=9504056b23048937fd&#8221;]<\/p>\n<div id=\"article__container\" class=\"news__container news__image__container\">\n<h1 class=\"news__title\" title=\"Noua \u201emajoritate\u201d PSD-AUR-SOS, acuzat\u0103 c\u0103 \u00eencepe \u201edemolarea statului\u201d. \u201dDe zborurile Nordis nu se atinge nimeni\u201d\">Noua \u201emajoritate\u201d PSD-AUR-SOS, acuzat\u0103 c\u0103 \u00eencepe \u201edemolarea statului\u201d. \u201dDe zborurile Nordis nu se atinge nimeni\u201d<\/h1>\n<\/div>\n<div class=\"news__info__content d-flex\">\n<div class=\"d-flex \">\n<div class=\"news__author mar10r\"> Autor: <span><a href=\"https:\/\/ziare.com\/autor\/maria-mora\"> Maria Mora <\/a><\/span><\/div>\n<div class=\"news__publish\">Miercuri, 02 Septembrie 2026, ora 13:04<\/div>\n<\/div>\n<div class=\"news__views\">1657 citiri<\/div>\n<\/div>\n<div class=\"stanga_stire news__image fleft article__marker\">\n<div class=\"news-image__content news__image__item\"><a class=\"news__image\" data-href=\"https:\/\/s1.ziareromania.ro\/?mmid=9504056b23048937fd\" data-size=\"1024x656\" title=\"Noua \u201emajoritate\u201d PSD-AUR-SOS, acuzat\u0103 c\u0103 \u00eencepe \u201edemolarea statului\u201d. \u201dDe zborurile Nordis nu se atinge nimeni\u201d\"><img decoding=\"async\" src=\"https:\/\/tb.ziareromania.ro\/Noua----majoritate----PSD-AUR-SOS--acuzat---c-----ncepe----demolarea-statului--------De-zborurile-Nordis-nu-se-atinge-nimeni---\/9504056b23048937fd\/400\/225\/2\/100\/Noua----majoritate----PSD-AUR-SOS--acuzat---c-----ncepe----demolarea-statului--------De-zborurile-Nordis-nu-se-atinge-nimeni---.jpg\" alt=\"Noua \u201emajoritate\u201d PSD-AUR-SOS, acuzat\u0103 c\u0103 \u00eencepe \u201edemolarea statului\u201d. \u201dDe zborurile Nordis nu se atinge nimeni\u201d\" title=\"Noua \u201emajoritate\u201d PSD-AUR-SOS, acuzat\u0103 c\u0103 \u00eencepe \u201edemolarea statului\u201d. \u201dDe zborurile Nordis nu se atinge nimeni\u201d\" class=\"img-responsive\"><\/a><\/p>\n<div class=\"news__caption\">FOTO Camera Deputatilor\/Facebook<\/div>\n<\/div>\n<\/div>\n<div class=\"news__content descriere_main article__marker\">\n<p><a href=\"https:\/\/ziare.com\/raluca-turcan\/\" title=\"Raluca Turcan\">Raluca Turcan<\/a>, vicepre\u0219edintele <a href=\"https:\/\/ziare.com\/pnl\/\" title=\"PNL\">PNL<\/a>, a criticat majoritatea <a href=\"https:\/\/ziare.com\/psd\/\" title=\"PSD\">PSD<\/a>\u2013<a href=\"https:\/\/ziare.com\/politica\/aur\/\" title=\"AUR\">AUR<\/a>\u2013SOS, pe care a acuzat-o c\u0103 \u201da \u00eenceput demolarea statului, cu noua majoritate din Camera Deputa\u021bilor\u201d, dup\u0103 blocarea proiectelor de reform\u0103 a justi\u021biei.<\/p>\n<p>\u201dPrima lovitur\u0103: au blocat modernizarea justi\u021biei. Au \u00eengropat m\u0103suri care ar fi f\u0103cut justi\u021bia mai rapid\u0103, mai transparent\u0103, mai eficient\u0103 \u0219i mai pu\u021bin vulnerabil\u0103 la influen\u021be politice. O justi\u021bie care s\u0103 lucreze pentru oameni, nu pentru interese de sistem. V\u0103 dau doar c\u00e2teva exemple de m\u0103suri \u00eengropate ast\u0103zi dintr-o lovitur\u0103. La pachet. F\u0103r\u0103 <a href=\"https:\/\/ziare.com\/politica\/dezbatere\/\" title=\"dezbatere\">dezbatere<\/a>. F\u0103r\u0103 argumente. Doar prin for\u021ba votului\u201d, a scris ea pe re\u021belele sociale.<\/p>\n<iframe loading=\"lazy\" src=\"https:\/\/www.facebook.com\/plugins\/post.php?href=https%3A%2F%2Fwww.facebook.com%2FRalucaTurcan%2Fposts%2Fpfbid0D9oFXnuwyDzUhhqhzLfvPivX9CNnUihTKVNbyTxxDMh5E6P5SxfyoicvMHHkufr2l&amp;show_text=true&amp;width=500\" width=\"500\" height=\"563\" scrolling=\"no\" frameborder allowfullscreen=\"true\" allow=\"autoplay; clipboard-write; encrypted-media; picture-in-picture; web-share\"><\/iframe>\n<\/div>\n<p>\u201d\u0218i aceasta este doar prima zi a noii coali\u021bii \u00eempotriva Rom\u00e2niei \u0219i a rom\u00e2nilor de r\u00e2nd. Unde mai este \u201erom\u00e2nul de r\u00e2nd\u201d din discursurile AUR? Unde este omul care \u00ee\u0219i caut\u0103 dreptatea \u0219i este strivit de procese interminabile? Promisiunile AUR au fost doar \u201emarketing politic\u201d? C\u00e2nd au avut ocazia s\u0103 voteze m\u0103suri concrete pentru o justi\u021bie mai rapid\u0103, mai transparent\u0103 \u0219i mai aproape de oameni, AUR a votat cot la cot cu <a href=\"https:\/\/ziare.com\/politica\/psd\/\" title=\"PSD\">PSD<\/a> \u0219i SOS pentru \u00eengroparea lor. Discursul e pentru \u201erom\u00e2nul de r\u00e2nd\u201d. Votul e al\u0103turi de PSD. Iar despre zborurile Nordis \u0219tim deja: nu se atinge nimeni! Grindeanu e la ad\u0103post. Garantat Simion!\u201d, a mai punctat Turcan.<\/p>\n<p>\u201d\u2022 M\u0103suri pentru prevenirea tergivers\u0103rii proceselor, astfel \u00eenc\u00e2t oamenii s\u0103 nu mai a\u0219tepte ani \u00eentregi pentru a li se face dreptate. \u00cengropate! Cu voturile PSD\u2013AUR\u2013SOS.<\/p>\n<p>\u2022 Reguli mai stricte pentru repartizarea aleatorie a dosarelor, pentru transparen\u021b\u0103 \u0219i garan\u021bia c\u0103 repartizarea cauzelor nu poate fi manipulat\u0103. \u00cengropate! Cu voturile PSD\u2013AUR\u2013SOS.<\/p>\n","protected":false},"excerpt":{"rendered":"<p>[analyse_image type=&#8221;featured&#8221; src=&#8221;https:\/\/s2.ziareromania.ro\/?mmid=9504056b23048937fd&#8221;] Noua \u201emajoritate\u201d PSD-AUR-SOS, acuzat\u0103 c\u0103 \u00eencepe \u201edemolarea statului\u201d. \u201dDe zborurile Nordis nu se atinge nimeni\u201d Autor: Maria Mora Miercuri, 02 Septembrie 2026, ora 13:04 1657 citiri FOTO Camera Deputatilor\/Facebook Raluca Turcan, vicepre\u0219edintele PNL, a criticat majoritatea PSD\u2013AUR\u2013SOS, pe care a acuzat-o c\u0103 \u201da \u00eenceput demolarea statului, cu noua majoritate din Camera Deputa\u021bilor\u201d, [&hellip;]<\/p>\n","protected":false},"author":1,"featured_media":0,"comment_status":"open","ping_status":"","sticky":false,"template":"","format":"standard","meta":{"footnotes":""},"categories":[89],"tags":[226,22],"class_list":["post-2125299","post","type-post","status-publish","format-standard","hentry","category-romania","tag-crawlmanager","tag-ziare-com"],"_links":{"self":[{"href":"https:\/\/analyse.optim.biz\/index.php?rest_route=\/wp\/v2\/posts\/2125299","targetHints":{"allow":["GET"]}}],"collection":[{"href":"https:\/\/analyse.optim.biz\/index.php?rest_route=\/wp\/v2\/posts"}],"about":[{"href":"https:\/\/analyse.optim.biz\/index.php?rest_route=\/wp\/v2\/types\/post"}],"author":[{"embeddable":true,"href":"https:\/\/analyse.optim.biz\/index.php?rest_route=\/wp\/v2\/users\/1"}],"replies":[{"embeddable":true,"href":"https:\/\/analyse.optim.biz\/index.php?rest_route=%2Fwp%2Fv2%2Fcomments&post=2125299"}],"version-history":[{"count":0,"href":"https:\/\/analyse.optim.biz\/index.php?rest_route=\/wp\/v2\/posts\/2125299\/revisions"}],"wp:attachment":[{"href":"https:\/\/analyse.optim.biz\/index.php?rest_route=%2Fwp%2Fv2%2Fmedia&parent=2125299"}],"wp:term":[{"taxonomy":"category","embeddable":true,"href":"https:\/\/analyse.optim.biz\/index.php?rest_route=%2Fwp%2Fv2%2Fcategories&post=2125299"},{"taxonomy":"post_tag","embeddable":true,"href":"https:\/\/analyse.optim.biz\/index.php?rest_route=%2Fwp%2Fv2%2Ftags&post=2125299"}],"curies":[{"name":"wp","href":"https:\/\/api.w.org\/{rel}","templated":true}]}}