{"id":2125285,"date":"2026-09-02T23:45:19","date_gmt":"2026-09-02T20:45:19","guid":{"rendered":"https:\/\/analyse.optim.biz\/?p=2125285"},"modified":"2026-09-02T23:45:19","modified_gmt":"2026-09-02T20:45:19","slug":"angela-merkel-in-romania-rusia-ramane-o-tara-cu-care-noi-trebuie-sa-incercam-sa-redeschidem-dialogul-ce-spune-despre-sua","status":"publish","type":"post","link":"https:\/\/analyse.optim.biz\/?p=2125285","title":{"rendered":"Angela Merkel, \u00een Rom\u00e2nia: \u201eRusia r\u0103m\u00e2ne o \u021bar\u0103 cu care noi trebuie s\u0103 \u00eencerc\u0103m s\u0103 redeschidem dialogul\u201d. Ce spune despre SUA"},"content":{"rendered":"<p>[analyse_image type=&#8221;featured&#8221; src=&#8221;https:\/\/s1.ziareromania.ro\/?mmid=79b4a56b2a418a445d&#8221;]<\/p>\n<div id=\"article__container\" class=\"news__container news__image__container\">\n<h1 class=\"news__title\" title=\"Angela Merkel, \u00een Rom\u00e2nia: \u201eRusia r\u0103m\u00e2ne o \u021bar\u0103 cu care noi trebuie s\u0103 \u00eencerc\u0103m s\u0103 redeschidem dialogul\u201d. Ce spune despre SUA\">Angela Merkel, \u00een Rom\u00e2nia: \u201eRusia r\u0103m\u00e2ne o \u021bar\u0103 cu care noi trebuie s\u0103 \u00eencerc\u0103m s\u0103 redeschidem dialogul\u201d. Ce spune despre SUA<\/h1>\n<\/div>\n<div class=\"news__info__content d-flex\">\n<div class=\"d-flex \">\n<div class=\"news__author mar10r\"> Autor: <span><a href=\"https:\/\/ziare.com\/autor\/dan-stan\"> Dan Stan <\/a><\/span><\/div>\n<div class=\"news__publish\">Miercuri, 02 Septembrie 2026, ora 11:57<\/div>\n<\/div>\n<div class=\"news__views\">1590 citiri<\/div>\n<\/div>\n<div class=\"stanga_stire news__image fleft article__marker\">\n<div class=\"news-image__content news__image__item\"><a class=\"news__image\" data-href=\"https:\/\/s1.ziareromania.ro\/?mmid=79b4a56b2a418a445d\" data-size=\"991x587\" title=\"Angela Merkel, \u00een Rom\u00e2nia: \u201eRusia r\u0103m\u00e2ne o \u021bar\u0103 cu care noi trebuie s\u0103 \u00eencerc\u0103m s\u0103 redeschidem dialogul\u201d. Ce spune despre SUA\"><img decoding=\"async\" src=\"https:\/\/tb.ziareromania.ro\/Angela-Merkel----n-Rom--nia-----Rusia-r--m--ne-o---ar---cu-care-noi-trebuie-s-----ncerc--m-s---redeschidem-dialogul-----Ce-spune-despre-SUA\/79b4a56b2a418a445d\/400\/225\/2\/100\/Angela-Merkel----n-Rom--nia-----Rusia-r--m--ne-o---ar---cu-care-noi-trebuie-s-----ncerc--m-s---redeschidem-dialogul-----Ce-spune-despre-SUA.jpg\" alt=\"Angela Merkel, \u00een Rom\u00e2nia: \u201eRusia r\u0103m\u00e2ne o \u021bar\u0103 cu care noi trebuie s\u0103 \u00eencerc\u0103m s\u0103 redeschidem dialogul\u201d. Ce spune despre SUA\" title=\"Angela Merkel, \u00een Rom\u00e2nia: \u201eRusia r\u0103m\u00e2ne o \u021bar\u0103 cu care noi trebuie s\u0103 \u00eencerc\u0103m s\u0103 redeschidem dialogul\u201d. Ce spune despre SUA\" class=\"img-responsive\"><\/a><\/p>\n<div class=\"news__caption\">Angela Merkel \u00een Rom\u00e2nia \/ FOTO: PRO TV<\/div>\n<\/div>\n<\/div>\n<div class=\"news__content descriere_main article__marker\">\n<p>Aflat\u0103 \u00een vizit\u0103 \u00een Rom\u00e2nia, pentru promovarea propriei c\u0103r\u021bi, <a href=\"https:\/\/ziare.com\/angela-merkel\/\" title=\"Angela Merkel\">Angela Merkel<\/a> a condamnat invazia rus\u0103 \u00een <a href=\"https:\/\/ziare.com\/international\/ucraina\/\" title=\"Ucraina\">Ucraina<\/a>, \u00eens\u0103 aceasta a men\u021bionat c\u0103 e nevoie de o deschidere mai mare pentru dialog a statelor europene cu <a href=\"https:\/\/ziare.com\/international\/moscova\/\" title=\"Moscova\">Moscova<\/a>.<\/p>\n<p>\u201eNu se poate trece\u201d peste faptul c\u0103 <a href=\"https:\/\/ziare.com\/vladimir-putin\/\" title=\"Vladimir Putin\">Vladimir Putin<\/a> a lezat principiile dreptului interna\u021bional, a spus Merkel, pentru <a href=\"https:\/\/stirileprotv.ro\/stiri\/interviurile-stirileprotv\/interviu-ce-spune-azi-angela-merkel-despre-vladimir-putin-si-invazia-din-ucraina-nu-exista-niciun-fel-de-justificare.html\" target=\"_blank\" rel=\"nofollow\">Pro TV<\/a>, chiar dac\u0103 \u201e<a href=\"https:\/\/ziare.com\/international\/rusia\/\" title=\"Rusia\">Rusia<\/a> r\u0103m\u00e2ne o \u021bar\u0103 cu care noi trebuie s\u0103 \u00eencerc\u0103m s\u0103 redeschidem dialogul\u201d.<\/p>\n<\/div>\n<h2>Angela Merkel: \u201eNu exist\u0103 niciun fel de justificare pentru ideea lui Putin\u201d<\/h2>\n<p>Fostul cancelar german a \u021binut s\u0103 men\u021bioneze c\u0103 nu sprijin\u0103 atacul rus \u00een Ucraina.<\/p>\n<p>\u201eVreau s\u0103 spun foarte clar, nu exist\u0103 niciun fel de justificare pentru ideea lui Putin de a reconstitui un imperiu apus. E un lucru pe care \u00eel refuz categoric. Iar pasul pe care l-a \u00eentreprins \u00een februarie 2022, atac\u00e2nd Ucraina, va r\u0103m\u00e2ne \u00eentotdeauna legat de numele lui. El a distrus ordinea reconstituit\u0103 cu mari eforturi dup\u0103 al Doilea R\u0103zboi Mondial\u201d, a transmis Angela Merkel.<\/p>\n<h2>Angela Merkel: \u201eNiciodat\u0103 nu a\u0219 pune sub semnul \u00eentreb\u0103rii rela\u021bia cu <a href=\"https:\/\/ziare.com\/international\/america\/\" title=\"America\">America<\/a>\u201d<\/h2>\n<p>Uniunea European\u0103 trebuie s\u0103 \u00eent\u0103reasc\u0103 rela\u021bia cu <a href=\"https:\/\/ziare.com\/international\/sua\/\" title=\"SUA\">SUA<\/a>, consider\u0103 fostul cancelar german.<\/p>\n<p>\u201eDin perspectiv\u0103 american\u0103, trebuie s\u0103 fac\u0103 tot ce pot pentru a sus\u021bine o Europ\u0103 puternic\u0103. Ceea ce nu \u00eenseamn\u0103 c\u0103 Europa nu trebuie s\u0103 fac\u0103 \u0219i ea mai mult. (\u2026) Deci, eu, \u00een calitate de european, niciodat\u0103 nu a\u0219 pune sub semnul \u00eentreb\u0103rii rela\u021bia cu America \u0219i nici America, pe termen mediu, nu va face acest lucru\u201d, a mai precizat Angela Merkel.<\/p>\n","protected":false},"excerpt":{"rendered":"<p>[analyse_image type=&#8221;featured&#8221; src=&#8221;https:\/\/s1.ziareromania.ro\/?mmid=79b4a56b2a418a445d&#8221;] Angela Merkel, \u00een Rom\u00e2nia: \u201eRusia r\u0103m\u00e2ne o \u021bar\u0103 cu care noi trebuie s\u0103 \u00eencerc\u0103m s\u0103 redeschidem dialogul\u201d. Ce spune despre SUA Autor: Dan Stan Miercuri, 02 Septembrie 2026, ora 11:57 1590 citiri Angela Merkel \u00een Rom\u00e2nia \/ FOTO: PRO TV Aflat\u0103 \u00een vizit\u0103 \u00een Rom\u00e2nia, pentru promovarea propriei c\u0103r\u021bi, Angela Merkel a [&hellip;]<\/p>\n","protected":false},"author":1,"featured_media":0,"comment_status":"open","ping_status":"","sticky":false,"template":"","format":"standard","meta":{"footnotes":""},"categories":[89],"tags":[226,22],"class_list":["post-2125285","post","type-post","status-publish","format-standard","hentry","category-romania","tag-crawlmanager","tag-ziare-com"],"_links":{"self":[{"href":"https:\/\/analyse.optim.biz\/index.php?rest_route=\/wp\/v2\/posts\/2125285","targetHints":{"allow":["GET"]}}],"collection":[{"href":"https:\/\/analyse.optim.biz\/index.php?rest_route=\/wp\/v2\/posts"}],"about":[{"href":"https:\/\/analyse.optim.biz\/index.php?rest_route=\/wp\/v2\/types\/post"}],"author":[{"embeddable":true,"href":"https:\/\/analyse.optim.biz\/index.php?rest_route=\/wp\/v2\/users\/1"}],"replies":[{"embeddable":true,"href":"https:\/\/analyse.optim.biz\/index.php?rest_route=%2Fwp%2Fv2%2Fcomments&post=2125285"}],"version-history":[{"count":0,"href":"https:\/\/analyse.optim.biz\/index.php?rest_route=\/wp\/v2\/posts\/2125285\/revisions"}],"wp:attachment":[{"href":"https:\/\/analyse.optim.biz\/index.php?rest_route=%2Fwp%2Fv2%2Fmedia&parent=2125285"}],"wp:term":[{"taxonomy":"category","embeddable":true,"href":"https:\/\/analyse.optim.biz\/index.php?rest_route=%2Fwp%2Fv2%2Fcategories&post=2125285"},{"taxonomy":"post_tag","embeddable":true,"href":"https:\/\/analyse.optim.biz\/index.php?rest_route=%2Fwp%2Fv2%2Ftags&post=2125285"}],"curies":[{"name":"wp","href":"https:\/\/api.w.org\/{rel}","templated":true}]}}