{"id":212525,"date":"2014-02-13T15:29:57","date_gmt":"2014-02-13T12:29:57","guid":{"rendered":"https:\/\/analyse.optim.biz\/?p=212525"},"modified":"2014-02-13T15:29:57","modified_gmt":"2014-02-13T12:29:57","slug":"reteaua-de-la-prahova-vlad-cosma-deputat-psd-voi-cere-sa-se-faca-dreptate","status":"publish","type":"post","link":"https:\/\/analyse.optim.biz\/?p=212525","title":{"rendered":"Re\u021beaua de la Prahova. Vlad Cosma, deputat PSD: \u201eVoi cere s\u0103 se fac\u0103 dreptate\u201d"},"content":{"rendered":"<div class=\"entry data-app-meta data-app-meta-article\" data-embed-base-url-canonical=\"https:\/\/www.digi24.ro\/embed\/stiri\/actualitate\/politica\/reteaua-de-la-prahova-vlad-cosma-deputat-psd-voi-cere-sa-se-faca-dreptate-199859\">\n<p data-index=\"1\"><img decoding=\"async\" src=\"https:\/\/analyse.optim.biz\/wp-content\/uploads\/2024\/09\/yxnopwqwzwfindg5yjqznzbhzjbiytzhnjk2odjjmwi2ndvj-thumb_.jpg\" data-skip-htmlfix=\"1\" title=\"yxnopwqwzwfindg5yjqznzbhzjbiytzhnjk2odjjmwi2ndvj-thumb_\">\u201eVoi cere s\u0103 se fac\u0103 dreptate\u201d, le-a spus el jurnali\u0219tilor, refuz\u00e2nd s\u0103 fac\u0103 orice alt\u0103 declara\u021bie p\u00e2n\u0103 luni. \u201eV\u0103 spun doar c\u0103 p\u00e2n\u0103 luni nu v\u0103 dau nicio informa\u021bie, o s\u0103 r\u0103spund numai \u00een fa\u021ba comisiei juridice \u0219i o s\u0103-mi citesc declara\u021bia \u00een plen. Alte comentarii nu vreau s\u0103 fac, nu doresc s\u0103 fac, nu am voie s\u0103 dau alte am\u0103nunte, pentru c\u0103 sunt \u0219i alte persoane implicate. O sa\u0103 dau alte informa\u021bii luni, dup\u0103 plen\u201d, a spus deputatul.<\/p>\n<p data-index=\"2\"><strong>Vlad Cosma<\/strong> este fiul pre\u0219edintelui <strong>Consiliului Jude\u021bean Prahova<\/strong>, <strong>Mircea Cosma<\/strong>, \u0219i el <a href=\"https:\/\/www.digi24.ro\/Stiri\/Digi24\/Actualitate\/Stiri\/Mircea+Cosma+cercetat+in+libertate+control+judiciar\" target=\"_blank\" data-skip-linkfix=\"1\" rel=\"noopener\">cercetat &#8211; \u00een libertate sub control judiciar<\/a> &#8211; pentru trafic de influen\u021b\u0103. Ambii sunt b\u0103nui\u021bi c\u0103 ar fi acordat contracte din bani publici unor <a href=\"https:\/\/www.digi24.ro\/Stiri\/Digi24\/Actualitate\/Justitie\/Reteaua+de+la+Prahova+Unul+dintre+membri+ar+fi+scos+din+banci+cu\" target=\"_blank\" data-skip-linkfix=\"1\" rel=\"noopener\">firme care au dat mit\u0103.<\/a><\/p>\n<p data-index=\"3\">Miercuri, <strong>Biroul permanent al Camerei Deputa\u021bilor<\/strong> a primit solicitarea procurorilor de a \u00eencuviin\u021ba arestarea deputatatului Vlad Cosma. Dosarul a fost trimis la comisia juridic\u0103, urm\u00e2nd s\u0103 fie analizat de c\u0103tre deputa\u021bi, care vor dori s\u0103 vad\u0103 ce probe sunt \u00een acel dosar. O decizie se va lua cel mai probabil luni.<\/p>\n<p data-index=\"4\">Comisia juridic\u0103 va elabora un raport prin care va aviza sau nu cererea procurorilor. Raportul, care are doar o valoare de recomandare, merge apoi \u00een plen, unde este votul decisiv \u00een privin\u021ba arest\u0103rii deputatului. \u00cen cazul unui vot negativ, deputatul va fi cercetat \u00een libertate.<\/p>\n<\/div>\n<p> Source URL: https:\/\/www.digi24.ro\/stiri\/actualitate\/politica\/reteaua-de-la-prahova-vlad-cosma-deputat-psd-voi-cere-sa-se-faca-dreptate-199859<\/p>\n","protected":false},"excerpt":{"rendered":"<p>\u201eVoi cere s\u0103 se fac\u0103 dreptate\u201d, le-a spus el jurnali\u0219tilor, refuz\u00e2nd s\u0103 fac\u0103 orice alt\u0103 declara\u021bie p\u00e2n\u0103 luni. \u201eV\u0103 spun doar c\u0103 p\u00e2n\u0103 luni nu v\u0103 dau nicio informa\u021bie, o s\u0103 r\u0103spund numai \u00een fa\u021ba comisiei juridice \u0219i o s\u0103-mi citesc declara\u021bia \u00een plen. Alte comentarii nu vreau s\u0103 fac, nu doresc s\u0103 fac, nu [&hellip;]<\/p>\n","protected":false},"author":1,"featured_media":212526,"comment_status":"open","ping_status":"","sticky":false,"template":"","format":"standard","meta":{"footnotes":""},"categories":[2],"tags":[11],"class_list":["post-212525","post","type-post","status-publish","format-standard","has-post-thumbnail","hentry","category-politics","tag-digi24"],"_links":{"self":[{"href":"https:\/\/analyse.optim.biz\/index.php?rest_route=\/wp\/v2\/posts\/212525","targetHints":{"allow":["GET"]}}],"collection":[{"href":"https:\/\/analyse.optim.biz\/index.php?rest_route=\/wp\/v2\/posts"}],"about":[{"href":"https:\/\/analyse.optim.biz\/index.php?rest_route=\/wp\/v2\/types\/post"}],"author":[{"embeddable":true,"href":"https:\/\/analyse.optim.biz\/index.php?rest_route=\/wp\/v2\/users\/1"}],"replies":[{"embeddable":true,"href":"https:\/\/analyse.optim.biz\/index.php?rest_route=%2Fwp%2Fv2%2Fcomments&post=212525"}],"version-history":[{"count":0,"href":"https:\/\/analyse.optim.biz\/index.php?rest_route=\/wp\/v2\/posts\/212525\/revisions"}],"wp:featuredmedia":[{"embeddable":true,"href":"https:\/\/analyse.optim.biz\/index.php?rest_route=\/wp\/v2\/media\/212526"}],"wp:attachment":[{"href":"https:\/\/analyse.optim.biz\/index.php?rest_route=%2Fwp%2Fv2%2Fmedia&parent=212525"}],"wp:term":[{"taxonomy":"category","embeddable":true,"href":"https:\/\/analyse.optim.biz\/index.php?rest_route=%2Fwp%2Fv2%2Fcategories&post=212525"},{"taxonomy":"post_tag","embeddable":true,"href":"https:\/\/analyse.optim.biz\/index.php?rest_route=%2Fwp%2Fv2%2Ftags&post=212525"}],"curies":[{"name":"wp","href":"https:\/\/api.w.org\/{rel}","templated":true}]}}