{"id":212522,"date":"2014-02-13T15:39:17","date_gmt":"2014-02-13T12:39:17","guid":{"rendered":"https:\/\/analyse.optim.biz\/?p=212522"},"modified":"2014-02-13T15:39:17","modified_gmt":"2014-02-13T12:39:17","slug":"partidul-conservator-revolutia-bunului-simt-a-durat-fix-cinci-ani-pentru-crin-antonescu","status":"publish","type":"post","link":"https:\/\/analyse.optim.biz\/?p=212522","title":{"rendered":"Partidul Conservator: Revolu\u0163ia bunului sim\u0163 a durat fix cinci ani pentru Crin Antonescu"},"content":{"rendered":"<div class=\"entry data-app-meta data-app-meta-article\" data-embed-base-url-canonical=\"https:\/\/www.digi24.ro\/embed\/stiri\/actualitate\/politica\/partidul-conservator-revolutia-bunului-simt-a-durat-fix-cinci-ani-pentru-crin-antonescu-199864\">\n<p data-index=\"1\"><img decoding=\"async\" src=\"https:\/\/analyse.optim.biz\/wp-content\/uploads\/2024\/09\/odawjmhhc2g9mjq4ztk2ywmzyzhjogm5ndi1mtrlnjq3yzy4nzi4oty-thumb_.jpg\" data-skip-htmlfix=\"1\" title=\"odawjmhhc2g9mjq4ztk2ywmzyzhjogm5ndi1mtrlnjq3yzy4nzi4oty-thumb_\"><\/p>\n<p data-index=\"2\">\u201eAtitudinea pre\u015fedintelui PNL ne dezam\u0103ge\u015fte. Nu vorbesc de PNL \u00een ansamblu, pentru c\u0103 nu \u015ftiu dac\u0103 to\u0163i membrii PNL \u00eembr\u0103\u0163i\u015feaz\u0103 atitudinea acestuia. Din p\u0103cate, revolu\u0163ia bunului sim\u0163 a durat fix 5 ani pentru <strong>Crin Antonescu<\/strong>!\u201d, se arat\u0103 \u00eentr-un comunicat semnat de<strong> Codrin Scutaru.<\/strong><\/p>\n<p data-index=\"3\">\u201e\u00cenc\u0103 mai sper\u0103m c\u0103 dl Crin Antonescu, pe care l-am tratat \u00eentotdeauna cu respect, mai ales pentru c\u0103 noi am crezut c\u0103 va oferi rom\u00e2nilor exact opusul politicii umilitoare promovat\u0103 de Traian B\u0103sescu, va reveni la \u00een\u0163elepciune \u015fi va pune cap\u0103t acestei crize din interiorul USL\u201d, se mai arat\u0103 \u00een comunicatul citat.\u00a0<\/p>\n<p data-index=\"4\">PNL a anun\u021bat c\u0103 nu va accepta un vicepremier desemnat de Partidul Conservator<strong>. \u201e<em>Asta ar \u00eensemna un soi de infla\u0163ie, o devalorizare a func\u0163iei vicepremierului \u00een acest Guvern. Nu se poate ca noul Guvern s\u0103 debuteze prin intrarea \u00een func\u0163ia de vicepremier de m\u00e2n\u0103 a lui Klaus Iohannis cu Daniel Constantin. A\u015fa ceva nu se poate<\/em>\u201d, <\/strong>a declarat liderul liberal <a href=\"https:\/\/www.digi24.ro\/Stiri\/Digi24\/Actualitate\/Politica\/Crin+Antonescu+Daniel+Constantin+vicepremier+devalorizare\" target=\"_blank\" data-skip-linkfix=\"1\" rel=\"noopener\"><strong>Crin Antonescu<\/strong><\/a>, luni sear\u0103, la o televiziune de \u0219tiri.<\/p>\n<p data-index=\"5\">\u201eNu ne crampon\u0103m \u00een a-i face vreun necaz lui Daniel Constantin, pentru c\u0103 nu e treaba lui Daniel Constantin \u00een via\u0163\u0103 s\u0103 devin\u0103 vicepremier \u00een Guvernul \u0103sta. \u00cen altul poate s\u0103 devin\u0103 premier c\u00e2nd o fi, pre\u015fedinte, secretar general al ONU. Dar \u00een acest Guvern, noi nu ne batem joc de func\u0163ia de vicepremier\u201d, a ad\u0103ugat liderul liberal. \u00a0<\/p>\n<\/div>\n<p> Source URL: https:\/\/www.digi24.ro\/stiri\/actualitate\/politica\/partidul-conservator-revolutia-bunului-simt-a-durat-fix-cinci-ani-pentru-crin-antonescu-199864<\/p>\n","protected":false},"excerpt":{"rendered":"<p>\u201eAtitudinea pre\u015fedintelui PNL ne dezam\u0103ge\u015fte. Nu vorbesc de PNL \u00een ansamblu, pentru c\u0103 nu \u015ftiu dac\u0103 to\u0163i membrii PNL \u00eembr\u0103\u0163i\u015feaz\u0103 atitudinea acestuia. Din p\u0103cate, revolu\u0163ia bunului sim\u0163 a durat fix 5 ani pentru Crin Antonescu!\u201d, se arat\u0103 \u00eentr-un comunicat semnat de Codrin Scutaru. \u201e\u00cenc\u0103 mai sper\u0103m c\u0103 dl Crin Antonescu, pe care l-am tratat \u00eentotdeauna [&hellip;]<\/p>\n","protected":false},"author":1,"featured_media":212523,"comment_status":"open","ping_status":"","sticky":false,"template":"","format":"standard","meta":{"footnotes":""},"categories":[2],"tags":[11],"class_list":["post-212522","post","type-post","status-publish","format-standard","has-post-thumbnail","hentry","category-politics","tag-digi24"],"_links":{"self":[{"href":"https:\/\/analyse.optim.biz\/index.php?rest_route=\/wp\/v2\/posts\/212522","targetHints":{"allow":["GET"]}}],"collection":[{"href":"https:\/\/analyse.optim.biz\/index.php?rest_route=\/wp\/v2\/posts"}],"about":[{"href":"https:\/\/analyse.optim.biz\/index.php?rest_route=\/wp\/v2\/types\/post"}],"author":[{"embeddable":true,"href":"https:\/\/analyse.optim.biz\/index.php?rest_route=\/wp\/v2\/users\/1"}],"replies":[{"embeddable":true,"href":"https:\/\/analyse.optim.biz\/index.php?rest_route=%2Fwp%2Fv2%2Fcomments&post=212522"}],"version-history":[{"count":0,"href":"https:\/\/analyse.optim.biz\/index.php?rest_route=\/wp\/v2\/posts\/212522\/revisions"}],"wp:featuredmedia":[{"embeddable":true,"href":"https:\/\/analyse.optim.biz\/index.php?rest_route=\/wp\/v2\/media\/212523"}],"wp:attachment":[{"href":"https:\/\/analyse.optim.biz\/index.php?rest_route=%2Fwp%2Fv2%2Fmedia&parent=212522"}],"wp:term":[{"taxonomy":"category","embeddable":true,"href":"https:\/\/analyse.optim.biz\/index.php?rest_route=%2Fwp%2Fv2%2Fcategories&post=212522"},{"taxonomy":"post_tag","embeddable":true,"href":"https:\/\/analyse.optim.biz\/index.php?rest_route=%2Fwp%2Fv2%2Ftags&post=212522"}],"curies":[{"name":"wp","href":"https:\/\/api.w.org\/{rel}","templated":true}]}}