{"id":2125116,"date":"2026-09-02T20:05:15","date_gmt":"2026-09-02T17:05:15","guid":{"rendered":"https:\/\/analyse.optim.biz\/?p=2125116"},"modified":"2026-09-02T20:05:15","modified_gmt":"2026-09-02T17:05:15","slug":"scandal-in-spania-dupa-aparitia-unui-raport-privind-rolul-marocului-in-criza-din-ceuta-guvernul-sanchez","status":"publish","type":"post","link":"https:\/\/analyse.optim.biz\/?p=2125116","title":{"rendered":"Scandal \u00een Spania dup\u0103 apari\u021bia unui raport privind rolul Marocului \u00een criza din Ceuta. Guvernul Sanchez&#8230;"},"content":{"rendered":"<p>[analyse_image type=&#8221;featured&#8221; src=&#8221;https:\/\/s.iw.ro\/gateway\/g\/ZmlsZVNvdXJjZT1odHRwJTNBJTJGJTJG\/c3RvcmFnZTA4dHJhbnNjb2Rlci5yY3Mt\/cmRzLnJvJTJGc3RvcmFnZSUyRjIwMjYl\/MkYwNiUyRjIyJTJGMjgwMjE4MF8yODAy\/MTgwX0dldHR5SW1hZ2VzLTExNjM1NTgy\/MTMuanBnJnc9MTIwMCZoPTYzMCZ6Yz0x\/Jmhhc2g9MDMwMzg2MzA1Nzc4ZWE0NGE2ZGIxMWM4ZGQ5MTM0Yzk=.thumb.jpg&#8221;]<\/p>\n<div class=\"entry data-app-meta data-app-meta-article\" data-embed-base-url-canonical=\"https:\/\/www.digi24.ro\/embed\/stiri\/externe\/ue\/scandal-in-spania-dupa-aparitia-unui-raport-privind-rolul-marocului-in-criza-din-ceuta-guvernul-sanchez-acuzat-de-musamalizare-3932887\">\n<p data-index=\"1\"><strong>Guvernul spaniol se confrunt\u0103 cu o nou\u0103 criz\u0103 politic\u0103 dup\u0103 apari\u021bia \u00een pres\u0103 a unor informa\u021bii potrivit c\u0103rora for\u021bele marocane ar fi avut un rol \u00een afluxul masiv de migran\u021bi care au ajuns \u00een Ceuta. Presupusul raport al poli\u021biei contrazice versiunea prezentat\u0103 p\u00e2n\u0103 acum de executivul condus de Pedro Sanchez, care a exclus implicarea Marocului. Situa\u021bia s-a complicat dup\u0103 ce un oficial de rang \u00eenalt al poli\u021biei a negat existen\u021ba unui raport care s\u0103 atribuie direct responsabilitatea Rabatului, \u00een timp ce opozi\u021bia \u00eel acuz\u0103 pe premier c\u0103 guvernul \u201e\u0219tia \u0219i a mu\u0219amalizat totul\u201d, relateaz\u0103 <a href=\"https:\/\/www.euronews.com\/my-europe\/2026\/09\/02\/spain-government-in-disarray-as-conflicting-reports-swirl-over-moroccos-role-in-ceuta\" target=\"_blank\" rel=\"noopener\" data-skip-linkfix=\"1\">Euronews<\/a>.<\/strong><\/p>\n<p data-index=\"2\">Mai multe institu\u021bii de pres\u0103 din Spania au relatat miercuri, cit\u00e2nd un document al for\u021belor de ordine, c\u0103 autorit\u0103\u021bile marocane ar fi contribuit la deplasarea migran\u021bilor pe mare c\u0103tre enclava spaniol\u0103 Ceuta \u0219i c\u0103 ar fi avut o atitudine \u201epasiv\u0103\u201d \u00een timpul crizei.<\/p>\n<p data-index=\"3\">Potrivit informa\u021biilor ap\u0103rute \u00een pres\u0103, documentul ar indica \u0219i c\u0103 afluxul masiv de aproximativ 80.000 de migran\u021bi nu ar fi fost accidental.<\/p>\n<p data-index=\"4\">Informa\u021biile contrazic <a href=\"https:\/\/www.digi24.ro\/stiri\/externe\/ue\/criza-migrantilor-din-ceuta-premierul-spaniol-exclude-orice-rol-al-marocului-in-cele-intamplate-de-ce-l-acuza-israelul-de-minciuna-3929389\" target=\"_blank\" rel=\"noopener\" data-skip-linkfix=\"1\">pozi\u021bia exprimat\u0103 p\u00e2n\u0103 acum de guvernul spaniol<\/a>, care nu a acuzat Marocul de provocarea crizei.<\/p>\n<p data-index=\"5\">Ministrul spaniol de Interne, Fernando Grande-Marlaska, criticat pentru gestionarea situa\u021biei, a cerut poli\u021biei s\u0103 clarifice informa\u021biile ap\u0103rute \u00een pres\u0103.<\/p>\n<p data-index=\"6\">Ulterior, \u00eens\u0103, un oficial de rang \u00eenalt al poli\u021biei a negat existen\u021ba unui raport care s\u0103 atribuie \u00een mod direct Marocului responsabilitatea pentru evenimentele din Ceuta.<\/p>\n<p data-index=\"7\">Contradic\u021biile nu au reu\u0219it s\u0103 calmeze disputa politic\u0103, iar \u00eentreb\u0103rile se concentreaz\u0103 acum asupra informa\u021biilor de care dispunea guvernul spaniol \u00eenainte de declan\u0219area crizei \u0219i asupra eventualelor avertismente primite de la serviciile de informa\u021bii.<\/p>\n<h2 id=\"highlight-3932887-1\">Opozi\u021bia: Guvernul \u201e\u0219tia \u0219i a mu\u0219amalizat totul\u201d<\/h2>\n<p data-index=\"8\">Liderul opozi\u021biei spaniole, Alberto N\u00fa\u00f1ez Feij\u00f3o, a lansat miercuri una dintre cele mai dure acuza\u021bii la adresa executivului S\u00e1nchez, sus\u021bin\u00e2nd c\u0103 acesta avea informa\u021bii despre situa\u021bie.<\/p>\n<p data-index=\"9\">Guvernul \u201e\u0219tia \u0219i a mu\u0219amalizat totul\u201d, le-a declarat Feij\u00f3o jurnali\u0219tilor.<\/p>\n<p data-index=\"10\">Mini\u0219trii spanioli au oferit versiuni contradictorii \u00een privin\u021ba informa\u021biilor de care dispuneau \u00een zilele premerg\u0103toare crizei \u0219i dac\u0103 serviciile de informa\u021bii transmiseser\u0103 avertismente importante.<\/p>\n<p data-index=\"11\">Miza politic\u0103 este una major\u0103. \u00cen cazul \u00een care s-ar demonstra c\u0103 autorit\u0103\u021bile au primit avertismente privind un risc la adresa securit\u0103\u021bii na\u021bionale \u0219i nu au ac\u021bionat, situa\u021bia ar putea alimenta apelurile opozi\u021biei pentru o mo\u021biune de cenzur\u0103 \u00eempotriva premierului Pedro S\u00e1nchez \u0219i a guvernului s\u0103u.<\/p>\n<p data-index=\"12\">Premierul se confrunt\u0103 astfel cu una dintre cele mai grave crize politice ale mandatului s\u0103u, \u00eenaintea alegerilor programate pentru 2027.<\/p>\n<p data-index=\"13\">Miercuri, \u00een mai multe ora\u0219e din Spania au avut loc \u0219i manifesta\u021bii de solidaritate cu Ceuta.<\/p>\n<h2 id=\"highlight-3932887-2\">Madridul a refuzat p\u00e2n\u0103 acum s\u0103 acuze Marocul<\/h2>\n<p data-index=\"14\">Spania nu a atribuit Marocului responsabilitatea pentru afluxul de migran\u021bi nici dup\u0103 ce a calificat evenimentele din Ceuta, \u00een urma c\u0103rora peste 150 de persoane au murit \u00een mare, drept o \u00eenc\u0103lcare a integrit\u0103\u021bii sale teritoriale.<\/p>\n<p data-index=\"15\">Madridul a indicat \u00een schimb drept factori principali informa\u021biile false distribuite pe re\u021belele sociale \u00een leg\u0103tur\u0103 cu o hot\u0103r\u00e2re judec\u0103toreasc\u0103 \u0219i activitatea trafican\u021bilor de persoane.<\/p>\n<p data-index=\"16\">La \u00eenceputul acestei s\u0103pt\u0103m\u00e2ni, Pedro S\u00e1nchez a afirmat c\u0103 Rusia \u0219i Israelul ar fi contribuit la amplificarea dezinform\u0103rii privind criza din Ceuta.<\/p>\n<p data-index=\"17\">Premierul spaniol a declarat atunci c\u0103 serviciile de informa\u021bii nu aveau dovezi privind o eventual\u0103 implicare a Marocului \u0219i a insistat c\u0103 rela\u021bia dintre Madrid \u0219i Rabat este \u201emai puternic\u0103 dec\u00e2t oric\u00e2nd\u201d.<\/p>\n<p data-index=\"18\">Pozi\u021bia guvernului spaniol a fost sus\u021binut\u0103 \u0219i de Comisia European\u0103, care a continuat s\u0103 descrie Marocul drept un \u201epartener de \u00eencredere\u201d \u00een combaterea migra\u021biei ilegale.<\/p>\n<p data-index=\"19\">Comisia European\u0103 a refuzat miercuri s\u0103 comenteze informa\u021biile privind presupusul raport ajuns \u00een pres\u0103, un purt\u0103tor de cuv\u00e2nt afirm\u00e2nd c\u0103 este vorba despre o chestiune intern\u0103 a Spaniei.<\/p>\n<p data-index=\"20\">Juan Fernando L\u00f3pez Aguilar, fost ministru socialist al Justi\u021biei \u0219i actual europarlamentar, consider\u0103 \u00eens\u0103 c\u0103 amploarea evenimentelor ridic\u0103 \u00eentreb\u0103ri privind comportamentul autorit\u0103\u021bilor marocane.<\/p>\n<p data-index=\"21\">\u201eEste evident c\u0103 acest lucru nu s-ar fi putut \u00eent\u00e2mpla f\u0103r\u0103 ca autorit\u0103\u021bile marocane s\u0103 \u00eenchid\u0103 ochii\u201d, a declarat L\u00f3pez Aguilar pentru Euronews.<\/p>\n<p data-index=\"22\">El a subliniat \u00eens\u0103 c\u0103 guvernul trebuie s\u0103 ac\u021bioneze pe baza \u201efaptelor \u0219i a dovezilor\u201d.<\/p>\n<h2 id=\"highlight-3932887-3\">Pre\u0219edintele Ceutei acuz\u0103 direct Marocul<\/h2>\n<p data-index=\"23\">\u00cen timp ce la Madrid se amplific\u0103 disputa politic\u0103, situa\u021bia din Ceuta r\u0103m\u00e2ne dificil\u0103. Aproximativ 5.000 de migran\u021bi, dintre care aproape jum\u0103tate ar fi minori, se afl\u0103 \u00eenc\u0103 \u00een enclav\u0103, potrivit estim\u0103rilor citate de Euronews. Autorit\u0103\u021bile locale estimeaz\u0103 \u00eens\u0103 c\u0103 num\u0103rul lor real s-ar putea apropia de 10.000.<\/p>\n<p data-index=\"24\">Pre\u0219edintele ora\u0219ului autonom Ceuta, Juan Jes\u00fas Vivas, a avertizat miercuri c\u0103 ora\u0219ul se afl\u0103 \u201e\u00een pragul colapsului\u201d \u0219i, spre deosebire de guvernul central, a acuzat direct Marocul.<\/p>\n<p data-index=\"25\">\u201eMarocul a avut \u0219i continu\u0103 s\u0103 aib\u0103 un obiectiv constant: s\u0103 sufoce, s\u0103 h\u0103r\u021buiasc\u0103 \u0219i s\u0103 doboare cele dou\u0103 ora\u0219e ale noastre\u201d, a declarat Vivas, referindu-se la Ceuta \u0219i Melilla, enclavele spaniole din nordul Africii.<\/p>\n<p data-index=\"26\">Oficialul a sus\u021binut c\u0103 situa\u021bia dep\u0103\u0219e\u0219te dimensiunea unei crize migratorii.<\/p>\n<p data-index=\"27\">\u201eCred c\u0103 nimeni nu se \u00eendoie\u0219te c\u0103 ceea ce ni s-a \u00eent\u00e2mplat nu este o criz\u0103 migratorie. Ceea ce s-a \u00eent\u00e2mplat reprezint\u0103 o \u00eenc\u0103lcare a integrit\u0103\u021bii teritoriale a Spaniei\u201d, a afirmat el.<\/p>\n<p data-index=\"28\">Vivas a cerut returnarea migran\u021bilor, sus\u021bin\u00e2nd c\u0103 aceasta ar fi singura modalitate de restabilire a normalit\u0103\u021bii \u00een Ceuta. Autorit\u0103\u021bile spaniole se confrunt\u0103 \u00eens\u0103 cu dificult\u0103\u021bi juridice, \u00een special \u00een cazul minorilor, care beneficiaz\u0103 de protec\u021bie special\u0103 \u0219i nu pot fi returna\u021bi imediat.<\/p>\n<p data-index=\"29\">Madridul a solicitat \u00eentre timp sprijinul Frontex, agen\u021bia Uniunii Europene responsabil\u0103 de gestionarea frontierelor externe.<\/p>\n<p data-index=\"30\">Autorit\u0103\u021bile marocane au sus\u021binut c\u0103 planul Spaniei privind regularizarea unui num\u0103r mare de migran\u021bi, anun\u021bat la \u00eenceputul acestui an, ar fi putut reprezenta un stimulent pentru persoanele care au \u00eencercat s\u0103 ajung\u0103 \u00een Ceuta.<\/p>\n<p data-index=\"31\"><strong>Cite\u0219te \u0219i:<\/strong><\/p>\n<ul>\n<li><strong><a href=\"https:\/\/www.digi24.ro\/stiri\/externe\/vrem-sa-ne-decidem-singure-viitorul-marturiile-adolescentelor-care-si-au-riscat-viata-pentru-a-ajunge-in-ceuta-3929581\" target=\"_blank\" rel=\"noopener\" data-skip-linkfix=\"1\">\u201eVreau s\u0103 muncesc cu demnitate\u201d. M\u0103rturiile adolescentelor care \u0219i-au riscat via\u021ba pentru a ajunge \u00een Ceuta<\/a><\/strong><\/li>\n<li><strong><a href=\"https:\/\/www.digi24.ro\/stiri\/externe\/ue\/spatiul-schengen-din-nou-sub-presiune-controalele-la-frontiere-se-extind-iar-tarile-ue-se-cearta-pe-redistribuirea-migrantilor-3929801\" target=\"_blank\" rel=\"noopener\" data-skip-linkfix=\"1\">Spa\u021biul Schengen, din nou sub presiune. Controalele la frontiere se extind, iar \u021b\u0103rile UE se ceart\u0103 pe redistribuirea migran\u021bilor<\/a><\/strong><\/li>\n<li><strong><a href=\"https:\/\/www.digi24.ro\/stiri\/externe\/germania-a-decis-prelungirea-controalelor-la-frontierele-externe-in-urma-crizei-migratorii-din-ceuta-3912637\" target=\"_blank\" rel=\"noopener\" data-skip-linkfix=\"1\">Germania a decis prelungirea controalelor la frontierele externe, \u00een urma crizei migratorii din Ceuta<\/a><\/strong><\/li>\n<\/ul>\n<p> Editor : <a href=\"https:\/\/www.digi24.ro\/autor\/stefania-apostol\"> \u0218.A. <\/a><\/p>\n<\/div>\n<p>[analyse_source url=&#8221;https:\/\/www.digi24.ro\/stiri\/externe\/ue\/scandal-in-spania-dupa-aparitia-unui-raport-privind-rolul-marocului-in-criza-din-ceuta-guvernul-sanchez-acuzat-de-musamalizare-3932887&#8243;]<\/p>\n","protected":false},"excerpt":{"rendered":"<p>[analyse_image type=&#8221;featured&#8221; src=&#8221;https:\/\/s.iw.ro\/gateway\/g\/ZmlsZVNvdXJjZT1odHRwJTNBJTJGJTJG\/c3RvcmFnZTA4dHJhbnNjb2Rlci5yY3Mt\/cmRzLnJvJTJGc3RvcmFnZSUyRjIwMjYl\/MkYwNiUyRjIyJTJGMjgwMjE4MF8yODAy\/MTgwX0dldHR5SW1hZ2VzLTExNjM1NTgy\/MTMuanBnJnc9MTIwMCZoPTYzMCZ6Yz0x\/Jmhhc2g9MDMwMzg2MzA1Nzc4ZWE0NGE2ZGIxMWM4ZGQ5MTM0Yzk=.thumb.jpg&#8221;] Guvernul spaniol se confrunt\u0103 cu o nou\u0103 criz\u0103 politic\u0103 dup\u0103 apari\u021bia \u00een pres\u0103 a unor informa\u021bii potrivit c\u0103rora for\u021bele marocane ar fi avut un rol \u00een afluxul masiv de migran\u021bi care au ajuns \u00een Ceuta. Presupusul raport al poli\u021biei contrazice versiunea prezentat\u0103 p\u00e2n\u0103 acum de executivul condus de Pedro Sanchez, care a [&hellip;]<\/p>\n","protected":false},"author":1,"featured_media":0,"comment_status":"open","ping_status":"","sticky":false,"template":"","format":"standard","meta":{"footnotes":""},"categories":[89],"tags":[226,11],"class_list":["post-2125116","post","type-post","status-publish","format-standard","hentry","category-romania","tag-crawlmanager","tag-digi24"],"_links":{"self":[{"href":"https:\/\/analyse.optim.biz\/index.php?rest_route=\/wp\/v2\/posts\/2125116","targetHints":{"allow":["GET"]}}],"collection":[{"href":"https:\/\/analyse.optim.biz\/index.php?rest_route=\/wp\/v2\/posts"}],"about":[{"href":"https:\/\/analyse.optim.biz\/index.php?rest_route=\/wp\/v2\/types\/post"}],"author":[{"embeddable":true,"href":"https:\/\/analyse.optim.biz\/index.php?rest_route=\/wp\/v2\/users\/1"}],"replies":[{"embeddable":true,"href":"https:\/\/analyse.optim.biz\/index.php?rest_route=%2Fwp%2Fv2%2Fcomments&post=2125116"}],"version-history":[{"count":0,"href":"https:\/\/analyse.optim.biz\/index.php?rest_route=\/wp\/v2\/posts\/2125116\/revisions"}],"wp:attachment":[{"href":"https:\/\/analyse.optim.biz\/index.php?rest_route=%2Fwp%2Fv2%2Fmedia&parent=2125116"}],"wp:term":[{"taxonomy":"category","embeddable":true,"href":"https:\/\/analyse.optim.biz\/index.php?rest_route=%2Fwp%2Fv2%2Fcategories&post=2125116"},{"taxonomy":"post_tag","embeddable":true,"href":"https:\/\/analyse.optim.biz\/index.php?rest_route=%2Fwp%2Fv2%2Ftags&post=2125116"}],"curies":[{"name":"wp","href":"https:\/\/api.w.org\/{rel}","templated":true}]}}