{"id":2125111,"date":"2026-09-02T19:44:57","date_gmt":"2026-09-02T16:44:57","guid":{"rendered":"https:\/\/analyse.optim.biz\/?p=2125111"},"modified":"2026-09-02T19:44:57","modified_gmt":"2026-09-02T16:44:57","slug":"de-la-eroine-ale-luptei-anti-stat-islamic-la-marginalizare-cum-incearca-femeile-kurde-sa-si-pastreze","status":"publish","type":"post","link":"https:\/\/analyse.optim.biz\/?p=2125111","title":{"rendered":"De la eroine ale luptei anti-Stat Islamic la marginalizare: cum \u00eencearc\u0103 femeile kurde s\u0103-\u0219i p\u0103streze&#8230;"},"content":{"rendered":"<p>[analyse_image type=&#8221;featured&#8221; src=&#8221;https:\/\/s.iw.ro\/gateway\/g\/ZmlsZVNvdXJjZT1odHRwJTNBJTJGJTJG\/c3RvcmFnZTA4dHJhbnNjb2Rlci5yY3Mt\/cmRzLnJvJTJGc3RvcmFnZSUyRjIwMjYl\/MkYwOSUyRjAyJTJGMjk0Mzc5NF8yOTQz\/Nzk0X3Byb2ZpbWVkaWEtMTEyOTkzMTIz\/Ni5qcGcmdz0xMjAwJmg9NjMwJnpjPTEm\/aGFzaD0zNzYxMTY0YWU5NTU4ZmNhMDE3ZjQxMTMyZGRhY2RiYg==.thumb.jpg&#8221;]<\/p>\n<div class=\"entry data-app-meta data-app-meta-article\" data-embed-base-url-canonical=\"https:\/\/www.digi24.ro\/embed\/stiri\/externe\/mapamond\/de-la-eroine-ale-luptei-anti-stat-islamic-la-marginalizare-cum-incearca-femeile-kurde-sa-si-pastreze-locul-in-siria-post-razboi-3932869\">\n<p data-index=\"1\"><strong>Lupt\u0103toarele kurde, care au devenit simboluri mondiale ale luptei \u00eempotriva Statului Islamic, poart\u0103 negocieri cu noile autorit\u0103\u021bi siriene pentru a-\u0219i p\u0103stra rolul de lupt\u0103toare, dup\u0103 ce o reorganizare a guvernului le-a l\u0103sat viitorul incert, scrie <a href=\"https:\/\/www.reuters.com\/world\/middle-east\/once-symbols-war-islamic-state-kurdish-women-fighters-seek-role-new-syria-2026-09-02\/\" target=\"_blank\" rel=\"noopener\" data-skip-linkfix=\"1\">Reuters<\/a>.<\/strong><\/p>\n<p data-index=\"2\">Unit\u0103\u021bile de Protec\u021bie a Femeilor, cunoscute sub numele de YPJ, au luptat al\u0103turi de For\u021bele Democratice Siriene (SDF), sus\u021binute de SUA, \u00een timpul r\u0103zboiului civil din Siria, contribuind la alungarea Statului Islamic din mari p\u0103r\u021bi ale nordului \u0219i estului \u021b\u0103rii.<\/p>\n<p data-index=\"3\">Grupul a devenit una dintre cele mai recunoscute for\u021be de lupt\u0103 ale conflictului, atr\u0103g\u00e2nd aten\u021bia interna\u021bional\u0103 prin r\u00e2ndurile sale formate exclusiv din femei \u00een b\u0103t\u0103liile \u00eempotriva militan\u021bilor Statului Islamic.<\/p>\n<p data-index=\"4\">Cu toate acestea, viitorul for\u021bei a fost aruncat \u00een incertitudine odat\u0103 cu c\u0103derea fostului pre\u0219edinte Bashar al-Assad la sf\u00e2r\u0219itul anului 2024 \u0219i apari\u021bia unui nou guvern condus de rebeli islami\u0219ti.<br \/>Noile autorit\u0103\u021bi au \u00eencercat s\u0103 integreze grupurile armate, anterior autonome, \u00een institu\u021biile statului.<\/p>\n<p data-index=\"5\">S\u0103pt\u0103m\u00e2na trecut\u0103, SDF a fost dizolvat\u0103 oficial, comandantul s\u0103u, Mazloum Abdi, fiind numit consilier al pre\u0219edintelui Ahmed al-Sharaa, iar al\u021bi membri ai SDF al\u0103tur\u00e2ndu-se Ministerului Ap\u0103r\u0103rii.<\/p>\n<p data-index=\"6\">\u00cens\u0103 \u00een noul Minister al Ap\u0103r\u0103rii din Siria nu exist\u0103 femei, iar comandanta YPJ, Nowruz Ahmed, a declarat c\u0103 i s-a spus \u00een cadrul \u00eent\u00e2lnirilor cu Sharaa de s\u0103pt\u0103m\u00e2na trecut\u0103 de la Damasc c\u0103 lupt\u0103toarele sale nu au loc \u00een armat\u0103.<\/p>\n<p data-index=\"7\">\u201eNe propuneam s\u0103 ne al\u0103tur\u0103m armatei, deoarece for\u021bele noastre dispun de experien\u021b\u0103 \u0219i expertiz\u0103 care le-ar permite s\u0103 se apere \u00een mod organizat, sub forma unei brig\u0103zi sau a unui batalion independent\u201d, a declarat ea pentru Reuters la o baz\u0103 militar\u0103 din ora\u0219ul Qamishli, situat \u00een nord-estul Siriei.<\/p>\n<blockquote>\n<p data-index=\"8\">\u201eCondi\u021bia noastr\u0103 principal\u0103 era ca aceast\u0103 for\u021b\u0103 s\u0103 fie organizat\u0103, s\u0103 nu fie deta\u0219at\u0103 \u00een niciun loc \u0219i s\u0103 nu fie \u00eemp\u0103r\u021bit\u0103 \u00een grupuri mici. Ei au respins aceast\u0103 propunere.\u201d<\/p>\n<\/blockquote>\n<h2 id=\"highlight-3932869-1\">Rolul femeilor lupt\u0103toare este acum incert<\/h2>\n<p data-index=\"9\">YPJ se afl\u0103 acum \u00een discu\u021bii cu Ministerul de Interne al Siriei, c\u0103ut\u00e2nd o cale alternativ\u0103 pentru a men\u021bine o for\u021b\u0103 de lupt\u0103 organizat\u0103. Discu\u021biile au loc \u00een contextul \u00een care noua administra\u021bie reorganizeaz\u0103 institu\u021biile de securitate ale Siriei dup\u0103 \u00eencheierea unui r\u0103zboi care a durat mai mult de un deceniu.<\/p>\n<p data-index=\"10\">Ministerul de Interne include deja personal feminin prin intermediul unei for\u021be de poli\u021bie turistic\u0103. La \u00eenceputul acestui an, autorit\u0103\u021bile centrale siriene au propus ca lupt\u0103toarele YPJ s\u0103 se al\u0103ture acelei unit\u0103\u021bi, potrivit unor surse informate cu privire la deliber\u0103ri.<\/p>\n<p data-index=\"11\">Propunerea a fost respins\u0103 de YPJ, au afirmat sursele. Un purt\u0103tor de cuv\u00e2nt al YPJ a negat c\u0103 o astfel de ofert\u0103 ar fi fost f\u0103cut\u0103 vreodat\u0103.<\/p>\n<p data-index=\"12\">Ahmed a declarat pentru Reuters c\u0103 YPJ a propus, \u00een schimb, s\u0103 se al\u0103ture for\u021belor de opera\u021biuni speciale ale Ministerului de Interne, care reflect\u0103 mai bine capacit\u0103\u021bile unit\u0103\u021bilor sale \u0219i ar putea contribui la cre\u0219terea reprezent\u0103rii femeilor \u00een cadrul unor for\u021be altfel dominate de b\u0103rba\u021bi.<\/p>\n<p data-index=\"13\">\u201eC\u00e2nd am discutat cu Ministerul de Interne, le-am spus c\u0103 for\u021bele noastre cuprind peste 1.500 de lupt\u0103toare \u0219i am \u00eentrebat dac\u0103 toate aceste for\u021be vor fi comasate sau nu\u201d, a spus ea. Ahmed a\u0219teapt\u0103 un r\u0103spuns \u201e\u00een zilele urm\u0103toare\u201d.<\/p>\n<p data-index=\"14\">Ministerele Ap\u0103r\u0103rii \u0219i de Interne din Siria nu au r\u0103spuns imediat la \u00eentreb\u0103rile agen\u021biei Reuters cu privire la discu\u021bii.<\/p>\n<p data-index=\"15\">\u00centr-o declara\u021bie acordat\u0103 vineri publica\u021biei kurde Rudaw, purt\u0103torul de cuv\u00e2nt al Ministerului de Interne, Noureddine al-Baba, a afirmat c\u0103 lupt\u0103toarele YPJ vor fi binevenite \u00een r\u00e2ndurile ministerului, dar nu a oferit detalii cu privire la rolul lor poten\u021bial. Baba a precizat c\u0103 unit\u0103\u021bile vor fi dislocate pe \u00eentreg teritoriul Siriei \u0219i nu se vor limita la o singur\u0103 zon\u0103 geografic\u0103.<\/p>\n<h2 id=\"highlight-3932869-2\">Ne\u00eencrederea kurzilor persist\u0103<\/h2>\n<p data-index=\"16\">Discu\u021biile au loc pe fondul unei ne\u00eencrederi persistente a kurzilor fa\u021b\u0103 de noii conduc\u0103tori ai Siriei.<\/p>\n<p data-index=\"17\">Mul\u021bi kurzi r\u0103m\u00e2n circumspec\u021bi fa\u021b\u0103 de noile autorit\u0103\u021bi siriene, invoc\u00e2nd violen\u021bele \u00een mas\u0103 comise de for\u021bele afiliate guvernului \u00eempotriva minorit\u0103\u021bilor \u00een 2025, precum \u0219i fostul rol al lui Sharaa ca \u0219ef al filialei siriene a Al-Qaeda, \u00eenainte de a rupe leg\u0103turile cu gruparea militant\u0103.<\/p>\n<p data-index=\"18\">Chestiunea viitorului YPJ are o semnifica\u021bie mai ampl\u0103 pentru multe femei kurde, care privesc aceast\u0103 for\u021b\u0103 ca pe un simbol al c\u00e2\u0219tigurilor politice \u0219i sociale ob\u021binute cu greu \u00een timpul conflictului.<\/p>\n<p data-index=\"19\">\u201eEi le consider\u0103 \u00eentotdeauna pe femei slabe. Noi, ca femei, nu ne tragem puterea de la b\u0103rba\u021bi \u0219i nici de la statul actual\u201d, a declarat Goksu Ciyager, o lupt\u0103toare YPJ \u00een v\u00e2rst\u0103 de 20 de ani.<br \/>\u201eDesigur, vrem s\u0103 fim un caz special \u0219i insist\u0103m asupra acestui lucru.\u201d<\/p>\n<p data-index=\"20\">Penaber Baran, o comandant\u0103 de unitate a YPJ \u00een v\u00e2rst\u0103 de 31 de ani, a afirmat c\u0103 Constitu\u021bia Siriei ar trebui s\u0103 garanteze \u00een mod explicit un rol pentru aceast\u0103 for\u021b\u0103. \u201eP\u00e2n\u0103 ast\u0103zi, nu am a\u0219teptat niciodat\u0103 ca cineva s\u0103 ne apere\u201d, a spus ea. \u201eNoi, ca femei, ne-am ap\u0103rat singure.\u201d<\/p>\n<p> Editor : <a href=\"https:\/\/www.digi24.ro\/autor\/bogdan-enache\"> B.E. <\/a><\/p>\n<\/div>\n<p>[analyse_source url=&#8221;https:\/\/www.digi24.ro\/stiri\/externe\/mapamond\/de-la-eroine-ale-luptei-anti-stat-islamic-la-marginalizare-cum-incearca-femeile-kurde-sa-si-pastreze-locul-in-siria-post-razboi-3932869&#8243;]<\/p>\n","protected":false},"excerpt":{"rendered":"<p>[analyse_image type=&#8221;featured&#8221; src=&#8221;https:\/\/s.iw.ro\/gateway\/g\/ZmlsZVNvdXJjZT1odHRwJTNBJTJGJTJG\/c3RvcmFnZTA4dHJhbnNjb2Rlci5yY3Mt\/cmRzLnJvJTJGc3RvcmFnZSUyRjIwMjYl\/MkYwOSUyRjAyJTJGMjk0Mzc5NF8yOTQz\/Nzk0X3Byb2ZpbWVkaWEtMTEyOTkzMTIz\/Ni5qcGcmdz0xMjAwJmg9NjMwJnpjPTEm\/aGFzaD0zNzYxMTY0YWU5NTU4ZmNhMDE3ZjQxMTMyZGRhY2RiYg==.thumb.jpg&#8221;] Lupt\u0103toarele kurde, care au devenit simboluri mondiale ale luptei \u00eempotriva Statului Islamic, poart\u0103 negocieri cu noile autorit\u0103\u021bi siriene pentru a-\u0219i p\u0103stra rolul de lupt\u0103toare, dup\u0103 ce o reorganizare a guvernului le-a l\u0103sat viitorul incert, scrie Reuters. Unit\u0103\u021bile de Protec\u021bie a Femeilor, cunoscute sub numele de YPJ, au luptat al\u0103turi de For\u021bele Democratice [&hellip;]<\/p>\n","protected":false},"author":1,"featured_media":0,"comment_status":"open","ping_status":"","sticky":false,"template":"","format":"standard","meta":{"footnotes":""},"categories":[89],"tags":[226,11],"class_list":["post-2125111","post","type-post","status-publish","format-standard","hentry","category-romania","tag-crawlmanager","tag-digi24"],"_links":{"self":[{"href":"https:\/\/analyse.optim.biz\/index.php?rest_route=\/wp\/v2\/posts\/2125111","targetHints":{"allow":["GET"]}}],"collection":[{"href":"https:\/\/analyse.optim.biz\/index.php?rest_route=\/wp\/v2\/posts"}],"about":[{"href":"https:\/\/analyse.optim.biz\/index.php?rest_route=\/wp\/v2\/types\/post"}],"author":[{"embeddable":true,"href":"https:\/\/analyse.optim.biz\/index.php?rest_route=\/wp\/v2\/users\/1"}],"replies":[{"embeddable":true,"href":"https:\/\/analyse.optim.biz\/index.php?rest_route=%2Fwp%2Fv2%2Fcomments&post=2125111"}],"version-history":[{"count":0,"href":"https:\/\/analyse.optim.biz\/index.php?rest_route=\/wp\/v2\/posts\/2125111\/revisions"}],"wp:attachment":[{"href":"https:\/\/analyse.optim.biz\/index.php?rest_route=%2Fwp%2Fv2%2Fmedia&parent=2125111"}],"wp:term":[{"taxonomy":"category","embeddable":true,"href":"https:\/\/analyse.optim.biz\/index.php?rest_route=%2Fwp%2Fv2%2Fcategories&post=2125111"},{"taxonomy":"post_tag","embeddable":true,"href":"https:\/\/analyse.optim.biz\/index.php?rest_route=%2Fwp%2Fv2%2Ftags&post=2125111"}],"curies":[{"name":"wp","href":"https:\/\/api.w.org\/{rel}","templated":true}]}}