{"id":2125100,"date":"2026-09-02T19:21:13","date_gmt":"2026-09-02T16:21:13","guid":{"rendered":"https:\/\/analyse.optim.biz\/?p=2125100"},"modified":"2026-09-02T19:21:13","modified_gmt":"2026-09-02T16:21:13","slug":"o-drona-a-fost-descoperita-in-largul-coastelor-finlandei-provenienta-este-necunoscuta-deocamdata","status":"publish","type":"post","link":"https:\/\/analyse.optim.biz\/?p=2125100","title":{"rendered":"O dron\u0103 a fost descoperit\u0103 \u00een largul coastelor Finlandei: provenien\u021ba este necunoscut\u0103 deocamdat\u0103"},"content":{"rendered":"<p>[analyse_image type=&#8221;featured&#8221; src=&#8221;https:\/\/s.iw.ro\/gateway\/g\/ZmlsZVNvdXJjZT1odHRwJTNBJTJGJTJG\/c3RvcmFnZTA4dHJhbnNjb2Rlci5yY3Mt\/cmRzLnJvJTJGc3RvcmFnZSUyRjIwMjYl\/MkYwOSUyRjAyJTJGMjk0MzcyOF8yOTQz\/NzI4X3Byb2ZpbWVkaWEtMTEyOTczMzM3\/My5qcGcmdz0xMjAwJmg9NjMwJnpjPTEm\/aGFzaD02OWNiNWNlNGY2MDNkOTYyZjNjOTRmMmM4NWFmYjU1Yg==.thumb.jpg&#8221;]<\/p>\n<div class=\"entry data-app-meta data-app-meta-article\" data-embed-base-url-canonical=\"https:\/\/www.digi24.ro\/embed\/stiri\/externe\/o-drona-a-fost-descoperita-in-largul-coastelor-finlandei-provenienta-este-necunoscuta-deocamdata-3932847\">\n<p data-index=\"1\"><strong>Autorit\u0103\u021bile finlandeze investigheaz\u0103 descoperirea unei drone neidentificate \u00een largul ora\u0219ului Porvoo \u0219i iau \u00een considerare posibilitatea unei \u00eenc\u0103lc\u0103ri a apelor teritoriale, scrie agen\u021bia german\u0103 <a href=\"https:\/\/www.dpa-international.com\/politics\/urn:newsml:dpa.com:20090101:260902-930-624063\/\" target=\"_blank\" rel=\"noopener\" data-skip-linkfix=\"1\">dpa<\/a>. Poli\u021bia \u0219i Garda de Frontier\u0103 investigheaz\u0103 incidentul, a declarat miercuri ministrul Ap\u0103r\u0103rii, Antti H\u00e4kk\u00e4nen.<\/strong><\/p>\n<p class=\"gdpr-placeholder gdpr-social-media gdpr-iframe-fix\" data-index=\"3\"> Setarile tale privind cookie-urile nu permit afisarea continutul din aceasta sectiune. Poti actualiza setarile modulelor coookie direct din browser sau de <a class=\"ot-sdk-show-settings\" data-skip-linkfix=\"1\">aici<\/a> \u2013 e nevoie sa accepti cookie-urile social media<\/p>\n<p data-index=\"4\">Drona a fost g\u0103sit\u0103 mar\u021bi de un trec\u0103tor. \u00cen stadiul actual al anchetei, Ministerul Ap\u0103r\u0103rii presupune c\u0103 drona era utilizat\u0103 \u00een scopuri de cartografiere, prin urmare nu a existat niciun pericol pentru persoanele aflate \u00een apropiere.<\/p>\n<p data-index=\"5\">Potrivit postului de televiziune Yle, Garda de Frontier\u0103, poli\u021bia \u0219i for\u021bele armate au verificat ini\u021bial dac\u0103 drona con\u021bine explozibili, dar nu au g\u0103sit nimic.<\/p>\n<p data-index=\"6\">Obiectul este o dron\u0103 cu aripi fixe, cu o anvergur\u0103 de c\u00e2\u021biva metri, a declarat locotenentul Antti Leskel\u00e4 de la paza de coast\u0103.<\/p>\n<p data-index=\"7\">Ministrul Ap\u0103r\u0103rii H\u00e4kk\u00e4nen a mai declarat postului de televiziune c\u0103 nu se \u0219tie \u00eenc\u0103 de unde provine drona \u0219i c\u0103 autorit\u0103\u021bile nu doresc s\u0103 exclud\u0103 nicio posibilitate.<\/p>\n<h2 id=\"highlight-3932847-1\">Observ\u0103ri repetate ale unor drone<\/h2>\n<p data-index=\"8\">De la \u00eenceputul r\u0103zboiului Rusiei \u00eempotriva Ucrainei, drone ucrainene r\u0103t\u0103cite au p\u0103truns \u00een mod repetat \u00een spa\u021biul aerian al statelor baltice care se \u00eenvecineaz\u0103 cu Rusia \u0219i, ocazional, s-au pr\u0103bu\u0219it. La \u00eenceputul acestui an, mai multe drone ucrainene au ajuns \u0219i \u00een sud-estul Finlandei.<\/p>\n<p> Editor : <a href=\"https:\/\/www.digi24.ro\/autor\/bogdan-enache\"> B.E. <\/a><\/p>\n<\/div>\n<p>[analyse_source url=&#8221;https:\/\/www.digi24.ro\/stiri\/externe\/o-drona-a-fost-descoperita-in-largul-coastelor-finlandei-provenienta-este-necunoscuta-deocamdata-3932847&#8243;]<\/p>\n","protected":false},"excerpt":{"rendered":"<p>[analyse_image type=&#8221;featured&#8221; src=&#8221;https:\/\/s.iw.ro\/gateway\/g\/ZmlsZVNvdXJjZT1odHRwJTNBJTJGJTJG\/c3RvcmFnZTA4dHJhbnNjb2Rlci5yY3Mt\/cmRzLnJvJTJGc3RvcmFnZSUyRjIwMjYl\/MkYwOSUyRjAyJTJGMjk0MzcyOF8yOTQz\/NzI4X3Byb2ZpbWVkaWEtMTEyOTczMzM3\/My5qcGcmdz0xMjAwJmg9NjMwJnpjPTEm\/aGFzaD02OWNiNWNlNGY2MDNkOTYyZjNjOTRmMmM4NWFmYjU1Yg==.thumb.jpg&#8221;] Autorit\u0103\u021bile finlandeze investigheaz\u0103 descoperirea unei drone neidentificate \u00een largul ora\u0219ului Porvoo \u0219i iau \u00een considerare posibilitatea unei \u00eenc\u0103lc\u0103ri a apelor teritoriale, scrie agen\u021bia german\u0103 dpa. Poli\u021bia \u0219i Garda de Frontier\u0103 investigheaz\u0103 incidentul, a declarat miercuri ministrul Ap\u0103r\u0103rii, Antti H\u00e4kk\u00e4nen. Setarile tale privind cookie-urile nu permit afisarea continutul din aceasta sectiune. Poti actualiza [&hellip;]<\/p>\n","protected":false},"author":1,"featured_media":0,"comment_status":"open","ping_status":"","sticky":false,"template":"","format":"standard","meta":{"footnotes":""},"categories":[89],"tags":[226,11],"class_list":["post-2125100","post","type-post","status-publish","format-standard","hentry","category-romania","tag-crawlmanager","tag-digi24"],"_links":{"self":[{"href":"https:\/\/analyse.optim.biz\/index.php?rest_route=\/wp\/v2\/posts\/2125100","targetHints":{"allow":["GET"]}}],"collection":[{"href":"https:\/\/analyse.optim.biz\/index.php?rest_route=\/wp\/v2\/posts"}],"about":[{"href":"https:\/\/analyse.optim.biz\/index.php?rest_route=\/wp\/v2\/types\/post"}],"author":[{"embeddable":true,"href":"https:\/\/analyse.optim.biz\/index.php?rest_route=\/wp\/v2\/users\/1"}],"replies":[{"embeddable":true,"href":"https:\/\/analyse.optim.biz\/index.php?rest_route=%2Fwp%2Fv2%2Fcomments&post=2125100"}],"version-history":[{"count":0,"href":"https:\/\/analyse.optim.biz\/index.php?rest_route=\/wp\/v2\/posts\/2125100\/revisions"}],"wp:attachment":[{"href":"https:\/\/analyse.optim.biz\/index.php?rest_route=%2Fwp%2Fv2%2Fmedia&parent=2125100"}],"wp:term":[{"taxonomy":"category","embeddable":true,"href":"https:\/\/analyse.optim.biz\/index.php?rest_route=%2Fwp%2Fv2%2Fcategories&post=2125100"},{"taxonomy":"post_tag","embeddable":true,"href":"https:\/\/analyse.optim.biz\/index.php?rest_route=%2Fwp%2Fv2%2Ftags&post=2125100"}],"curies":[{"name":"wp","href":"https:\/\/api.w.org\/{rel}","templated":true}]}}