{"id":2125094,"date":"2026-09-02T19:03:12","date_gmt":"2026-09-02T16:03:12","guid":{"rendered":"https:\/\/analyse.optim.biz\/?p=2125094"},"modified":"2026-09-02T19:03:12","modified_gmt":"2026-09-02T16:03:12","slug":"israelul-cere-sprijinul-lui-donald-trump-pentru-planul-de-expulzare-a-palestinienilor-din-gaza-nu-exista","status":"publish","type":"post","link":"https:\/\/analyse.optim.biz\/?p=2125094","title":{"rendered":"Israelul cere sprijinul lui Donald Trump pentru planul de expulzare a palestinienilor din Gaza: \u201eNu exist\u0103&#8230;"},"content":{"rendered":"<p>[analyse_image type=&#8221;featured&#8221; src=&#8221;https:\/\/s.iw.ro\/gateway\/g\/ZmlsZVNvdXJjZT1odHRwJTNBJTJGJTJG\/c3RvcmFnZTA4dHJhbnNjb2Rlci5yY3Mt\/cmRzLnJvJTJGc3RvcmFnZSUyRjIwMjYl\/MkYwNiUyRjA4JTJGMjc3NjE1NF8yNzc2\/MTU0X3Byb2ZpbWVkaWEtMTEwODYwODcy\/Mi5qcGcmdz0xMjAwJmg9NjMwJnpjPTEm\/aGFzaD1jN2M3ODMwNmU3ZjIwNjk4MTdiN2EyYTMxMmI4MGM5ZA==.thumb.jpg&#8221;]<\/p>\n<div class=\"entry data-app-meta data-app-meta-article\" data-embed-base-url-canonical=\"https:\/\/www.digi24.ro\/embed\/stiri\/externe\/mapamond\/israelul-cere-sprijinul-lui-donald-trump-pentru-planul-de-expulzare-a-palestinienilor-din-gaza-nu-exista-alta-solutie-3932817\">\n<p data-index=\"1\"><strong>Ministrul Ap\u0103r\u0103rii din Israel a declarat c\u0103 \u021bara sa solicit\u0103 sprijinul pre\u0219edintelui american Donald Trump pentru aprobarea planurilor de expulzare a palestinienilor din F\u00e2\u0219ia Gaza, \u00eentr-o ac\u021biune care a fost condamnat\u0103 pe scar\u0103 larg\u0103 ca fiind o poten\u021bial\u0103 crim\u0103 de r\u0103zboi, relateaz\u0103 <a href=\"https:\/\/www.theguardian.com\/world\/2026\/sep\/02\/israel-seeking-trumps-support-for-plan-to-expel-palestinians-from-gaza\" target=\"_blank\" rel=\"noopener\" data-skip-linkfix=\"1\">The Guardian<\/a>.<\/strong><\/p>\n<p data-index=\"2\"><span>Israel Katz a afirmat c\u0103 \u201e\u00een cele din urm\u0103, nu exist\u0103 o solu\u021bie real\u0103 pentru Gaza f\u0103r\u0103 aceast\u0103 migra\u021bie\u201d, \u00een cadrul unei conferin\u021be organizate de site-ul de \u0219tiri israelian Ynet \u0219i de ziarul Yedioth Ahronoth. El a spus c\u0103 guvernul israelian este \u201eorganizat \u0219i preg\u0103tit s\u0103 \u00eei evacueze pe mare, pe calea aerului, prin orice mijloc posibil\u201d.<\/span><\/p>\n<p data-index=\"3\"><span>Trump a discutat despre o preluare a controlului asupra F\u00e2\u0219iei Gaza de c\u0103tre SUA la \u00eenceputul anului 2025, care ar fi implicat \u00eendep\u0103rtarea palestinienilor de pe acest teritoriu, dar de atunci a renun\u021bat la aceast\u0103 idee. Un plan de pace \u00een 20 de puncte elaborat de Casa Alb\u0103 anul trecut nu prevedea deportarea palestinienilor, un act care ar fi fost perceput pe scar\u0103 larg\u0103 ca o cur\u0103\u021bare etnic\u0103.<\/span><\/p>\n<p data-index=\"4\"><span>Katz a declarat \u00eens\u0103 miercuri c\u0103, \u00een opinia sa, sprijinul SUA ar putea \u00eenclina balan\u021ba opiniei publice regionale \u00een favoarea reloc\u0103rii for\u021bate a palestinienilor din Gaza. El a afirmat c\u0103 aprobarea lui Trump este esen\u021bial\u0103 pentru a convinge \u021b\u0103rile vecine s\u0103 accepte refugia\u021bii palestinieni.<\/span><\/p>\n<p data-index=\"5\"><span>\u201eFiecare \u021bar\u0103 care este dispus\u0103 s\u0103 \u00eei primeasc\u0103 dore\u0219te sprijinul american\u201d, a spus el. \u201eTrump nu a anulat aceast\u0103 m\u0103sur\u0103 deocamdat\u0103. A \u00eenghe\u021bat-o\u201d.<\/span><\/p>\n<p data-index=\"6\"><span>Casa Alb\u0103 nu a r\u0103spuns imediat la solicitarea The Guardian de a comenta dac\u0103 Trump continu\u0103 s\u0103 poarte discu\u021bii cu privire la propunerile Israelului de a depopula cu for\u021ba F\u00e2\u0219ia Gaza.<\/span><\/p>\n<p data-index=\"7\"><span>Katz a men\u021bionat \u00een special Egiptul, despre care a afirmat c\u0103 a exercitat presiuni asupra Washingtonului pentru a se opune str\u0103mut\u0103rii for\u021bate a popula\u021biei palestiniene. \u201eNu a fost anulat\u0103\u201d, a spus el. \u201eSe discut\u0103 \u00een permanen\u021b\u0103 despre aceasta, inclusiv \u00een acest moment, \u0219i cred c\u0103, \u00een cele din urm\u0103, nu exist\u0103 alt\u0103 solu\u021bie care s\u0103 fie \u00een interesul tuturor\u201d.<\/span><\/p>\n<p data-index=\"8\"><span>Declara\u021biile au fost f\u0103cute \u00een contextul unei campanii electorale intense din Israel, \u00een cadrul c\u0103reia prim-ministrul Benjamin Netanyahu \u0219i alia\u021bii s\u0103i de dreapta au \u00eencercat s\u0103 atrag\u0103 votan\u021bii prin solicitarea unor m\u0103suri mai agresive \u00eempotriva palestinienilor.<\/span><\/p>\n<p data-index=\"9\"><span>Unele dintre acestea au fost \u00een mod evident provocatoare \u0219i crude, noteaz\u0103 sursa citat\u0103. Ministrul securit\u0103\u021bii na\u021bionale de extrem\u0103 dreapta, Itamar Ben-Gvir, a publicat pe X imagini dintr-o \u00eenchisoare pentru femei, unde a afirmat c\u0103 el este responsabil pentru condi\u021biile deplorabile din interiorul acesteia.<\/span><\/p>\n<p data-index=\"10\"><span>C\u00e2nd un de\u021binut i-a spus c\u0103 nu beneficiaz\u0103 de \u00eengrijire medical\u0103, nu pot face du\u0219 \u0219i nu primesc haine curate, Ben-Gvir a r\u0103spuns: \u201eS-au terminat vremurile \u00een care condi\u021biile din \u00eenchisori erau bune. Aceasta este situa\u021bia actual\u0103, iar eu sunt direct responsabil pentru tot. Sunt mul\u021bumit de aceste condi\u021bii\u201d.<\/span><\/p>\n<p data-index=\"11\"><span>Netanyahu a vizitat miercuri un post militar israelian situat \u00een apropierea liniei galbene din F\u00e2\u0219ia Gaza. Israelul a declarat c\u0103 nu se va retrage de la acea linie p\u00e2n\u0103 c\u00e2nd Hamas nu se va dezarma, \u00een ciuda apelurilor la o retragere treptat\u0103 pentru a facilita recentul armisti\u021biu cu aceast\u0103 grupare.<\/span><\/p>\n<p data-index=\"12\"><span>\u201eControl\u0103m teritoriul \u0219i r\u0103m\u00e2nem pe aceast\u0103 linie\u201d, a declarat Netanyahu. \u201eFacem tot ce ne st\u0103 \u00een putin\u021b\u0103 pentru a ne atinge obiectivul \u2013 dezarmarea Hamas \u0219i demilitarizarea Gazei. Gaza nu va mai reprezenta o amenin\u021bare pentru Israel\u201d.<\/span><\/p>\n<p data-index=\"13\"><strong>Cite\u0219te \u0219i:<\/strong><\/p>\n<p data-index=\"14\"><a href=\"https:\/\/www.digi24.ro\/stiri\/externe\/israelul-avertizeaza-londra-ca-va-riposta-la-eventuale-sanctiunile-britanice-privind-coloniile-din-cisiordania-3931273\" target=\"_blank\" rel=\"noopener\" data-skip-linkfix=\"1\"><strong>Israelul avertizeaz\u0103 Londra c\u0103 va riposta la eventuale sanc\u021biuni britanice privind coloniile din Cisiordania<\/strong><\/a><\/p>\n<p data-index=\"15\"><a href=\"https:\/\/www.digi24.ro\/stiri\/externe\/kushner-si-netanyahu-au-cazut-de-acord-asupra-unei-cai-de-urmat-pentru-gaza-afirma-un-reprezentant-al-consiliului-pentru-pace-3909907\" target=\"_blank\" rel=\"noopener\" data-skip-linkfix=\"1\"><strong>Acord \u00eentre Israel \u015fi SUA privind Gaza: ce presupune supravegherea dezarm\u0103rii Hamas \u015fi de ce Netanyahu refuz\u0103 retragerea<\/strong><\/a><\/p>\n<p> Editor : <a href=\"https:\/\/www.digi24.ro\/autor\/ana-gherghita\"> A.M.G. <\/a><\/p>\n<\/div>\n<p>[analyse_source url=&#8221;https:\/\/www.digi24.ro\/stiri\/externe\/mapamond\/israelul-cere-sprijinul-lui-donald-trump-pentru-planul-de-expulzare-a-palestinienilor-din-gaza-nu-exista-alta-solutie-3932817&#8243;]<\/p>\n","protected":false},"excerpt":{"rendered":"<p>[analyse_image type=&#8221;featured&#8221; src=&#8221;https:\/\/s.iw.ro\/gateway\/g\/ZmlsZVNvdXJjZT1odHRwJTNBJTJGJTJG\/c3RvcmFnZTA4dHJhbnNjb2Rlci5yY3Mt\/cmRzLnJvJTJGc3RvcmFnZSUyRjIwMjYl\/MkYwNiUyRjA4JTJGMjc3NjE1NF8yNzc2\/MTU0X3Byb2ZpbWVkaWEtMTEwODYwODcy\/Mi5qcGcmdz0xMjAwJmg9NjMwJnpjPTEm\/aGFzaD1jN2M3ODMwNmU3ZjIwNjk4MTdiN2EyYTMxMmI4MGM5ZA==.thumb.jpg&#8221;] Ministrul Ap\u0103r\u0103rii din Israel a declarat c\u0103 \u021bara sa solicit\u0103 sprijinul pre\u0219edintelui american Donald Trump pentru aprobarea planurilor de expulzare a palestinienilor din F\u00e2\u0219ia Gaza, \u00eentr-o ac\u021biune care a fost condamnat\u0103 pe scar\u0103 larg\u0103 ca fiind o poten\u021bial\u0103 crim\u0103 de r\u0103zboi, relateaz\u0103 The Guardian. Israel Katz a afirmat c\u0103 \u201e\u00een cele din [&hellip;]<\/p>\n","protected":false},"author":1,"featured_media":0,"comment_status":"open","ping_status":"","sticky":false,"template":"","format":"standard","meta":{"footnotes":""},"categories":[89],"tags":[226,11],"class_list":["post-2125094","post","type-post","status-publish","format-standard","hentry","category-romania","tag-crawlmanager","tag-digi24"],"_links":{"self":[{"href":"https:\/\/analyse.optim.biz\/index.php?rest_route=\/wp\/v2\/posts\/2125094","targetHints":{"allow":["GET"]}}],"collection":[{"href":"https:\/\/analyse.optim.biz\/index.php?rest_route=\/wp\/v2\/posts"}],"about":[{"href":"https:\/\/analyse.optim.biz\/index.php?rest_route=\/wp\/v2\/types\/post"}],"author":[{"embeddable":true,"href":"https:\/\/analyse.optim.biz\/index.php?rest_route=\/wp\/v2\/users\/1"}],"replies":[{"embeddable":true,"href":"https:\/\/analyse.optim.biz\/index.php?rest_route=%2Fwp%2Fv2%2Fcomments&post=2125094"}],"version-history":[{"count":0,"href":"https:\/\/analyse.optim.biz\/index.php?rest_route=\/wp\/v2\/posts\/2125094\/revisions"}],"wp:attachment":[{"href":"https:\/\/analyse.optim.biz\/index.php?rest_route=%2Fwp%2Fv2%2Fmedia&parent=2125094"}],"wp:term":[{"taxonomy":"category","embeddable":true,"href":"https:\/\/analyse.optim.biz\/index.php?rest_route=%2Fwp%2Fv2%2Fcategories&post=2125094"},{"taxonomy":"post_tag","embeddable":true,"href":"https:\/\/analyse.optim.biz\/index.php?rest_route=%2Fwp%2Fv2%2Ftags&post=2125094"}],"curies":[{"name":"wp","href":"https:\/\/api.w.org\/{rel}","templated":true}]}}