{"id":2125085,"date":"2026-09-02T18:40:31","date_gmt":"2026-09-02T15:40:31","guid":{"rendered":"https:\/\/analyse.optim.biz\/?p=2125085"},"modified":"2026-09-02T18:40:31","modified_gmt":"2026-09-02T15:40:31","slug":"yorgen-fenech-achitat-in-prima-instanta-dupa-acuzatiile-de-orchestrare-a-asasinarii-jurnalistei-malteze","status":"publish","type":"post","link":"https:\/\/analyse.optim.biz\/?p=2125085","title":{"rendered":"Yorgen Fenech, achitat \u00een prim\u0103 instan\u021b\u0103, dup\u0103 acuza\u021biile de orchestrare a asasin\u0103rii jurnalistei malteze&#8230;"},"content":{"rendered":"<p>[analyse_image type=&#8221;featured&#8221; src=&#8221;https:\/\/s.iw.ro\/gateway\/g\/ZmlsZVNvdXJjZT1odHRwJTNBJTJGJTJG\/c3RvcmFnZTA4dHJhbnNjb2Rlci5yY3Mt\/cmRzLnJvJTJGc3RvcmFnZSUyRjIwMjYl\/MkYwOSUyRjAyJTJGMjk0MzU1NV8yOTQz\/NTU1X3Byb2ZpbWVkaWEtMDU3MjY1Mzk5\/MC5qcGcmdz0xMjAwJmg9NjMwJnpjPTEm\/aGFzaD1mZTkwMGM1ODk4NDQyNzc0Y2FlN2NjNjBmM2IxZDA2Yw==.thumb.jpg&#8221;]<\/p>\n<div class=\"entry data-app-meta data-app-meta-article\" data-embed-base-url-canonical=\"https:\/\/www.digi24.ro\/embed\/stiri\/externe\/ue\/yorgen-fenech-achitat-in-prima-instanta-dupa-acuzatiile-de-orchestrare-a-asasinarii-jurnalistei-malteze-daphne-caruana-galizia-3932803\">\n<p data-index=\"1\"><strong>Un tribunal din Malta l-a achitat miercuri pe magnatul Yorgen Fenech, acuzat c\u0103 a orchestrat asasinarea brutal\u0103, \u00een 2017, a jurnalistei de investiga\u0163ie Daphne Caruana Galizia, relateaz\u0103 The Guardian. Omul de afaceri, unul dintre cei mai boga\u0163i din Malta, era acuzat c\u0103 a comandat atentatul cu ma\u015fin\u0103-capcan\u0103 care i-a curmat via\u0163a lui Daphne Caruana Galizia, \u00een v\u00e2rst\u0103 de 53 de ani, un eveniment care a zguduit aceast\u0103 na\u0163iune insular\u0103, membr\u0103 a Uniunii Europene, \u015fi a st\u00e2rnit un val de condamn\u0103ri la nivel mondial.<\/strong><\/p>\n<p data-index=\"2\">Verdictul, \u00eempotriva c\u0103ruia se preconizeaz\u0103 c\u0103 procuratura va face apel, reprezint\u0103 o lovitur\u0103 nu doar pentru familia victimei, ci \u015fi pentru politicienii \u015fi activi\u015ftii care consider\u0103 acest caz un moment de referin\u0163\u0103 \u00een lupta pentru protejarea libert\u0103\u0163ii presei \u00een Europa.<\/p>\n<p data-index=\"3\">La aproape nou\u0103 ani de la moartea lui Daphne Caruana Galizia \u00eentr-un atentat cu bomb\u0103 asupra ma\u015finii sale, \u00een octombrie 2017, un juriu format din \u015fase femei \u015fi trei b\u0103rba\u0163i l-a g\u0103sit pe Yorgen Fenech, \u00een v\u00e2rst\u0103 de 44 de ani, nevinovat pentru ambele capete de acuzare care i-au fost aduse: complicitate la omorul inten\u0163ionat al lui Caruana Galizia \u015fi asociere \u00een scopul comiterii unei infrac\u0163iuni.<\/p>\n<p data-index=\"4\">\u00cen prezen\u0163a membrilor familiei \u015fi a presei, pre\u015fedinta juriului a anun\u0163at verdictul \u00een mijlocul unor exclama\u0163ii de uimire \u015fi ova\u0163ii, preciz\u00e2nd c\u0103 jura\u0163ii au votat respingerea ambelor capete de acuzare cu o majoritate de opt la unu, noteaz\u0103 News.ro.<\/p>\n<p data-index=\"5\">Fenech, un om de afaceri influent \u015fi dezvoltator imobiliar a c\u0103rui familie de\u0163ine dou\u0103 hoteluri Hilton \u015fi are o participa\u0163ie \u00eentr-o central\u0103 electric\u0103 din Malta, fusese acuzat de procurori c\u0103 a pl\u0103tit 150.000 de euro prin intermediul unui intermediar, Melvin Theuma, pentru a o ucide pe jurnalist\u0103.<\/p>\n<p data-index=\"6\">Procurorii ceruser\u0103 ca acesta s\u0103 fie condamnat la \u00eenchisoare pe via\u0163\u0103.<\/p>\n<p data-index=\"7\">Asasinarea lui Caruana Galizia, care \u00eei viza pe Fenech \u015fi pe personalit\u0103\u0163i politice de seam\u0103 \u00een reportajele sale, a declan\u015fat cel mai grav scandal politic din istoria postbelic\u0103 a Maltei, devenind un punct de raliere pentru mi\u015fcarea anticorup\u0163ie \u015fi pentru activismul \u00een favoarea libert\u0103\u0163ii presei.<\/p>\n<p data-index=\"8\">Consecin\u0163ele au dus la demiterea lui Joseph Muscat, pe atunci prim-ministru al celui mai mic stat membru al UE, \u00eempreun\u0103 cu doi dintre mini\u015ftrii s\u0103i \u015fi \u015feful s\u0103u de cabinet.<\/p>\n<p data-index=\"9\">Procesul, care a durat dou\u0103 luni, a scos la iveal\u0103 amploarea re\u0163elei de contacte politice a lui Fenech \u015fi a ridicat semne de \u00eentrebare cu privire la \u00eencerc\u0103rile de sabotare \u015fi de interferen\u0163\u0103 \u00een ancheta poli\u0163iei. Martorii-cheie, precum \u015fi \u00eensu\u015fi inculpatul, au sus\u0163inut c\u0103 \u015feful de cabinet al prim-ministrului a divulgat \u00een repetate r\u00e2nduri informa\u0163ii sensibile c\u0103tre Fenech.<\/p>\n<p data-index=\"10\">Rezum\u00e2nd acuza\u0163iile aduse \u00eempotriva sa, procurorul Anthony Vella a afirmat c\u0103 Fenech credea c\u0103 poate \u201ecump\u0103ra justi\u0163ia\u201d, spun\u00e2nd juriului: \u201eVi se cere s\u0103 decide\u0163i dac\u0103 un om care avea contacte extinse \u00een politic\u0103 \u015fi printre conduc\u0103torii entit\u0103\u0163ilor publice avea suficient\u0103 putere pentru a pl\u0103ti ca Daphne s\u0103 fie ucis\u0103.\u201d<\/p>\n<p data-index=\"11\">Ap\u0103rarea a sus\u0163inut c\u0103 lan\u0163ul de comand\u0103 se afla la un nivel mai \u00eenalt, Fenech \u015fi avoca\u0163ii s\u0103i suger\u00e2nd c\u0103 persoana care a ordonat asasinatul era fostul \u015fef de cabinet al lui Muscat, Keith Schembri. Ace\u015ftia au afirmat c\u0103 poli\u0163ia nu a depus suficiente eforturi pentru a investiga acuza\u0163iile privind implicarea acestuia.<\/p>\n<p data-index=\"12\">\u201eToate drumurile duc la Keith, iar toate podurile c\u0103tre Keith au fost arse\u201d, a declarat avocatul ap\u0103r\u0103rii, Charles Mercieca, \u00een pledoaria sa final\u0103.<\/p>\n<p data-index=\"13\">\u00cen m\u0103rturia sa, Fenech le-a spus jura\u0163ilor: \u201eNu am ordonat niciodat\u0103 asasinarea lui Daphne Caruana Galizia, nici a altcuiva. Nu am avut niciun rol \u00een asasinarea ei\u201d. El a afirmat c\u0103 a ac\u0163ionat doar ca mesager \u00eentre Schembri \u015fi Theuma \u015fi c\u0103 \u015foferul de taxi l-a \u015fantajat.<\/p>\n<p data-index=\"14\">Schembri, care a depus m\u0103rturie \u00een cadrul procesului, a negat orice fapt\u0103 ilicit\u0103, afirm\u00e2nd c\u0103 nu a fost implicat \u00een scurgerile de informa\u0163ii \u015fi c\u0103 nu avea cuno\u015ftin\u0163\u0103 despre asasinat.<\/p>\n<p> Editor : <a href=\"https:\/\/www.digi24.ro\/autor\/bogdan-enache\"> B.E. <\/a><\/p>\n<\/div>\n<p>[analyse_source url=&#8221;https:\/\/www.digi24.ro\/stiri\/externe\/ue\/yorgen-fenech-achitat-in-prima-instanta-dupa-acuzatiile-de-orchestrare-a-asasinarii-jurnalistei-malteze-daphne-caruana-galizia-3932803&#8243;]<\/p>\n","protected":false},"excerpt":{"rendered":"<p>[analyse_image type=&#8221;featured&#8221; src=&#8221;https:\/\/s.iw.ro\/gateway\/g\/ZmlsZVNvdXJjZT1odHRwJTNBJTJGJTJG\/c3RvcmFnZTA4dHJhbnNjb2Rlci5yY3Mt\/cmRzLnJvJTJGc3RvcmFnZSUyRjIwMjYl\/MkYwOSUyRjAyJTJGMjk0MzU1NV8yOTQz\/NTU1X3Byb2ZpbWVkaWEtMDU3MjY1Mzk5\/MC5qcGcmdz0xMjAwJmg9NjMwJnpjPTEm\/aGFzaD1mZTkwMGM1ODk4NDQyNzc0Y2FlN2NjNjBmM2IxZDA2Yw==.thumb.jpg&#8221;] Un tribunal din Malta l-a achitat miercuri pe magnatul Yorgen Fenech, acuzat c\u0103 a orchestrat asasinarea brutal\u0103, \u00een 2017, a jurnalistei de investiga\u0163ie Daphne Caruana Galizia, relateaz\u0103 The Guardian. Omul de afaceri, unul dintre cei mai boga\u0163i din Malta, era acuzat c\u0103 a comandat atentatul cu ma\u015fin\u0103-capcan\u0103 care i-a curmat via\u0163a lui [&hellip;]<\/p>\n","protected":false},"author":1,"featured_media":0,"comment_status":"open","ping_status":"","sticky":false,"template":"","format":"standard","meta":{"footnotes":""},"categories":[89],"tags":[226,11],"class_list":["post-2125085","post","type-post","status-publish","format-standard","hentry","category-romania","tag-crawlmanager","tag-digi24"],"_links":{"self":[{"href":"https:\/\/analyse.optim.biz\/index.php?rest_route=\/wp\/v2\/posts\/2125085","targetHints":{"allow":["GET"]}}],"collection":[{"href":"https:\/\/analyse.optim.biz\/index.php?rest_route=\/wp\/v2\/posts"}],"about":[{"href":"https:\/\/analyse.optim.biz\/index.php?rest_route=\/wp\/v2\/types\/post"}],"author":[{"embeddable":true,"href":"https:\/\/analyse.optim.biz\/index.php?rest_route=\/wp\/v2\/users\/1"}],"replies":[{"embeddable":true,"href":"https:\/\/analyse.optim.biz\/index.php?rest_route=%2Fwp%2Fv2%2Fcomments&post=2125085"}],"version-history":[{"count":0,"href":"https:\/\/analyse.optim.biz\/index.php?rest_route=\/wp\/v2\/posts\/2125085\/revisions"}],"wp:attachment":[{"href":"https:\/\/analyse.optim.biz\/index.php?rest_route=%2Fwp%2Fv2%2Fmedia&parent=2125085"}],"wp:term":[{"taxonomy":"category","embeddable":true,"href":"https:\/\/analyse.optim.biz\/index.php?rest_route=%2Fwp%2Fv2%2Fcategories&post=2125085"},{"taxonomy":"post_tag","embeddable":true,"href":"https:\/\/analyse.optim.biz\/index.php?rest_route=%2Fwp%2Fv2%2Ftags&post=2125085"}],"curies":[{"name":"wp","href":"https:\/\/api.w.org\/{rel}","templated":true}]}}