{"id":2125081,"date":"2026-09-02T18:30:47","date_gmt":"2026-09-02T15:30:47","guid":{"rendered":"https:\/\/analyse.optim.biz\/?p=2125081"},"modified":"2026-09-02T18:30:47","modified_gmt":"2026-09-02T15:30:47","slug":"cum-arata-noile-masuri-de-asigurare-a-apei-la-centrala-de-la-cernavoda-mai-multe-nave-si-barje-vor-fi","status":"publish","type":"post","link":"https:\/\/analyse.optim.biz\/?p=2125081","title":{"rendered":"Cum arat\u0103 noile m\u0103suri de asigurare a apei la Centrala de la Cernavod\u0103. Mai multe nave \u0219i barje vor fi&#8230;"},"content":{"rendered":"<p>[analyse_image type=&#8221;featured&#8221; src=&#8221;https:\/\/s.iw.ro\/gateway\/g\/ZmlsZVNvdXJjZT1odHRwJTNBJTJGJTJG\/c3RvcmFnZTA4dHJhbnNjb2Rlci5yY3Mt\/cmRzLnJvJTJGc3RvcmFnZSUyRjIwMjYl\/MkYwOCUyRjE0JTJGMjkwNzQ3MV8yOTA3\/NDcxXzc3MzYwNDE1MF8xNDI0NzY0MDky\/ODY2ODk5XzgzNTM4MTc1NjczMjc1MDk0\/Nl9uLmpwZyZ3PTEyMDAmaD02MzAmemM9\/MSZoYXNoPWZkNGYyYTExMDFlYmM5NmIxNDhhY2Q1ZmRkNTM2YTdh.thumb.jpg&#8221;]<\/p>\n<div class=\"entry data-app-meta data-app-meta-article\" data-embed-base-url-canonical=\"https:\/\/www.digi24.ro\/embed\/stiri\/actualitate\/evenimente\/cum-arata-noile-masuri-de-asigurare-a-apei-la-centrala-de-la-cernavoda-mai-multe-nave-si-barje-vor-fi-amplasate-pe-600-de-metri-3932785\">\n<p data-index=\"1\"><strong>Comitetul Na\u0163ional pentru Situa\u0163ii de Urgen\u0163\u0103 (CNSU) a stabilit noi m\u0103suri pentru asigurarea debitului de ap\u0103 necesar Centralei de la Cernavod\u0103, \u00een contextul \u00een care nivelul Dun\u0103rii ar urma s\u0103 scad\u0103 din nou, din 10 septembrie. \u00cen prima faz\u0103, mai multe nave \u015fi barje urmeaz\u0103 s\u0103 fie amplasate pe o distan\u0163\u0103 de 600 de metri \u00een zona confluen\u0163ei de la Cernavod\u0103 a bra\u0163ului Dun\u0103rea Veche cu intrarea \u00een Canalul Dun\u0103re-Marea Neagr\u0103, pentru a direc\u0163iona apa spre canal \u015fi spre central\u0103. A doua etap\u0103 prevede o \u00eenchidere modular\u0103 cu pontoane \u015fi hidrobaraje pe o sec\u0163iune de aproape 170 de metri \u00een zona canalului de racord al centralei.\u00a0<\/strong><\/p>\n<p data-index=\"2\"><span data-contrast=\"auto\">\u201eComitetul Na\u0163ional pentru Situa\u0163ii de Urgen\u0163\u0103 a adoptat o nou\u0103 hot\u0103r\u00e2re care stabile\u015fte un plan etapizat de m\u0103suri pentru a asigura debitul de ap\u0103 necesar func\u0163ion\u0103rii \u00een siguran\u0163\u0103 a Centralei Nuclearoelectrice (CNE) Cernavod\u0103. Interven\u0163ia este necesar\u0103 \u00een condi\u0163iile \u00een care debitul Dun\u0103rii este prognozat s\u0103 \u00eenregistreze noi sc\u0103deri \u00eencep\u00e2nd cu data de 10 septembrie. Hot\u0103r\u00e2rea CNSU prevede realizarea unui sistem de interven\u0163ie temporar, modular, etapizat \u015fi reversibil. Acesta va fi implementat \u00een zona confluen\u0163ei de la Cernavod\u0103 a bra\u0163ului Dun\u0103rea Veche cu intrarea \u00een Canalul Dun\u0103re-Marea Neagr\u0103, \u00een vederea asigur\u0103rii resursei de ap\u0103 necesare pentru central\u0103\u201d, anun\u0163\u0103 Guvernul, \u00eentr-un <a href=\"https:\/\/gov.ro\/ro\/stiri\/noi-masuri-pentru-asigurarea-debitului-de-apa-necesar-cne-cernavoda-in-contextul-scaderii-nivelului-dunarii\" data-skip-linkfix=\"1\">comunicat de pres\u0103<\/a>.<\/span><span data-ccp-props=\"{&quot;335551550&quot;:0,&quot;335551620&quot;:0}\">\u00a0<\/span><\/p>\n<p data-index=\"3\"><span data-contrast=\"auto\">Potrivit sursei citate, planul de interven\u0163ie va fi declan\u015fat dac\u0103 nivelul apei scade p\u00e2n\u0103 la cota de 1,58 metri \u00een bazinul prizei de ap\u0103 al CNE Cernavod\u0103 \u015fi prevede mai multe etape, \u00een func\u0163ie de evolu\u0163ia situa\u0163iei.<\/span><span data-ccp-props=\"{&quot;335551550&quot;:0,&quot;335551620&quot;:0}\">\u00a0<\/span><\/p>\n<p data-index=\"4\"><span data-contrast=\"auto\">\u201eAstfel, \u00eentr-o prim\u0103 etap\u0103, mai multe nave \u015fi\/sau barje \u00eenc\u0103rcate vor fi amplasate pe un aliniament cu o lungime de aproximativ 600 de metri, astfel \u00eenc\u00e2t fluxul pe bra\u0163ul Dun\u0103rii Vechi s\u0103 direc\u0163ioneze un volum mai mare de ap\u0103 c\u0103tre intrarea \u00een Canalul Dun\u0103re-Marea Neagr\u0103 \u015fi, implicit, c\u0103tre priza de ap\u0103 a centralei. \u00cen a doua etap\u0103 se va realiza o \u00eenchidere modular\u0103 cu pontoane \u015fi hidrobaraje pe o sec\u0163iune de aproximativ 170 de metri, \u00een zona canalului de racord al centralei. Ca variant\u0103 de rezerv\u0103, acest sistem poate fi \u00eenlocuit cu un baraj temporar realizat din piatr\u0103\u201d, arat\u0103 reprezentan\u0163ii Executivului.<\/span><span data-ccp-props=\"{&quot;335551550&quot;:0,&quot;335551620&quot;:0}\">\u00a0<\/span><\/p>\n<p data-index=\"5\"><span data-contrast=\"auto\">Ei adaug\u0103 c\u0103, \u00een cazul \u00een care ac\u0163iunile de interven\u0163ie din primele dou\u0103 etape nu vor asigura efectul necesar, Administra\u0163ia Na\u0163ional\u0103 \u201eApele Rom\u00e2ne\u201d \u015fi Nuclearelectrica vor pune \u00een func\u0163iune pompe de mare capacitate, care s\u0103 asigure pomparea de ap\u0103 suplimentar\u0103 c\u0103tre priza de ap\u0103 pentru r\u0103cire a centralei.<\/span><\/p>\n<p data-index=\"6\"><img loading=\"lazy\" decoding=\"async\" class=\"alignnone size-full wp-image-3932787\" src=\"https:\/\/s.iw.ro\/gateway\/g\/ZmlsZVNvdXJjZT1odHRwJTNBJTJGJTJG\/c3RvcmFnZTA4dHJhbnNjb2Rlci5yY3Mt\/cmRzLnJvJTJGc3RvcmFnZSUyRjIwMjYl\/MkYwOSUyRjAyJTJGMjk0MzUyMV8yOTQz\/NTIxX2JpZ19zY2hlbWFfZXRhcGVfaW50\/ZXJ2ZW50aWVfMl9qcGcuanBlZyZ3PTgw\/MCZoYXNoPWI4MWM1MzYzOGVkNmNiNDUxNzM1MjMzMDg2ODM3YmRk.thumb.jpg\" alt width=\"960\" height=\"500\" data-skip-htmlfix=\"1\"><\/p>\n<p data-index=\"7\"><span data-contrast=\"auto\">Lucr\u0103rile realizate de Administra\u0163ia Na\u0163ional\u0103 \u201eApele Rom\u00e2ne\u201d \u00een baza acestui plan vor fi finan\u0163ate prin suplimentarea bugetului Ministerului Mediului, Apelor \u015fi P\u0103durilor din Fondul de rezerv\u0103 la dispozi\u0163ia Guvernului. Cheltuielile efectuate de celelalte institu\u0163ii \u015fi de operatorii implica\u0163i \u00een aplicarea m\u0103surilor vor fi suportate din bugetele proprii \u015fi din alte surse constituite potrivit competen\u0163elor \u015fi responsabilit\u0103\u0163ilor acestora.\u00a0<\/span><span data-ccp-props=\"{&quot;335551550&quot;:0,&quot;335551620&quot;:0}\">\u00a0<\/span><\/p>\n<p data-index=\"8\"><span data-contrast=\"auto\">\u201eM\u0103surile aprobate permit adaptarea interven\u0163iei la evolu\u0163ia nivelului Dun\u0103rii \u015fi urm\u0103resc s\u0103 asigure resursele de ap\u0103 necesare pentru men\u0163inerea CNE Cernavod\u0103 \u00een condi\u0163ii de siguran\u0163\u0103 pe durata perioadei caracterizate de debite extrem de sc\u0103zute ale Dun\u0103rii\u201d, arat\u0103 comunicatul.\u00a0<\/span><span data-ccp-props=\"{&quot;335551550&quot;:0,&quot;335551620&quot;:0}\">\u00a0<\/span><\/p>\n<p data-index=\"9\"><span data-contrast=\"auto\">Hot\u0103r\u00e2rea CNSU a fost publicat\u0103 \u00een Monitorul Oficial al Rom\u00e2niei nr. 741 din 2 septembrie.<\/span><span data-ccp-props=\"{&quot;335551550&quot;:0,&quot;335551620&quot;:0}\">\u00a0<\/span><\/p>\n<p data-index=\"10\"><span data-contrast=\"auto\">Centrala Nuclearelectric\u0103 de la Cernavod\u0103 a fost oprit\u0103 complet \u00een 13 august, dup\u0103 ce <a href=\"https:\/\/www.digi24.ro\/stiri\/economie\/energie\/cum-incearca-autoritatile-sa-asigure-racirea-centralei-de-la-cernavoda-dupa-scaderea-record-a-debitului-dunarii-3924181\" data-skip-linkfix=\"1\">nivelul Dun\u0103rii a ajuns la un minim istoric<\/a>.<\/span><span data-ccp-props=\"{&quot;335551550&quot;:0,&quot;335551620&quot;:0}\">\u00a0<\/span><\/p>\n<p data-index=\"11\"><b><span data-contrast=\"auto\">Cite\u0219te \u0219i: <a href=\"https:\/\/www.digi24.ro\/stiri\/actualitate\/trei-utilaje-de-dragare-intervin-pentru-redirijarea-debitelor-dunarii-spre-cernavoda-se-asteapta-o-noua-scadere-a-nivelului-fluviului-3928807\" data-skip-linkfix=\"1\">Trei utilaje de dragare intervin pentru redirijarea debitelor Dun\u0103rii spre Cernavod\u0103. Se a\u0219teapt\u0103 o nou\u0103 sc\u0103dere a nivelului fluviului<\/a><\/span><\/b><a href=\"https:\/\/www.digi24.ro\/stiri\/actualitate\/trei-utilaje-de-dragare-intervin-pentru-redirijarea-debitelor-dunarii-spre-cernavoda-se-asteapta-o-noua-scadere-a-nivelului-fluviului-3928807\" data-skip-linkfix=\"1\"><span data-ccp-props=\"{&quot;335551550&quot;:0,&quot;335551620&quot;:0}\">\u00a0<\/span><\/a><\/p>\n<p> Editor : <a href=\"https:\/\/www.digi24.ro\/autor\/alexandru-costea\"> A.C. <\/a><\/p>\n<\/div>\n<p>[analyse_source url=&#8221;https:\/\/www.digi24.ro\/stiri\/actualitate\/evenimente\/cum-arata-noile-masuri-de-asigurare-a-apei-la-centrala-de-la-cernavoda-mai-multe-nave-si-barje-vor-fi-amplasate-pe-600-de-metri-3932785&#8243;]<\/p>\n","protected":false},"excerpt":{"rendered":"<p>[analyse_image type=&#8221;featured&#8221; src=&#8221;https:\/\/s.iw.ro\/gateway\/g\/ZmlsZVNvdXJjZT1odHRwJTNBJTJGJTJG\/c3RvcmFnZTA4dHJhbnNjb2Rlci5yY3Mt\/cmRzLnJvJTJGc3RvcmFnZSUyRjIwMjYl\/MkYwOCUyRjE0JTJGMjkwNzQ3MV8yOTA3\/NDcxXzc3MzYwNDE1MF8xNDI0NzY0MDky\/ODY2ODk5XzgzNTM4MTc1NjczMjc1MDk0\/Nl9uLmpwZyZ3PTEyMDAmaD02MzAmemM9\/MSZoYXNoPWZkNGYyYTExMDFlYmM5NmIxNDhhY2Q1ZmRkNTM2YTdh.thumb.jpg&#8221;] Comitetul Na\u0163ional pentru Situa\u0163ii de Urgen\u0163\u0103 (CNSU) a stabilit noi m\u0103suri pentru asigurarea debitului de ap\u0103 necesar Centralei de la Cernavod\u0103, \u00een contextul \u00een care nivelul Dun\u0103rii ar urma s\u0103 scad\u0103 din nou, din 10 septembrie. \u00cen prima faz\u0103, mai multe nave \u015fi barje urmeaz\u0103 s\u0103 fie amplasate pe o distan\u0163\u0103 de [&hellip;]<\/p>\n","protected":false},"author":1,"featured_media":0,"comment_status":"open","ping_status":"","sticky":false,"template":"","format":"standard","meta":{"footnotes":""},"categories":[89],"tags":[226,11],"class_list":["post-2125081","post","type-post","status-publish","format-standard","hentry","category-romania","tag-crawlmanager","tag-digi24"],"_links":{"self":[{"href":"https:\/\/analyse.optim.biz\/index.php?rest_route=\/wp\/v2\/posts\/2125081","targetHints":{"allow":["GET"]}}],"collection":[{"href":"https:\/\/analyse.optim.biz\/index.php?rest_route=\/wp\/v2\/posts"}],"about":[{"href":"https:\/\/analyse.optim.biz\/index.php?rest_route=\/wp\/v2\/types\/post"}],"author":[{"embeddable":true,"href":"https:\/\/analyse.optim.biz\/index.php?rest_route=\/wp\/v2\/users\/1"}],"replies":[{"embeddable":true,"href":"https:\/\/analyse.optim.biz\/index.php?rest_route=%2Fwp%2Fv2%2Fcomments&post=2125081"}],"version-history":[{"count":0,"href":"https:\/\/analyse.optim.biz\/index.php?rest_route=\/wp\/v2\/posts\/2125081\/revisions"}],"wp:attachment":[{"href":"https:\/\/analyse.optim.biz\/index.php?rest_route=%2Fwp%2Fv2%2Fmedia&parent=2125081"}],"wp:term":[{"taxonomy":"category","embeddable":true,"href":"https:\/\/analyse.optim.biz\/index.php?rest_route=%2Fwp%2Fv2%2Fcategories&post=2125081"},{"taxonomy":"post_tag","embeddable":true,"href":"https:\/\/analyse.optim.biz\/index.php?rest_route=%2Fwp%2Fv2%2Ftags&post=2125081"}],"curies":[{"name":"wp","href":"https:\/\/api.w.org\/{rel}","templated":true}]}}