{"id":2125048,"date":"2026-09-02T16:03:40","date_gmt":"2026-09-02T13:03:40","guid":{"rendered":"https:\/\/analyse.optim.biz\/?p=2125048"},"modified":"2026-09-02T16:03:40","modified_gmt":"2026-09-02T13:03:40","slug":"aur-isi-prezinta-cele-zece-propuneri-pentru-guvernare-si-critica-planul-psd-lucruri-mai-concrete","status":"publish","type":"post","link":"https:\/\/analyse.optim.biz\/?p=2125048","title":{"rendered":"AUR \u00ee\u0219i prezint\u0103 cele zece propuneri pentru guvernare \u0219i critic\u0103 planul PSD: \u201eLucruri mai concrete\u201d"},"content":{"rendered":"<p>[analyse_image type=&#8221;featured&#8221; src=&#8221;https:\/\/cdn.adh.reperio.news\/image-5\/5f190e86-50f7-483a-b5cf-0c2c38faa797\/index.jpeg?p=f%3Djpeg%26w%3D1200%26h%3D630%26r%3Dcover&#8221;]<\/p>\n<article class=\"svelte-x63bga\">\n<nav>\n<ul class=\"breadcrump svelte-1pk9a69\">\n<li class=\"svelte-1pk9a69\"><a href=\"https:\/\/adevarul.ro\/\" title=\"Adev\u0103rul\" class=\"svelte-1pk9a69\">Home<\/a><\/li>\n<li class=\"svelte-1pk9a69\"><a href=\"https:\/\/adevarul.ro\/politica\" class=\"svelte-1pk9a69\">Politic\u0103<\/a><\/li>\n<li class=\"svelte-1pk9a69\"><a href=\"https:\/\/adevarul.ro\/politica\/aur-isi-prezinta-cele-zece-propuneri-pentru-2553703.html\" class=\"svelte-1pk9a69\">AUR \u00ee\u0219i prezint\u0103 cele zece propuneri pentru guvernare \u0219i critic\u0103 planul PSD: \u201eLucruri mai concrete\u201d<\/a><\/li>\n<\/ul>\n<\/nav>\n<p><main class=\"svelte-x63bga\"><\/p>\n<p>Liderul senatorilor AUR, Petri\u0219or Peiu, a prezentat miercuri, \u00eentr-o conferin\u021b\u0103 de pres\u0103, zece propuneri ale forma\u021biunii pentru un eventual program de guvernare. Senatorul AUR a comparat fiecare dintre acestea cu priorit\u0103\u021bile prezentate recent de liderul PSD, Sorin Grindeanu, sus\u021bin\u00e2nd c\u0103 solu\u021biile propuse de partidul s\u0103u sunt<i> \u201emai concrete\u201d.<\/i><\/p>\n<div class=\"container-image  svelte-1xbw4f3\"><source type=\"image\/webp\" srcset=\"https:\/\/cdn.adh.reperio.news\/image-5\/5f190e86-50f7-483a-b5cf-0c2c38faa797\/index.jpeg?p=a%3D1%26co%3D1.05%26w%3D1400%26h%3D750%26r%3Dcontain%26f%3Dwebp 1400w\" media=\"(min-width: 1400px)\" \/><\/p>\n<div class=\"caption svelte-1xbw4f3\"><span class=\"captionText svelte-1xbw4f3\">Liderul senatorilor AUR, Petri\u0219or Peiu. <span class=\"source svelte-1xbw4f3\">Foto: C\u0103t\u0103lin M\u0103nescu<\/span><\/span><\/div>\n<\/div>\n<p>Peiu a declarat c\u0103 AUR dore\u0219te s\u0103 ofere \u201eun r\u0103spuns\u201d\u00a0<a href=\"https:\/\/adevarul.ro\/politica\/liderii-psd-se-intalnesc-luni-la-sinaia-decid-2553051.html\">celor zece priorit\u0103\u021bi anun\u021bate de PSD<\/a>\u00a0\u0219i a criticat forma \u00een care social-democra\u021bii \u00ee\u0219i prezint\u0103 unele dintre m\u0103suri, pe care le-a descris drept <i>\u201eaudituri\u201d, \u201einventare\u201d <\/i>\u0219i<i> \u201eprograme\u201d.<\/i><\/p>\n<h2>Energie: oprirea decarboniz\u0103rii \u0219i noi investi\u021bii<\/h2>\n<p>Prima prioritate prezentat\u0103 de AUR vizeaz\u0103 refacerea sistemului energetic \u0219i valorificarea resurselor.<\/p>\n<p>\u00cen timp ce PSD propune realizarea unor audituri, inventare \u0219i calendare, AUR sus\u021bine oprirea procesului de decarbonizare, finalizarea centralei de la Iernut \u0219i construirea unei centrale la Turceni.<\/p>\n<p>Forma\u021biunea mai propune construirea unor hidrocentrale cu acumulare, inclusiv Tarni\u021ba-L\u0103pu\u0219te\u0219ti, Por\u021bile de Fier \u0219i Bicaz, precum \u0219i finalizarea inelului na\u021bional de 400 de kilovol\u021bi.<\/p>\n<div class=\"raw-block\"><iframe loading=\"lazy\" src=\"https:\/\/www.facebook.com\/plugins\/post.php?href=https%3A%2F%2Fwww.facebook.com%2FpartidulAUR%2Fposts%2Fpfbid02wfKnFzumQkzqh8treW7xwTT8q4GWuSuTf49KeUR9W5B4fmT1sKUDJ9cn8wKxYyHwl&amp;show_text=true&amp;width=390\" width=\"500\" height=\"250\" frameborder allowfullscreen=\"true\" allow=\"autoplay; clipboard-write; encrypted-media; picture-in-picture; web-share\" class=\"facebook-iframe\"><\/iframe><\/div>\n<h2>Ap\u0103rare: desecretizarea contractelor finan\u021bate prin SAFE<\/h2>\n<p>\u00cen domeniul securit\u0103\u021bii na\u021bionale, ap\u0103r\u0103rii \u0219i industriei de profil, AUR propune desecretizarea\u00a0<a href=\"https:\/\/adevarul.ro\/politica\/aur-sesizeaza-dna-in-cazul-programului-safe-si-2553694.html\">contractelor \u00eencheiate cu fondurile SAFE,<\/a>\u00a0asigurarea unei componente na\u021bionale de cel pu\u021bin 50% din valoarea acestora \u0219i renegocierea contractelor acolo unde partidul consider\u0103 c\u0103 este necesar.<\/p>\n<p>Peiu a criticat propunerea PSD privind realizarea unui portofoliu de companii rom\u00e2ne\u0219ti, consider\u00e2nd c\u0103 este vorba, din nou, despre un inventar \u0219i un program.<\/p>\n<h2>Reindustrializare \u0219i taxe mai mici pentru companii<\/h2>\n<p>Pentru reindustrializarea capitalului productiv, AUR propune reducerea costurilor cu energia \u0219i acordarea de ajutoare de stat pentru plata certificatelor de emisii de gaze cu efect de ser\u0103.<\/p>\n<p>\u00cen ceea ce prive\u0219te colectarea fiscal\u0103 \u0219i disciplina bugetar\u0103, forma\u021biunea propune\u00a0<a href=\"https:\/\/adevarul.ro\/economie\/tva-zero-pentru-panourile-fotovoltaice-si-2547544.html\">revenirea la TVA<\/a>\u00a0de 19% pentru cota standard \u0219i 9% pentru cea redus\u0103, reducerea impozitului pe dividende la 8%, cre\u0219terea pragului pentru micro\u00eentreprinderi la 500.000 de euro \u0219i stabilirea unei cote de 1,25% din cifra de afaceri pentru \u00eentreprinderi.<\/p>\n<p><a class=\"related-inline svelte-78g0vl\" data-gtrack=\"{&quot;event&quot;:&quot;utm_click&quot;,&quot;data&quot;:{&quot;event_category&quot;:&quot;article_related&quot;}}\" href=\"https:\/\/adevarul.ro\/politica\/george-simion-cere-revenirea-la-urne-romania-are-2553632.html\" title=\"Alt articol de interes pentru tine\"><span class=\"inline-title svelte-78g0vl\">George Simion cere revenirea la urne: \u201eRom\u00e2nia are nevoie de o majoritate parlamentar\u0103 stabil\u0103 \u0219i de un guvern pe urm\u0103torii patru ani\u201d<\/span><\/a><\/p>\n<p>AUR mai vrea limitarea controalelor \u0219i introducerea tax\u0103rii inverse \u00een cazul TVA.<\/p>\n<h2>AUR vrea un Guvern cu 10 ministere \u0219i maximum 50 de secretari de stat<\/h2>\n<p>\u00cen ceea ce prive\u0219te reforma statului, forma\u021biunea propune reducerea dimensiunii administra\u021biei publice. Printre m\u0103suri se num\u0103r\u0103 reducerea num\u0103rului de parlamentari la 300, un Guvern format din 10 ministere, cel mult 50 de secretari de stat \u0219i maximum 20 de agen\u021bii \u0219i autorit\u0103\u021bi.<\/p>\n<p>AUR sus\u021bine, de asemenea, reducerea birocra\u021biei \u0219i dereglementarea.<\/p>\n<h2>Pensii, CASS \u0219i m\u0103suri pentru familii<\/h2>\n<p>\u00cen domeniul muncii, veniturilor \u0219i demografiei, AUR propune indexarea pensiilor, aplicarea CASS \u00een func\u021bie de num\u0103rul efectiv de ore lucrate \u0219i m\u0103suri pentru stimularea muncii.<\/p>\n<p>Forma\u021biunea mai cere eliminarea CASS pentru mame, veterani \u0219i fo\u0219ti de\u021binu\u021bi politici.<\/p>\n<h2>Educa\u021bie \u0219i s\u0103n\u0103tate<\/h2>\n<p>\u00cen educa\u021bie, AUR sus\u021bine p\u0103strarea examenului na\u021bional de capacitate \u0219i generalizarea programului de mas\u0103 cald\u0103 \u00een \u00eenv\u0103\u021b\u0103m\u00e2ntul primar \u0219i gimnazial.<\/p>\n<p>\u00cen s\u0103n\u0103tate, partidul propune construirea de spitale noi, ambulatorii \u0219i institute na\u021bionale, iar pentru cercetare vrea introducerea unui credit fiscal destinat finan\u021b\u0103rii proiectelor din acest domeniu.<\/p>\n<h2>Agricultur\u0103 \u0219i infrastructur\u0103<\/h2>\n<p>\u00cen agricultur\u0103, AUR propune dezvoltarea sistemelor de iriga\u021bii, finan\u021barea centrelor de colectare, controlul epidemiilor \u0219i dezvoltarea fermelor de reproduc\u021bie.<\/p>\n<p>Pentru infrastructur\u0103 \u0219i investi\u021bii strategice, printre propunerile forma\u021biunii se afl\u0103 finalizarea Coridorului 4 European de cale ferat\u0103, electrificarea a 1.000 de kilometri de cale ferat\u0103, dublarea liniilor Constan\u021ba-Mangalia \u0219i Cluj-Napoca-Episcopia Bihorului, precum \u0219i realizarea investi\u021biei hidrotehnice Bala.<\/p>\n<p>AUR mai cere finalizarea autostr\u0103zii A0 \u0219i a unor proiecte de infrastructur\u0103 rutier\u0103 precum A1, A7 \u0219i A8.<\/p>\n<h2>AUR vrea renegocierea unor programe europene<\/h2>\n<p>Ultima direc\u021bie prezentat\u0103 de Petri\u0219or Peiu vizeaz\u0103 pozi\u021bionarea Rom\u00e2niei \u00een Uniunea European\u0103 \u0219i NATO.<\/p>\n<p>AUR sus\u021bine renegocierea unor programe europene pe care le consider\u0103 dezavantajoase pentru Rom\u00e2nia, \u00een special politica Green Deal, dar \u0219i renegocierea \u00eemprumuturilor contractate de la Uniunea European\u0103.<\/p>\n<p>Petri\u0219or Peiu a sus\u021binut c\u0103 propunerile AUR sunt<i> \u201emai concrete\u201d <\/i>dec\u00e2t cele prezentate de PSD \u0219i a criticat faptul c\u0103 unele dintre priorit\u0103\u021bile social-democra\u021bilor se bazeaz\u0103, \u00een opinia sa, pe audituri, inventare \u0219i programe care ar urma s\u0103 fie elaborate.<\/p>\n<p><\/main><\/p>\n<footer class=\"svelte-x63bga\">\n<div class=\"related-wrap related-footer svelte-78g0vl\"><span class=\"related-label svelte-78g0vl\">Cite\u0219te \u0219i<\/span><a class=\"related svelte-78g0vl\" data-gtrack=\"{&quot;event&quot;:&quot;utm_click&quot;,&quot;data&quot;:{&quot;event_category&quot;:&quot;article_related&quot;}}\" href=\"https:\/\/adevarul.ro\/politica\/cum-explica-udmr-votul-pentru-functiile-din-2553659.html\" title=\"Alt articol de interes pentru tine\"><img decoding=\"async\" class=\"thumb svelte-78g0vl\" src=\"https:\/\/cdn.adh.reperio.news\/image-d\/d0f96974-4031-42c9-88e5-3c75f105df6b\/index.jpeg?p=f%3Dwebp%26w%3D120%26h%3D80%26r%3Dcover%26a%3D0\" alt loading=\"lazy\" width=\"80\" height=\"54\"><span class=\"title svelte-78g0vl\">Cum explic\u0103 UDMR votul pentru func\u021biile din Biroul permanent din Camera Deputa\u0163ilor: \u201eN-am votat cu AUR sau cu S.O.S. \u015fi n-am votat \u00eempotriva PNL sau USR\u201d<\/span><\/a><\/div>\n<div class=\"meta svelte-x63bga\">\n<div class=\"authors svelte-x63bga\"><span class=\"names svelte-x63bga\"><a href=\"https:\/\/adevarul.ro\/author\/2086\" rel=\"author\" class=\"svelte-x63bga\">Oana Ababei<\/a><\/span><\/p>\n<div class=\"_hydratable\" data-props=\"%7B%22showLive%22%3Atrue%7D\" data-context=\"%7B%22parentBlockColumnCount%22%3A%7B%22value%22%3A0%2C%22type%22%3A%22store%2Freadable%22%7D%2C%22parentBlockBackgroundColor%22%3A%7B%22type%22%3A%22store%2Freadable%22%7D%7D\" data-component=\"ShareButton\">\n<div class=\"shareButtons svelte-itwbrr\">\n<div class=\"liveSessions metaFont svelte-1maxmbf\"><span class=\"value svelte-1maxmbf\">1<\/span> live <\/div>\n<\/div>\n<\/div>\n<\/div>\n<div class=\"tags svelte-1l3vwp1\"><span class=\"tags-label metaFont svelte-1l3vwp1\">Cite\u0219te mai multe despre<\/span><\/p>\n<div class=\"tags-list svelte-1l3vwp1\"><a href=\"https:\/\/adevarul.ro\/tag\/psd\" title=\"Ultimele \u0219tiri despre psd\" class=\"tag-pill svelte-1l3vwp1\">psd<\/a><a href=\"https:\/\/adevarul.ro\/tag\/energie\" title=\"Ultimele \u0219tiri despre energie\" class=\"tag-pill svelte-1l3vwp1\">energie<\/a><a href=\"https:\/\/adevarul.ro\/tag\/aur\" title=\"Ultimele \u0219tiri despre aur\" class=\"tag-pill svelte-1l3vwp1\">aur<\/a><a href=\"https:\/\/adevarul.ro\/tag\/sorin%20grindeanu\" title=\"Ultimele \u0219tiri despre sorin grindeanu\" class=\"tag-pill svelte-1l3vwp1\">sorin grindeanu<\/a><a href=\"https:\/\/adevarul.ro\/tag\/program%20de%20guvernare\" title=\"Ultimele \u0219tiri despre program de guvernare\" class=\"tag-pill svelte-1l3vwp1\">program de guvernare<\/a><a href=\"https:\/\/adevarul.ro\/tag\/petri%C8%99or%20peiu\" title=\"Ultimele \u0219tiri despre petri\u0219or peiu\" class=\"tag-pill svelte-1l3vwp1\">petri\u0219or peiu<\/a><\/div>\n<\/div>\n<\/div>\n<p><a class=\"moreFromCategory svelte-x63bga\" href=\"https:\/\/adevarul.ro\/politica\" title=\"Politic\u0103\">Mai multe din <strong class=\"svelte-x63bga\">Politic\u0103<\/strong> \u203a<\/a><\/footer>\n<\/article>\n<p>[analyse_source url=&#8221;https:\/\/adevarul.ro\/politica\/aur-isi-prezinta-cele-zece-propuneri-pentru-2553703.html&#8221;]<\/p>\n","protected":false},"excerpt":{"rendered":"<p>[analyse_image type=&#8221;featured&#8221; src=&#8221;https:\/\/cdn.adh.reperio.news\/image-5\/5f190e86-50f7-483a-b5cf-0c2c38faa797\/index.jpeg?p=f%3Djpeg%26w%3D1200%26h%3D630%26r%3Dcover&#8221;] Home Politic\u0103 AUR \u00ee\u0219i prezint\u0103 cele zece propuneri pentru guvernare \u0219i critic\u0103 planul PSD: \u201eLucruri mai concrete\u201d Liderul senatorilor AUR, Petri\u0219or Peiu, a prezentat miercuri, \u00eentr-o conferin\u021b\u0103 de pres\u0103, zece propuneri ale forma\u021biunii pentru un eventual program de guvernare. Senatorul AUR a comparat fiecare dintre acestea cu priorit\u0103\u021bile prezentate recent de liderul [&hellip;]<\/p>\n","protected":false},"author":1,"featured_media":0,"comment_status":"open","ping_status":"","sticky":false,"template":"","format":"standard","meta":{"footnotes":""},"categories":[89],"tags":[19,226],"class_list":["post-2125048","post","type-post","status-publish","format-standard","hentry","category-romania","tag-adevarul","tag-crawlmanager"],"_links":{"self":[{"href":"https:\/\/analyse.optim.biz\/index.php?rest_route=\/wp\/v2\/posts\/2125048","targetHints":{"allow":["GET"]}}],"collection":[{"href":"https:\/\/analyse.optim.biz\/index.php?rest_route=\/wp\/v2\/posts"}],"about":[{"href":"https:\/\/analyse.optim.biz\/index.php?rest_route=\/wp\/v2\/types\/post"}],"author":[{"embeddable":true,"href":"https:\/\/analyse.optim.biz\/index.php?rest_route=\/wp\/v2\/users\/1"}],"replies":[{"embeddable":true,"href":"https:\/\/analyse.optim.biz\/index.php?rest_route=%2Fwp%2Fv2%2Fcomments&post=2125048"}],"version-history":[{"count":0,"href":"https:\/\/analyse.optim.biz\/index.php?rest_route=\/wp\/v2\/posts\/2125048\/revisions"}],"wp:attachment":[{"href":"https:\/\/analyse.optim.biz\/index.php?rest_route=%2Fwp%2Fv2%2Fmedia&parent=2125048"}],"wp:term":[{"taxonomy":"category","embeddable":true,"href":"https:\/\/analyse.optim.biz\/index.php?rest_route=%2Fwp%2Fv2%2Fcategories&post=2125048"},{"taxonomy":"post_tag","embeddable":true,"href":"https:\/\/analyse.optim.biz\/index.php?rest_route=%2Fwp%2Fv2%2Ftags&post=2125048"}],"curies":[{"name":"wp","href":"https:\/\/api.w.org\/{rel}","templated":true}]}}