{"id":2125042,"date":"2026-09-02T15:06:42","date_gmt":"2026-09-02T12:06:42","guid":{"rendered":"https:\/\/analyse.optim.biz\/?p=2125042"},"modified":"2026-09-02T15:06:42","modified_gmt":"2026-09-02T12:06:42","slug":"aur-sesizeaza-dna-in-cazul-programului-safe-si-reclama-posibile-nereguli-in-contracte-de-miliarde-de-euro","status":"publish","type":"post","link":"https:\/\/analyse.optim.biz\/?p=2125042","title":{"rendered":"AUR sesizeaz\u0103 DNA \u00een cazul programului SAFE \u0219i reclam\u0103 posibile nereguli \u00een contracte de miliarde de euro"},"content":{"rendered":"<p>[analyse_image type=&#8221;featured&#8221; src=&#8221;https:\/\/cdn.adh.reperio.news\/image-9\/91a131c3-f496-4194-ae72-4c70e1b00885\/index.jpeg?p=f%3Djpeg%26w%3D1200%26h%3D630%26r%3Dcover&#8221;]<\/p>\n<article class=\"svelte-x63bga\">\n<nav>\n<ul class=\"breadcrump svelte-1pk9a69\">\n<li class=\"svelte-1pk9a69\"><a href=\"https:\/\/adevarul.ro\/\" title=\"Adev\u0103rul\" class=\"svelte-1pk9a69\">Home<\/a><\/li>\n<li class=\"svelte-1pk9a69\"><a href=\"https:\/\/adevarul.ro\/politica\" class=\"svelte-1pk9a69\">Politic\u0103<\/a><\/li>\n<li class=\"svelte-1pk9a69\"><a href=\"https:\/\/adevarul.ro\/politica\/aur-sesizeaza-dna-in-cazul-programului-safe-si-2553694.html\" class=\"svelte-1pk9a69\">AUR sesizeaz\u0103 DNA \u00een cazul programului SAFE \u0219i reclam\u0103 posibile nereguli \u00een contracte de miliarde de euro<\/a><\/li>\n<\/ul>\n<\/nav>\n<p><main class=\"svelte-x63bga\"><\/p>\n<p>Alian\u021ba pentru Unirea Rom\u00e2nilor (AUR) a depus miercuri o sesizare la Direc\u021bia Na\u021bional\u0103 Anticorup\u021bie, prin care cere verificarea modului \u00een care au fost preg\u0103tite, negociate, atribuite, finan\u021bate \u0219i executate mai multe proiecte incluse \u00een programul SAFE destinat Rom\u00e2niei.<\/p>\n<div class=\"container-image  svelte-1xbw4f3\"><source type=\"image\/webp\" srcset=\"https:\/\/cdn.adh.reperio.news\/image-9\/91a131c3-f496-4194-ae72-4c70e1b00885\/index.jpeg?p=a%3D1%26co%3D1.05%26w%3D1400%26h%3D750%26r%3Dcontain%26f%3Dwebp 1400w\" media=\"(min-width: 1400px)\" \/><\/p>\n<div class=\"caption svelte-1xbw4f3\"><span class=\"captionText svelte-1xbw4f3\">AUR sesizeaz\u0103 DNA \u00een cazul programului SAFE.  <span class=\"source svelte-1xbw4f3\">Foto: Mediafax Foto \/ Alexandru Dobre<\/span><\/span><\/div>\n<\/div>\n<p>Programul european presupune pentru Rom\u00e2nia o finan\u021bare maxim\u0103 de peste 16,6 miliarde de euro, sub forma unui \u00eemprumut acordat de Uniunea European\u0103. Aproximativ 2,5 miliarde de euro, reprezent\u00e2nd 15% din sum\u0103, au fost acordate sub forma unei prefinan\u021b\u0103ri. Rom\u00e2nia a primit prima tran\u0219\u0103 la 26 august 2026, iar p\u00e2n\u0103 \u00een prezent au fost realizate pl\u0103\u021bi de circa 800 de milioane de euro pentru tehnic\u0103 militar\u0103 \u0219i dezvoltarea unor capacit\u0103\u021bi de produc\u021bie, noteaz\u0103\u00a0<a href=\"https:\/\/www.news.ro\/economic\/ce-contine-denuntul-aliantei-pentru-unirea-romanilor-facut-la-dna-in-privinta-programului-safe-partidul-reclama-posibile-nereguli-in-contractele-de-inzestrare-1922401502002026091722688788\" rel=\"nofollow\">News.ro.\u00a0<\/a><\/p>\n<p>AUR sus\u021bine c\u0103, de\u0219i anumite informa\u021bii privind achizi\u021biile din domeniul securit\u0103\u021bii sunt clasificate, acest lucru nu exclude verificarea legalit\u0103\u021bii deciziilor \u0219i a modului \u00een care au fost stabilite pre\u021burile de c\u0103tre autorit\u0103\u021bile competente.<\/p>\n<h2>Cele \u0219ase direc\u021bii indicate de AUR<\/h2>\n<p>\u00cen denun\u021bul transmis procurorilor, forma\u021biunea solicit\u0103 verific\u0103ri \u00een leg\u0103tur\u0103 cu \u0219ase categorii de proiecte \u0219i proceduri.<\/p>\n<h2>Contractele de 5,7 miliarde de euro atribuite grupului Rheinmetall<\/h2>\n<p>Primul punct se refer\u0103 la patru contracte \u00een valoare cumulat\u0103 de 5,7 miliarde de euro, semnate de Ministerul Ap\u0103r\u0103rii Na\u021bionale la 29 mai 2026 cu grupul german Rheinmetall.<\/p>\n<p>AUR cere DNA s\u0103 verifice informa\u021biile ap\u0103rute \u00een spa\u021biul public referitoare la posibilitatea ca rezultatele negocierilor s\u0103 fi fost stabilite dinainte, precum \u0219i evolu\u021bia pre\u021burilor pe parcursul procedurilor. O aten\u021bie deosebit\u0103 este acordat\u0103 programului pentru Ma\u0219ina de Lupt\u0103 a Infanteriei, estimat la aproximativ 3 miliarde de euro.<\/p>\n<h2>Renun\u021barea la proiectul Piranha 5 \u0219i mutarea banilor c\u0103tre MLI<\/h2>\n<p>Un alt capitol prive\u0219te anularea proiectului privind achizi\u021bia a 139 de transportoare blindate Piranha 5, care urmau s\u0103 fie integrate \u00een Rom\u00e2nia prin colaborarea dintre General Dynamics European Land Systems \u0219i Uzina Mecanic\u0103 Bucure\u0219ti, parte a ROMARM.<\/p>\n<p>Potrivit AUR, \u00een etapa ini\u021bial\u0103 Parlamentului i-ar fi fost prezentat un cost de aproximativ 6 milioane de euro pentru un vehicul, \u00een timp ce ulterior pre\u021bul indicat ar fi ajuns la 9,4 milioane de euro.<\/p>\n<p>General Dynamics European Land Systems a argumentat \u00eens\u0103 public c\u0103 vehiculele prev\u0103zute \u00een proiectele SAFE aveau caracteristici tehnice semnificativ diferite \u0219i c\u0103 perioada disponibil\u0103 pentru transmiterea ofertelor a fost de sub 14 zile. Compania a contestat astfel o compara\u021bie direct\u0103 \u00eentre cele dou\u0103 valori.<\/p>\n<p>Banii prev\u0103zu\u021bi pentru programul Piranha 5 au fost ulterior direc\u021biona\u021bi c\u0103tre programul destinat Ma\u0219inii de Lupt\u0103 a Infanteriei.<\/p>\n<h2>Achizi\u021bia de armament individual pentru Ministerul de Interne<\/h2>\n<p>Sesizarea include \u0219i procedura pentru achizi\u021bia de pistoale \u0219i arme de asalt destinat\u0103 Ministerului Afacerilor Interne, cu o valoare estimat\u0103 la 816,6 milioane de euro.<\/p>\n<p>AUR solicit\u0103 clarific\u0103ri privind criteriile \u00een baza c\u0103rora a fost inclus \u00een procedur\u0103 un al optulea operator economic, asociat cu marca germano-american\u0103 SIG Sauer, \u00een condi\u021biile \u00een care lista ini\u021bial\u0103 ar fi cuprins \u0219apte companii.<\/p>\n<p>Partidul invoc\u0103 \u0219i informa\u021bii ap\u0103rute \u00een pres\u0103 despre leg\u0103turi de administrare ale companiei cu persoane apropiate senatoarei PNL Nicoleta Pauliuc.<\/p>\n<h2>Proiectul de inteligen\u021b\u0103 artificial\u0103 OCCULT-AI<\/h2>\n<p>Un alt punct al denun\u021bului vizeaz\u0103 proiectul OCCULT-AI, un sistem bazat pe inteligen\u021b\u0103 artificial\u0103, a c\u0103rui valoare este estimat\u0103 la 190-200 de milioane de euro.<\/p>\n<p>Potrivit sesiz\u0103rii, proiectul ar fi fost atribuit de Serviciul Rom\u00e2n de Informa\u021bii companiei Digi. AUR cere verificarea modului \u00een care au fost stabilite criteriile de securitate, a procedurii de selectare a operatorului \u0219i a subcontract\u0103rilor, sus\u021bin\u00e2nd c\u0103 explica\u021biile publice oferite \u00een leg\u0103tur\u0103 cu proiectul ar con\u021bine contradic\u021bii.<\/p>\n<p><a class=\"related-inline svelte-78g0vl\" data-gtrack=\"{&quot;event&quot;:&quot;utm_click&quot;,&quot;data&quot;:{&quot;event_category&quot;:&quot;article_related&quot;}}\" href=\"https:\/\/adevarul.ro\/stiri-interne\/evenimente\/radu-miruta-sustine-ca-inzestrarea-armatei-cu-2550318.html\" title=\"Alt articol de interes pentru tine\"><span class=\"inline-title svelte-78g0vl\">Radu Miru\u021b\u0103 sus\u021bine c\u0103 \u00eenzestrarea armatei cu sisteme antidron\u0103 va dura p\u00e2n\u0103 la doi ani \u0219i jum\u0103tate<\/span><\/a><\/p>\n<h2>Drone \u0219i sisteme antidron\u0103 de 223 de milioane de euro<\/h2>\n<p>AUR solicit\u0103, de asemenea, verificarea unor contracte coordonate de Ministerul Afacerilor Interne pentru achizi\u021bia de drone \u0219i sisteme antidron\u0103, \u00een valoare total\u0103 de 223 de milioane de euro.<\/p>\n<p>Forma\u021biunea cere s\u0103 fie analizate criteriile tehnice folosite pentru selectarea echipamentelor, implicarea industriei rom\u00e2ne\u0219ti \u0219i modalitatea \u00een care au fost stabilite formele de cooperare cu alte state.<\/p>\n<h2>Contractele din domeniul naval \u0219i \u0218antierul Naval Mangalia<\/h2>\n<p>Ultimul capitol se refer\u0103 la \u0218antierul Naval Damen Mangalia \u0219i la preluarea activelor acestuia de c\u0103tre grupul Rheinmetall.<\/p>\n<p>AUR cere procurorilor s\u0103 stabileasc\u0103 dac\u0103 au existat discu\u021bii sau condi\u021bion\u0103ri prin care atribuirea unor contracte navale de c\u0103tre statul rom\u00e2n ar fi fost pus\u0103 \u00een leg\u0103tur\u0103 cu tranzac\u021bia privind \u0219antierul.<\/p>\n<p>Partidul solicit\u0103 verificarea inclusiv a modului \u00een care au fost protejate interesele patrimoniale ale statului rom\u00e2n.<\/p>\n<h2>Ce infrac\u021biuni cere AUR s\u0103 fie verificate<\/h2>\n<p>\u00cen denun\u021b, forma\u021biunea solicit\u0103 DNA s\u0103 analizeze dac\u0103 \u00een aceste cazuri exist\u0103 elemente care ar putea \u00eentruni condi\u021biile unor infrac\u021biuni precum abuzul \u00een serviciu cu ob\u021binerea de foloase necuvenite, falsul intelectual, uzul de fals \u0219i falsul \u00een declara\u021bii.<\/p>\n<p>Sunt men\u021bionate, de asemenea, folosirea func\u021biei pentru favorizarea unor persoane \u0219i eventuale infrac\u021biuni care ar putea afecta interesele financiare ale Uniunii Europene.<\/p>\n<p>AUR arat\u0103 c\u0103 regulamentele europene privind SAFE permit, \u00een anumite situa\u021bii excep\u021bionale, utilizarea procedurilor negociate f\u0103r\u0103 publicarea prealabil\u0103 a unui anun\u021b. Potrivit forma\u021biunii, recurgerea la aceast\u0103 procedur\u0103 nu \u00eenl\u0103tur\u0103 \u00eens\u0103 obliga\u021biile privind motivarea deciziilor, trasabilitatea procedurilor \u0219i justificarea pre\u021burilor.<\/p>\n<p><a class=\"related-inline svelte-78g0vl\" data-gtrack=\"{&quot;event&quot;:&quot;utm_click&quot;,&quot;data&quot;:{&quot;event_category&quot;:&quot;article_related&quot;}}\" href=\"https:\/\/adevarul.ro\/interviurile-adevarul\/radu-miruta-la-interviurile-adevarul-in-dialog-2552586.html\" title=\"Alt articol de interes pentru tine\"><span class=\"inline-title svelte-78g0vl\">Radu Miru\u021b\u0103, la \u201eInterviurile Adev\u0103rul\u201d, despre dronele care ajung \u00een Rom\u00e2nia: \u201e\u00cen trei-patru s\u0103pt\u0103m\u00e2ni le putem dobor\u00ee \u0219i de la sol\u201d<\/span><\/a><\/p>\n<h2>Ce documente vrea AUR s\u0103 verifice DNA<\/h2>\n<p>Pentru sus\u021binerea investiga\u021biei, reprezentan\u021bii partidului solicit\u0103 procurorilor s\u0103 ob\u021bin\u0103 documentele referitoare la planul de investi\u021bii SAFE al Rom\u00e2niei, inclusiv variantele succesive ale acestuia, deciziile de aprobare \u0219i coresponden\u021ba cu Comisia European\u0103 privind modificarea sau redirec\u021bionarea fondurilor.<\/p>\n<p>\u00cen cazul achizi\u021biilor reclamate, AUR cere acces la dosarele complete ale procedurilor, inclusiv referate, oferte, documentele de evaluare \u0219i notele de negociere.<\/p>\n<p>Forma\u021biunea mai solicit\u0103 verificarea fi\u0219ierelor electronice \u00een forma lor original\u0103 \u0219i a metadatelor documentelor, pentru a putea fi stabilite datele efective la care acestea au fost redactate \u0219i dac\u0103 au existat modific\u0103ri ulterioare.<\/p>\n<p>De asemenea, AUR cere verificarea coresponden\u021bei institu\u021bionale \u0219i profesionale a persoanelor implicate \u00een luarea deciziilor, de pe conturile \u0219i dispozitivele de serviciu, \u00een condi\u021biile prev\u0103zute de lege.<\/p>\n<p>\u00cen situa\u021bia \u00een care ancheta ar indica o posibil\u0103 afectare direct\u0103 a intereselor financiare ale Uniunii Europene, partidul solicit\u0103 sesizarea Parchetului European.<\/p>\n<p>DNA urmeaz\u0103 s\u0103 decid\u0103 dac\u0103 sesizarea va sta la baza unor verific\u0103ri sau a unei anchete. P\u00e2n\u0103 \u00een acest moment, acuza\u021biile formulate de AUR reprezint\u0103 solicit\u0103ri de verificare \u0219i nu stabilesc existen\u021ba unor fapte penale.<\/p>\n<p><\/main><\/p>\n<footer class=\"svelte-x63bga\">\n<div class=\"related-wrap related-footer svelte-78g0vl\"><span class=\"related-label svelte-78g0vl\">Cite\u0219te \u0219i<\/span><a class=\"related svelte-78g0vl\" data-gtrack=\"{&quot;event&quot;:&quot;utm_click&quot;,&quot;data&quot;:{&quot;event_category&quot;:&quot;article_related&quot;}}\" href=\"https:\/\/adevarul.ro\/interviurile-adevarul\/radu-miruta-despre-apararea-romaniei-nu-vrem-2552658.html\" title=\"Alt articol de interes pentru tine\"><img decoding=\"async\" class=\"thumb svelte-78g0vl\" src=\"https:\/\/cdn.adh.reperio.news\/image-2\/2b3acbd4-829d-41a3-b9ea-1bae7abc9209\/index.jpeg?p=f%3Dwebp%26w%3D120%26h%3D80%26r%3Dcover%26a%3D0\" alt loading=\"lazy\" width=\"80\" height=\"54\"><span class=\"title svelte-78g0vl\">Radu Miru\u021b\u0103, despre ap\u0103rarea Rom\u00e2niei: \u201eNu vrem modernizarea Armatei? Atunci s\u0103 vorbim \u00een limba rus\u0103\u201d. Ce urmeaz\u0103 dup\u0103 miliardele din SAFE<\/span><\/a><\/div>\n<div class=\"meta svelte-x63bga\">\n<div class=\"authors svelte-x63bga\"><span class=\"names svelte-x63bga\"><a href=\"https:\/\/adevarul.ro\/author\/1899\" rel=\"author\" class=\"svelte-x63bga\">Maria \u0162aga<\/a><\/span><\/p>\n<div class=\"_hydratable\" data-props=\"%7B%22showLive%22%3Atrue%7D\" data-context=\"%7B%22parentBlockColumnCount%22%3A%7B%22value%22%3A0%2C%22type%22%3A%22store%2Freadable%22%7D%2C%22parentBlockBackgroundColor%22%3A%7B%22type%22%3A%22store%2Freadable%22%7D%7D\" data-component=\"ShareButton\">\n<div class=\"shareButtons svelte-itwbrr\">\n<div class=\"liveSessions metaFont svelte-1maxmbf\"><span class=\"value svelte-1maxmbf\">1<\/span> live <\/div>\n<\/div>\n<\/div>\n<\/div>\n<div class=\"tags svelte-1l3vwp1\"><span class=\"tags-label metaFont svelte-1l3vwp1\">Cite\u0219te mai multe despre<\/span><\/p>\n<div class=\"tags-list svelte-1l3vwp1\"><a href=\"https:\/\/adevarul.ro\/tag\/dna\" title=\"Ultimele \u0219tiri despre dna\" class=\"tag-pill svelte-1l3vwp1\">dna<\/a><a href=\"https:\/\/adevarul.ro\/tag\/aur\" title=\"Ultimele \u0219tiri despre aur\" class=\"tag-pill svelte-1l3vwp1\">aur<\/a><a href=\"https:\/\/adevarul.ro\/tag\/safe\" title=\"Ultimele \u0219tiri despre safe\" class=\"tag-pill svelte-1l3vwp1\">safe<\/a><a href=\"https:\/\/adevarul.ro\/tag\/programul%20safe\" title=\"Ultimele \u0219tiri despre programul safe\" class=\"tag-pill svelte-1l3vwp1\">programul safe<\/a><\/div>\n<\/div>\n<\/div>\n<p><a class=\"moreFromCategory svelte-x63bga\" href=\"https:\/\/adevarul.ro\/politica\" title=\"Politic\u0103\">Mai multe din <strong class=\"svelte-x63bga\">Politic\u0103<\/strong> \u203a<\/a><\/footer>\n<\/article>\n<p>[analyse_source url=&#8221;https:\/\/adevarul.ro\/politica\/aur-sesizeaza-dna-in-cazul-programului-safe-si-2553694.html&#8221;]<\/p>\n","protected":false},"excerpt":{"rendered":"<p>[analyse_image type=&#8221;featured&#8221; src=&#8221;https:\/\/cdn.adh.reperio.news\/image-9\/91a131c3-f496-4194-ae72-4c70e1b00885\/index.jpeg?p=f%3Djpeg%26w%3D1200%26h%3D630%26r%3Dcover&#8221;] Home Politic\u0103 AUR sesizeaz\u0103 DNA \u00een cazul programului SAFE \u0219i reclam\u0103 posibile nereguli \u00een contracte de miliarde de euro Alian\u021ba pentru Unirea Rom\u00e2nilor (AUR) a depus miercuri o sesizare la Direc\u021bia Na\u021bional\u0103 Anticorup\u021bie, prin care cere verificarea modului \u00een care au fost preg\u0103tite, negociate, atribuite, finan\u021bate \u0219i executate mai multe proiecte incluse [&hellip;]<\/p>\n","protected":false},"author":1,"featured_media":0,"comment_status":"open","ping_status":"","sticky":false,"template":"","format":"standard","meta":{"footnotes":""},"categories":[89],"tags":[19,226],"class_list":["post-2125042","post","type-post","status-publish","format-standard","hentry","category-romania","tag-adevarul","tag-crawlmanager"],"_links":{"self":[{"href":"https:\/\/analyse.optim.biz\/index.php?rest_route=\/wp\/v2\/posts\/2125042","targetHints":{"allow":["GET"]}}],"collection":[{"href":"https:\/\/analyse.optim.biz\/index.php?rest_route=\/wp\/v2\/posts"}],"about":[{"href":"https:\/\/analyse.optim.biz\/index.php?rest_route=\/wp\/v2\/types\/post"}],"author":[{"embeddable":true,"href":"https:\/\/analyse.optim.biz\/index.php?rest_route=\/wp\/v2\/users\/1"}],"replies":[{"embeddable":true,"href":"https:\/\/analyse.optim.biz\/index.php?rest_route=%2Fwp%2Fv2%2Fcomments&post=2125042"}],"version-history":[{"count":0,"href":"https:\/\/analyse.optim.biz\/index.php?rest_route=\/wp\/v2\/posts\/2125042\/revisions"}],"wp:attachment":[{"href":"https:\/\/analyse.optim.biz\/index.php?rest_route=%2Fwp%2Fv2%2Fmedia&parent=2125042"}],"wp:term":[{"taxonomy":"category","embeddable":true,"href":"https:\/\/analyse.optim.biz\/index.php?rest_route=%2Fwp%2Fv2%2Fcategories&post=2125042"},{"taxonomy":"post_tag","embeddable":true,"href":"https:\/\/analyse.optim.biz\/index.php?rest_route=%2Fwp%2Fv2%2Ftags&post=2125042"}],"curies":[{"name":"wp","href":"https:\/\/api.w.org\/{rel}","templated":true}]}}