{"id":2125039,"date":"2026-09-02T12:16:18","date_gmt":"2026-09-02T09:16:18","guid":{"rendered":"https:\/\/analyse.optim.biz\/?p=2125039"},"modified":"2026-09-02T12:16:18","modified_gmt":"2026-09-02T09:16:18","slug":"video-europe-must-brace-for-new-security-era-von-der-leyen-says","status":"publish","type":"post","link":"https:\/\/analyse.optim.biz\/?p=2125039","title":{"rendered":"Video. Europe must brace for new security &#8216;era&#8217;, von der Leyen says"},"content":{"rendered":"<p>[analyse_image type=&#8221;featured&#8221; src=&#8221;https:\/\/images.euronews.com\/articles\/stories\/09\/89\/83\/87\/1200x675_cmsv2_6fb03c82-dc10-5a3e-825c-70acfbc68290-9898387.jpg&#8221;]<\/p>\n<article id=\"abe-2922631-pos1-c-latest-stories\" class=\"the-media-object m-modeMobile-1 m-modeDesktop-1 m-modeXL-1\" data-nid=\"2922631\" data-cid=\"9899069\" data-part-label=\"Partner content\">\n<figure id=\"abe-2922631-label-pos1-c-latest-stories\" class=\"the-media-object__figure\"><img decoding=\"async\" class=\"the-media-object__image\" src=\"https:\/\/images.euronews.com\/articles\/stories\/09\/89\/90\/69\/189x106_cmsv2_b4f97632-1499-5f92-b14a-ae6bf650275d-9899069.jpg\" loading=\"lazy\" alt=\"Spanish Pedro Sanchez speaks to reporters \" height=\"9\" width=\"16\"><\/figure>\n<div class=\"the-media-object__content\">\n                    Europe News<\/p>\n<div class=\"the-media-object__title  \">\n<p>    Spain in disarray over leaked reports about Morocco\u2019s role in Ceuta\n  <\/p><\/div>\n<\/div>\n<\/article>\n<article id=\"abe-2922524-pos2-c-latest-stories\" class=\"the-media-object m-modeMobile-1 m-modeDesktop-1 m-modeXL-1 the-media-object--has-video\" data-nid=\"2922524\" data-cid=\"9898543\" data-part-label=\"Partner content\">\n<figure id=\"abe-2922524-label-pos2-c-latest-stories\" class=\"the-media-object__figure\"><img decoding=\"async\" class=\"the-media-object__image\" src=\"https:\/\/images.euronews.com\/articles\/stories\/09\/89\/85\/43\/189x106_cmsv2_efb8ba1d-6940-5094-a07b-1ffd3e9a5b37-9898543.jpg\" loading=\"lazy\" alt=\"MEPs Bentele (EPP) and Germain (S&amp;D) in The Ring\" height=\"9\" width=\"16\"><\/figure>\n<div class=\"the-media-object__content\">\n                    The Ring<\/p>\n<div class=\"the-media-object__title  \">\n<p>    The surge of the far-right &#8211; who is to blame? MEPs clash in The Ring\n  <\/p><\/div>\n<\/div>\n<\/article>\n<article id=\"abe-2922608-pos3-c-latest-stories\" class=\"the-media-object m-modeMobile-1 m-modeDesktop-1 m-modeXL-1\" data-nid=\"2922608\" data-cid=\"9899127\" data-part-label=\"Partner content\">\n<figure id=\"abe-2922608-label-pos3-c-latest-stories\" class=\"the-media-object__figure\"><img decoding=\"async\" class=\"the-media-object__image\" src=\"https:\/\/images.euronews.com\/articles\/stories\/09\/89\/89\/97\/189x106_cmsv2_a76e691b-5c40-5e28-a2bb-8af712084f79-9898997.jpg\" loading=\"lazy\" alt=\"Police officers secure the area around the Schachen racecourse after a shooting at a rave in Aarau, Switzerland, on Sunday, 30 August 2026.\" height=\"9\" width=\"16\"><\/figure>\n<div class=\"the-media-object__content\">\n                    Europe News<\/p>\n<div class=\"the-media-object__title  \">\n<p>    Swiss rave shooting suspect reportedly had &#8216;psychological problems&#8217;\n  <\/p><\/div>\n<\/div>\n<\/article>\n<article id=\"abe-2922612-pos4-c-latest-stories\" class=\"the-media-object m-modeMobile-1 m-modeDesktop-1 m-modeXL-1\" data-nid=\"2922612\" data-cid=\"9899080\" data-part-label=\"Partner content\">\n<figure id=\"abe-2922612-label-pos4-c-latest-stories\" class=\"the-media-object__figure\"><img decoding=\"async\" class=\"the-media-object__image\" src=\"https:\/\/images.euronews.com\/articles\/stories\/09\/89\/90\/01\/189x106_cmsv2_a7a3fe68-35e7-5103-991f-c36c7259e110-9899001.jpg\" loading=\"lazy\" alt=\"The Italian high-speed Frecciarossa train is at Kinding station in Germany during a test run, Wednesday, Sept. 2, 2026. (Daniel Karmann\/dpa via AP)\" height=\"9\" width=\"16\"><\/figure>\n<div class=\"the-media-object__content\">\n                    Travel News<\/p>\n<div class=\"the-media-object__title  \">\n<p>    Frecciarossa starts trials for new links to Munich from Milan and Rome\n  <\/p><\/div>\n<\/div>\n<\/article>\n<article id=\"abe-2922631-pos1-c-latest-stories-sidebar\" class=\"the-media-object m-modeMobile-2 m-modeDesktop-2 m-modeXL-2\" data-nid=\"2922631\" data-cid=\"9899069\" data-part-label=\"Partner content\">\n<figure id=\"abe-2922631-label-pos1-c-latest-stories-sidebar\" class=\"the-media-object__figure\"><img decoding=\"async\" class=\"the-media-object__image\" src=\"https:\/\/images.euronews.com\/articles\/stories\/09\/89\/90\/69\/189x106_cmsv2_b4f97632-1499-5f92-b14a-ae6bf650275d-9899069.jpg\" loading=\"lazy\" alt=\"Spanish Pedro Sanchez speaks to reporters \" height=\"9\" width=\"16\"><\/figure>\n<div class=\"the-media-object__content\">\n                    Europe News<\/p>\n<div class=\"the-media-object__title  \">\n<p>    Spain in disarray over leaked reports about Morocco\u2019s role in Ceuta\n  <\/p><\/div>\n<\/div>\n<\/article>\n<article id=\"abe-2922524-pos2-c-latest-stories-sidebar\" class=\"the-media-object m-modeMobile-2 m-modeDesktop-2 m-modeXL-2 the-media-object--has-video\" data-nid=\"2922524\" data-cid=\"9898543\" data-part-label=\"Partner content\">\n<figure id=\"abe-2922524-label-pos2-c-latest-stories-sidebar\" class=\"the-media-object__figure\"><img decoding=\"async\" class=\"the-media-object__image\" src=\"https:\/\/images.euronews.com\/articles\/stories\/09\/89\/85\/43\/189x106_cmsv2_efb8ba1d-6940-5094-a07b-1ffd3e9a5b37-9898543.jpg\" loading=\"lazy\" alt=\"MEPs Bentele (EPP) and Germain (S&amp;D) in The Ring\" height=\"9\" width=\"16\"><\/figure>\n<div class=\"the-media-object__content\">\n                    The Ring<\/p>\n<div class=\"the-media-object__title  \">\n<p>    The surge of the far-right &#8211; who is to blame? MEPs clash in The Ring\n  <\/p><\/div>\n<\/div>\n<\/article>\n<article id=\"abe-2922608-pos3-c-latest-stories-sidebar\" class=\"the-media-object m-modeMobile-2 m-modeDesktop-2 m-modeXL-2\" data-nid=\"2922608\" data-cid=\"9899127\" data-part-label=\"Partner content\">\n<figure id=\"abe-2922608-label-pos3-c-latest-stories-sidebar\" class=\"the-media-object__figure\"><img decoding=\"async\" class=\"the-media-object__image\" src=\"https:\/\/images.euronews.com\/articles\/stories\/09\/89\/89\/97\/189x106_cmsv2_a76e691b-5c40-5e28-a2bb-8af712084f79-9898997.jpg\" loading=\"lazy\" alt=\"Police officers secure the area around the Schachen racecourse after a shooting at a rave in Aarau, Switzerland, on Sunday, 30 August 2026.\" height=\"9\" width=\"16\"><\/figure>\n<div class=\"the-media-object__content\">\n                    Europe News<\/p>\n<div class=\"the-media-object__title  \">\n<p>    Swiss rave shooting suspect reportedly had &#8216;psychological problems&#8217;\n  <\/p><\/div>\n<\/div>\n<\/article>\n<article id=\"abe-2922612-pos4-c-latest-stories-sidebar\" class=\"the-media-object m-modeMobile-2 m-modeDesktop-2 m-modeXL-2\" data-nid=\"2922612\" data-cid=\"9899080\" data-part-label=\"Partner content\">\n<figure id=\"abe-2922612-label-pos4-c-latest-stories-sidebar\" class=\"the-media-object__figure\"><img decoding=\"async\" class=\"the-media-object__image\" src=\"https:\/\/images.euronews.com\/articles\/stories\/09\/89\/90\/01\/189x106_cmsv2_a7a3fe68-35e7-5103-991f-c36c7259e110-9899001.jpg\" loading=\"lazy\" alt=\"The Italian high-speed Frecciarossa train is at Kinding station in Germany during a test run, Wednesday, Sept. 2, 2026. (Daniel Karmann\/dpa via AP)\" height=\"9\" width=\"16\"><\/figure>\n<div class=\"the-media-object__content\">\n                    Travel News<\/p>\n<div class=\"the-media-object__title  \">\n<p>    Frecciarossa starts trials for new links to Munich from Milan and Rome\n  <\/p><\/div>\n<\/div>\n<\/article>\n<article class=\"o-section--fullwidth js-playlist b-videos-players u-max-width-1600\">\n<div class=\"js-superdiv u-aspect-ratio-16x9 u-position-relative b-videos-players__container\" data-controller=\"video-player\" data-sponsored=\"Partner content\"><img fetchpriority=\"high\" decoding=\"async\" class=\"js-poster-img c-article-media__img\" src=\"https:\/\/images.euronews.com\/articles\/stories\/09\/89\/83\/87\/1536x864_cmsv2_6fb03c82-dc10-5a3e-825c-70acfbc68290-9898387.jpg\" width=\"1536\" height=\"864\" loading=\"eager\" alt=\"NATO Secretary General Mark Rutte and European Commission President Ursula von der Leyen deliver press statement in Brussels, Belgium 2 September 2026.\"><\/div>\n<div class=\"b-videos-players__text o-section\" id=\"js-replaceable-video-article-details\" data-obfuscatelink=\"1\">\n<div class=\"b-videos-players__headline\"><span class=\"article-label__name\">Europe News<\/span><\/p>\n<h1 class=\"c-article-title u-text-align--left u-padding-end-desktop-6 u-padding-1\">\n                                  Video.<\/p>\n<p>          Europe must brace for new security &#8216;era&#8217;, von der Leyen says<br \/>\n  <\/h1>\n<ul class=\"c-social-share c-social-share--video js-social-share-list \">\n<li class=\"c-social-share__item\"><img decoding=\"async\" src=\"https:\/\/static.euronews.com\/website\/images\/vector\/social-icons\/social_icon_fb.svg\" width=\"32\" height=\"32\" alt class=\"c-social-share__icon\" loading=\"lazy\"><span class=\"js-only-en js-obscurate\" aria-label=\"Share this article on Facebook\" data-obscure=\"{&quot;onClick&quot;:&quot;fbLinkClick&quot;, &quot;url&quot;:&quot;https:\/\/www.facebook.com\/share.php?u=https%3A%2F%2Fwww.euronews.com%2Fmy-europe%2F2026%2F09%2F02%2Fvon-der-leyen-russian-drone-incidents-in-europe-are-the-new-normal%3Futm_source%3DFacebook%26utm_medium%3DSocial&amp;title=Europe%20must%20brace%20for%20new%20security%20%27era%27%2C%20von%20der%20Leyen%20says&quot;, &quot;img&quot;: &quot;{&quot;class&quot;: &quot;c-social-share__icon&quot;, &quot;src&quot;: &quot;https:\/\/static.euronews.com\/website\/images\/vector\/social-icons\/social_icon_fb.svg&quot;, &quot;width&quot;:&quot;32&quot;, &quot;height&quot;:&quot;32&quot;, &quot;loading&quot;:&quot;lazy&quot;, &quot;fetchpriority&quot;:&quot;low&quot;}&quot;, &quot;title&quot;:&quot;Share this article on Facebook&quot;, &quot;target&quot;: &quot;_blank&quot;, &quot;replace&quot;: false}\"><img decoding=\"async\" src=\"https:\/\/static.euronews.com\/website\/images\/vector\/social-icons\/social_icon_fb.svg\" width=\"32\" height=\"32\" alt class=\"c-social-share__icon\" loading=\"lazy\"><\/span><\/li>\n<li class=\"c-social-share__item\"><img decoding=\"async\" src=\"https:\/\/static.euronews.com\/website\/images\/vector\/social-icons\/social_icon_twitter.svg\" width=\"32\" height=\"32\" alt class=\"c-social-share__icon\" loading=\"lazy\"><span class=\"js-only-en js-obscurate\" aria-label=\"Share this article on Twitter\" data-obscure=\"{&quot;onClick&quot;:&quot;twLinkClick&quot;, &quot;url&quot;:&quot;https:\/\/twitter.com\/intent\/tweet?text=Von%20der%20Leyen%3A%20Russian%20drone%20incidents%20in%20Europe%20are%20the%20%27new%20normal%27&amp;url=https:\/\/www.euronews.com\/my-europe\/2026\/09\/02\/von-der-leyen-russian-drone-incidents-in-europe-are-the-new-normal%3Futm_source%3DTwitter%26utm_medium%3DSocial&quot;, &quot;img&quot;: &quot;{&quot;class&quot;: &quot;c-social-share__icon&quot;, &quot;src&quot;: &quot;https:\/\/static.euronews.com\/website\/images\/vector\/social-icons\/social_icon_twitter.svg&quot;, &quot;width&quot;:&quot;32&quot;, &quot;height&quot;:&quot;32&quot;, &quot;loading&quot;:&quot;lazy&quot;, &quot;fetchpriority&quot;:&quot;low&quot;}&quot;, &quot;title&quot;:&quot;Share this article on Twitter&quot;, &quot;target&quot;: &quot;_blank&quot;, &quot;replace&quot;: false}\"><img decoding=\"async\" class=\"c-social-share__icon\" src=\"https:\/\/static.euronews.com\/website\/images\/vector\/social-icons\/social_icon_twitter.svg\" title=\"Twitter\" alt=\"Twitter\" width=\"32\" height=\"32\" loading=\"lazy\"><\/span><\/li>\n<li class=\"c-social-share__item\"><img decoding=\"async\" src=\"https:\/\/static.euronews.com\/website\/images\/vector\/social-icons\/social_icon_mail_white.svg\" width=\"22\" height=\"22\" alt class=\"c-social-share__icon\" loading=\"lazy\"><span class=\"js-only-en js-obscurate\" aria-label=\"Share\" data-obscure=\"{&quot;url&quot;:&quot;mailto:?body=\/my-europe\/2026\/09\/02\/von-der-leyen-russian-drone-incidents-in-europe-are-the-new-normal&quot;, &quot;img&quot;: &quot;{&quot;class&quot;: &quot;c-social-share__icon&quot;, &quot;src&quot;: &quot;https:\/\/static.euronews.com\/website\/images\/vector\/social-icons\/social_icon_mail_white.svg&quot;, &quot;width&quot;:&quot;22&quot;, &quot;height&quot;:&quot;22&quot;}&quot;, &quot;title&quot;:&quot;Share&quot;, &quot;target&quot;: &quot;_blank&quot;, &quot;replace&quot;: false}\"><img decoding=\"async\" src=\"https:\/\/static.euronews.com\/website\/images\/vector\/social-icons\/social_icon_mail_white.svg\" width=\"22\" height=\"22\" alt class=\"c-social-share__icon\" loading=\"lazy\"><\/span><\/li>\n<li class=\"c-social-share__item js-tooltip c-tooltip\" aria-label=\"Copy\/paste the article video embed link below:\"><img decoding=\"async\" src=\"https:\/\/static.euronews.com\/website\/images\/vector\/social-icons\/social_icon_copy_link.svg\" width=\"16\" height=\"16\" alt class=\"c-social-share__icon\" loading=\"lazy\">\n<div class=\"c-tooltip__wrapper\">\n<div class=\"c-tooltip__content\">\n<div class=\"c-tooltip__title\">\n          Copy\/paste the link below:\n        <\/div>\n<\/div>\n<\/div>\n<\/li>\n<li class=\"c-social-share__item js-tooltip c-tooltip\"><img decoding=\"async\" src=\"https:\/\/static.euronews.com\/website\/images\/vector\/social-icons\/euronews_icons_embed.svg\" width=\"24\" height=\"24\" alt class=\"c-social-share__icon\" loading=\"lazy\">\n<div class=\"c-tooltip__wrapper\">\n<div class=\"c-tooltip__content\">\n<div class=\"c-tooltip__title\">\n          Copy\/paste the article video embed link below:\n        <\/div>\n<\/div>\n<\/div>\n<\/li>\n<\/ul>\n<\/div>\n<div class=\"b-videos-players__content\">\n<div class=\"b-videos-players__date-disclaimer\">\n<div class=\"b-videos-players__date u-margin-y-1\" data-timestamp=\"1788351126\">\n              Updated: <time datetime=\"2026-09-02 14:16:18 +02:00\">02\/09\/2026 &#8211; 14:16 GMT+2<\/time><\/div>\n<\/div>\n<div class=\"b-videos-players__summary-box \">\n<h2 class=\"summary\">European Commission President Ursula von der Leyen said Europe must prepare for a \u201cnew era of European security\u201d after Russia was blamed for a drone sabotage incident last month. NATO Secretary General Mark Rutte said the Alliance must have the capabilities it needs to address such threats.<\/h2>\n<section class=\"tc-cta\" data-twig-component=\"Cta-default\">\n  Read full article<br \/>\n<\/section>\n<\/div>\n<\/div>\n<\/div>\n<div class=\"b-videos-players__playlist u-margin-bottom-desktop-3 u-margin-top-desktop-3 u-padding-bottom-desktop-down-2 u-padding-x-2 u-padding-x-desktop-3 u-position-relative\" id=\"js-videos-players__playlist\">\n<h2 class=\"b-videos-players__playlist__title\">Top stories<\/h2>\n<div class=\"u-position-relative u-margin-bottom-3 js-playlist-item\" data-articleid=\"2922479\">\n<article id class=\"the-media-object m-modeMobile-2 m-modeDesktop-2 m-modeXL-2 the-media-object--has-video the-media-object--has-related the-media-object--no-label\" data-nid=\"2922479\" data-cid=\"9898387\" data-part-label=\"Partner content\">\n<figure id class=\"the-media-object__figure\"><img decoding=\"async\" class=\"the-media-object__image\" src=\"https:\/\/images.euronews.com\/articles\/stories\/09\/89\/83\/87\/320x180_cmsv2_6fb03c82-dc10-5a3e-825c-70acfbc68290-9898387.jpg\" loading=\"lazy\" alt=\"NATO Secretary General Mark Rutte and European Commission President Ursula von der Leyen deliver press statement in Brussels, Belgium 2 September 2026.\" height=\"9\" width=\"16\"><span class=\"b-videos-players__playlist__label b-videos-players__playlist__label--now-playing the-media-object__now u-hide-for-all\">Now playing<\/span><span class=\"b-videos-players__playlist__label b-videos-players__playlist__label--next the-media-object__next u-hide-for-all\">Next<\/span><\/figure>\n<div class=\"the-media-object__content\">\n<h3 class=\"the-media-object__title u-color-white u-color-hover-grey \">\n<p>    Europe must brace for new security &#8216;era&#8217;, von der Leyen says<br \/>\n  <\/h3>\n<\/div>\n<\/article>\n<\/div>\n<div class=\"u-position-relative u-margin-bottom-3 js-playlist-item\" data-articleid=\"2922483\">\n<article id class=\"the-media-object m-modeMobile-2 m-modeDesktop-2 m-modeXL-2 the-media-object--has-video the-media-object--no-label\" data-nid=\"2922483\" data-cid=\"9898391\" data-part-label=\"Partner content\">\n<figure id class=\"the-media-object__figure\"><img decoding=\"async\" class=\"the-media-object__image\" src=\"https:\/\/images.euronews.com\/articles\/stories\/09\/89\/83\/91\/320x180_cmsv2_282a07d7-839b-5896-885e-3533772a5357-9898391.jpg\" loading=\"lazy\" alt=\"Kyiv children began the new school year with a ceremony interrupted by an air raid alert, hours after Russian missile strikes hit the capital.\" height=\"9\" width=\"16\"><span class=\"b-videos-players__playlist__label b-videos-players__playlist__label--now-playing the-media-object__now u-hide-for-all\">Now playing<\/span><span class=\"b-videos-players__playlist__label b-videos-players__playlist__label--next the-media-object__next u-hide-for-all\">Next<\/span><\/figure>\n<div class=\"the-media-object__content\">\n<h3 class=\"the-media-object__title u-color-white u-color-hover-grey \">\n<p>    Kyiv school year begins under the shadow of air raid sirens<br \/>\n  <\/h3>\n<\/div>\n<\/article>\n<\/div>\n<div class=\"u-position-relative u-margin-bottom-3 js-playlist-item\" data-articleid=\"2922623\">\n<article id class=\"the-media-object m-modeMobile-2 m-modeDesktop-2 m-modeXL-2 the-media-object--has-video the-media-object--no-label\" data-nid=\"2922623\" data-cid=\"9899061\" data-part-label=\"Partner content\">\n<figure id class=\"the-media-object__figure\"><img decoding=\"async\" class=\"the-media-object__image\" src=\"https:\/\/images.euronews.com\/articles\/stories\/09\/89\/90\/61\/320x180_cmsv2_8035d907-636b-5865-811e-be7661a86e29-9899061.jpg\" loading=\"lazy\" alt=\"Latest news bulletin | September 2nd, 2026 \u2013 Evening\" height=\"9\" width=\"16\"><span class=\"b-videos-players__playlist__label b-videos-players__playlist__label--now-playing the-media-object__now u-hide-for-all\">Now playing<\/span><span class=\"b-videos-players__playlist__label b-videos-players__playlist__label--next the-media-object__next u-hide-for-all\">Next<\/span><\/figure>\n<div class=\"the-media-object__content\">\n<h3 class=\"the-media-object__title u-color-white u-color-hover-grey \">\n<p>    Latest news bulletin | September 2nd, 2026 \u2013 Evening<br \/>\n  <\/h3>\n<\/div>\n<\/article>\n<\/div>\n<div class=\"u-position-relative u-margin-bottom-3 js-playlist-item\" data-articleid=\"2922524\">\n<article id class=\"the-media-object m-modeMobile-2 m-modeDesktop-2 m-modeXL-2 the-media-object--has-video the-media-object--has-related the-media-object--no-label\" data-nid=\"2922524\" data-cid=\"9898543\" data-part-label=\"Partner content\">\n<figure id class=\"the-media-object__figure\"><img decoding=\"async\" class=\"the-media-object__image\" src=\"https:\/\/images.euronews.com\/articles\/stories\/09\/89\/85\/43\/320x180_cmsv2_efb8ba1d-6940-5094-a07b-1ffd3e9a5b37-9898543.jpg\" loading=\"lazy\" alt=\"MEPs Bentele (EPP) and Germain (S&amp;D) in The Ring\" height=\"9\" width=\"16\"><span class=\"b-videos-players__playlist__label b-videos-players__playlist__label--now-playing the-media-object__now u-hide-for-all\">Now playing<\/span><span class=\"b-videos-players__playlist__label b-videos-players__playlist__label--next the-media-object__next u-hide-for-all\">Next<\/span><\/figure>\n<div class=\"the-media-object__content\">\n<h3 class=\"the-media-object__title u-color-white u-color-hover-grey \">\n<p>    The surge of the far-right &#8211; who is to blame? MEPs clash in The Ring<br \/>\n  <\/h3>\n<\/div>\n<\/article>\n<\/div>\n<div class=\"u-position-relative u-margin-bottom-3 js-playlist-item\" data-articleid=\"2922572\">\n<article id class=\"the-media-object m-modeMobile-2 m-modeDesktop-2 m-modeXL-2 the-media-object--has-video the-media-object--has-related the-media-object--no-label\" data-nid=\"2922572\" data-cid=\"9898725\" data-part-label=\"Partner content\">\n<figure id class=\"the-media-object__figure\"><img decoding=\"async\" class=\"the-media-object__image\" src=\"https:\/\/images.euronews.com\/articles\/stories\/09\/89\/87\/25\/320x180_cmsv2_214c706e-6f5b-58bc-8500-13eedc2d66c6-9898725.jpg\" loading=\"lazy\" alt=\"FILE - Aeroflot&apos;s passengers planes are parked at Sheremetyevo airport, outside Moscow, Russia, Tuesday, March 1, 2022\" height=\"9\" width=\"16\"><span class=\"b-videos-players__playlist__label b-videos-players__playlist__label--now-playing the-media-object__now u-hide-for-all\">Now playing<\/span><span class=\"b-videos-players__playlist__label b-videos-players__playlist__label--next the-media-object__next u-hide-for-all\">Next<\/span><\/figure>\n<div class=\"the-media-object__content\">\n<h3 class=\"the-media-object__title u-color-white u-color-hover-grey \">\n<p>    Ukraine formally warns airlines that Russian airspace is unsafe<br \/>\n  <\/h3>\n<\/div>\n<\/article>\n<\/div>\n<div class=\"u-position-relative u-margin-bottom-3 js-playlist-item\" data-articleid=\"2922298\">\n<article id class=\"the-media-object m-modeMobile-2 m-modeDesktop-2 m-modeXL-2 the-media-object--has-video the-media-object--has-related the-media-object--no-label\" data-nid=\"2922298\" data-cid=\"9897511\" data-part-label=\"Partner content\">\n<figure id class=\"the-media-object__figure\"><img decoding=\"async\" class=\"the-media-object__image\" src=\"https:\/\/images.euronews.com\/articles\/stories\/09\/89\/75\/11\/320x180_cmsv2_37a01a7f-677d-5af4-bd48-d675fa7c2198-9897511.jpg\" loading=\"lazy\" alt=\"The EU referendum campaign in Iceland\" height=\"9\" width=\"16\"><span class=\"b-videos-players__playlist__label b-videos-players__playlist__label--now-playing the-media-object__now u-hide-for-all\">Now playing<\/span><span class=\"b-videos-players__playlist__label b-videos-players__playlist__label--next the-media-object__next u-hide-for-all\">Next<\/span><\/figure>\n<div class=\"the-media-object__content\">\n<h3 class=\"the-media-object__title u-color-white u-color-hover-grey \">\n<p>    How inaccurate claims may have affected Iceland&#8217;s EU referendum<br \/>\n  <\/h3>\n<\/div>\n<\/article>\n<\/div>\n<div class=\"u-position-relative u-margin-bottom-3 js-playlist-item u-show-for-desktop js-the-media-object\" data-articleid=\"2921916\">\n<article id class=\"the-media-object m-modeMobile-2 m-modeDesktop-2 m-modeXL-2 the-media-object--has-video the-media-object--no-label\" data-nid=\"2921916\" data-cid=\"9895601\" data-part-label=\"Partner content\">\n<figure id class=\"the-media-object__figure\"><img decoding=\"async\" class=\"the-media-object__image\" src=\"https:\/\/images.euronews.com\/articles\/stories\/09\/89\/56\/01\/320x180_cmsv2_b2ce9185-9b9f-5786-b569-9830fc03a2e3-9895601.jpg\" loading=\"lazy\" alt=\"FILE - Klaus Michael Kuehne, majority owner of Kuehne and Nagel, during a press conference in Hanover. Oct. 12, 2008. (AP Photo\/Joerg Sarb)\" height=\"9\" width=\"16\"><span class=\"b-videos-players__playlist__label b-videos-players__playlist__label--now-playing the-media-object__now u-hide-for-all\">Now playing<\/span><span class=\"b-videos-players__playlist__label b-videos-players__playlist__label--next the-media-object__next u-hide-for-all\">Next<\/span><\/figure>\n<div class=\"the-media-object__content\">\n<h3 class=\"the-media-object__title u-color-white u-color-hover-grey \">\n<p>    Death of Germany&#8217;s richest man creates a giant charitable foundation<br \/>\n  <\/h3>\n<\/div>\n<\/article>\n<\/div>\n<div class=\"u-position-relative u-margin-bottom-3 js-playlist-item u-show-for-desktop js-the-media-object\" data-articleid=\"2922134\">\n<article id class=\"the-media-object m-modeMobile-2 m-modeDesktop-2 m-modeXL-2 the-media-object--has-video the-media-object--has-related the-media-object--no-label\" data-nid=\"2922134\" data-cid=\"9896644\" data-part-label=\"Partner content\">\n<figure id class=\"the-media-object__figure\"><img decoding=\"async\" class=\"the-media-object__image\" src=\"https:\/\/images.euronews.com\/articles\/stories\/09\/89\/66\/44\/320x180_cmsv2_f1287091-31d3-5e41-bb40-04a4781c4dca-9896644.jpg\" loading=\"lazy\" alt=\"EU foreign policy is governed by unanimity.\" height=\"9\" width=\"16\"><span class=\"b-videos-players__playlist__label b-videos-players__playlist__label--now-playing the-media-object__now u-hide-for-all\">Now playing<\/span><span class=\"b-videos-players__playlist__label b-videos-players__playlist__label--next the-media-object__next u-hide-for-all\">Next<\/span><\/figure>\n<div class=\"the-media-object__content\">\n<h3 class=\"the-media-object__title u-color-white u-color-hover-grey \">\n<p>    11 EU countries demand end to &#8216;obstructive&#8217; vetoes on foreign policy<br \/>\n  <\/h3>\n<\/div>\n<\/article>\n<\/div>\n<div class=\"u-position-relative u-margin-bottom-3 js-playlist-item u-show-for-desktop js-the-media-object\" data-articleid=\"2922146\">\n<article id class=\"the-media-object m-modeMobile-2 m-modeDesktop-2 m-modeXL-2 the-media-object--has-video the-media-object--has-related the-media-object--no-label\" data-nid=\"2922146\" data-cid=\"9896740\" data-part-label=\"Partner content\">\n<figure id class=\"the-media-object__figure\"><img decoding=\"async\" class=\"the-media-object__image\" src=\"https:\/\/images.euronews.com\/articles\/stories\/09\/89\/67\/40\/320x180_cmsv2_794eac6e-ee0d-5212-ad47-64b8ee8ae7ab-9896740.jpg\" loading=\"lazy\" alt=\"Police officers are walking across a field on the grounds of Leipzig Airport, Germany, Friday, Aug. 7, 2026, searching for a drone that may be connected to a suspected attack.\" height=\"9\" width=\"16\"><span class=\"b-videos-players__playlist__label b-videos-players__playlist__label--now-playing the-media-object__now u-hide-for-all\">Now playing<\/span><span class=\"b-videos-players__playlist__label b-videos-players__playlist__label--next the-media-object__next u-hide-for-all\">Next<\/span><\/figure>\n<div class=\"the-media-object__content\">\n<h3 class=\"the-media-object__title u-color-white u-color-hover-grey \">\n<p>    Russia behind Leipzig airport drone &#8216;attack,&#8217; Berlin says<br \/>\n  <\/h3>\n<\/div>\n<\/article>\n<\/div>\n<div class=\"u-position-relative u-margin-bottom-3 js-playlist-item u-show-for-desktop js-the-media-object\" data-articleid=\"2922234\">\n<article id class=\"the-media-object m-modeMobile-2 m-modeDesktop-2 m-modeXL-2 the-media-object--has-video the-media-object--has-related the-media-object--no-label\" data-nid=\"2922234\" data-cid=\"9897166\" data-part-label=\"Partner content\">\n<figure id class=\"the-media-object__figure\"><img decoding=\"async\" class=\"the-media-object__image\" src=\"https:\/\/images.euronews.com\/articles\/stories\/09\/89\/71\/66\/320x180_cmsv2_bd1fccdf-e623-5c22-a457-e03f7b0f5acc-9897166.jpg\" loading=\"lazy\" alt=\"Maro\u0161 \u0160ef\u010dovi\u010d, EU trade Commissioner\" height=\"9\" width=\"16\"><span class=\"b-videos-players__playlist__label b-videos-players__playlist__label--now-playing the-media-object__now u-hide-for-all\">Now playing<\/span><span class=\"b-videos-players__playlist__label b-videos-players__playlist__label--next the-media-object__next u-hide-for-all\">Next<\/span><\/figure>\n<div class=\"the-media-object__content\">\n<h3 class=\"the-media-object__title u-color-white u-color-hover-grey \">\n<p>    \u0160ef\u010dovi\u010d: China must deliver by October or face \u2018harsher measures\u2019<br \/>\n  <\/h3>\n<\/div>\n<\/article>\n<\/div>\n<div class=\"u-position-relative u-margin-bottom-3 js-playlist-item u-show-for-desktop js-the-media-object\" data-articleid=\"2913469\">\n<article id class=\"the-media-object m-modeMobile-2 m-modeDesktop-2 m-modeXL-2 the-media-object--has-video the-media-object--no-label\" data-nid=\"2913469\" data-cid=\"9854519\" data-part-label=\"Partner content\">\n<figure id class=\"the-media-object__figure\"><img decoding=\"async\" class=\"the-media-object__image\" src=\"https:\/\/images.euronews.com\/articles\/stories\/09\/85\/45\/19\/320x180_cmsv2_60f90c36-9c8d-508e-bae6-ac6da5b1f044-9854519.jpg\" loading=\"lazy\" alt=\"Kaja Kalas, EU High Representative for Foreign Affairs\" height=\"9\" width=\"16\"><span class=\"b-videos-players__playlist__label b-videos-players__playlist__label--now-playing the-media-object__now u-hide-for-all\">Now playing<\/span><span class=\"b-videos-players__playlist__label b-videos-players__playlist__label--next the-media-object__next u-hide-for-all\">Next<\/span><\/figure>\n<div class=\"the-media-object__content\">\n<h3 class=\"the-media-object__title u-color-white u-color-hover-grey \">\n<p>    EU foreign ministers meet as Germany attributes drone attack to Russia<br \/>\n  <\/h3>\n<\/div>\n<\/article>\n<\/div>\n<div class=\"u-position-relative u-margin-bottom-3 js-playlist-item u-show-for-desktop js-the-media-object\" data-articleid=\"2922475\">\n<article id class=\"the-media-object m-modeMobile-2 m-modeDesktop-2 m-modeXL-2 the-media-object--has-video the-media-object--no-label\" data-nid=\"2922475\" data-cid=\"9898359\" data-part-label=\"Partner content\">\n<figure id class=\"the-media-object__figure\"><img decoding=\"async\" class=\"the-media-object__image\" src=\"https:\/\/images.euronews.com\/articles\/stories\/09\/89\/83\/59\/320x180_cmsv2_a4b07285-26f8-58f8-a37a-9fcd4cba245e-9898359.jpg\" loading=\"lazy\" alt=\"Actor George Clooney practices to accept his lifetime achievement award at the 83rd Venice Film Festival, Italy, 2 September 2026\" height=\"9\" width=\"16\"><span class=\"b-videos-players__playlist__label b-videos-players__playlist__label--now-playing the-media-object__now u-hide-for-all\">Now playing<\/span><span class=\"b-videos-players__playlist__label b-videos-players__playlist__label--next the-media-object__next u-hide-for-all\">Next<\/span><\/figure>\n<div class=\"the-media-object__content\">\n<h3 class=\"the-media-object__title u-color-white u-color-hover-grey \">\n<p>    Venice Film Festival: Clooney, conflicts and competition dominate as ceremonies begin<br \/>\n  <\/h3>\n<\/div>\n<\/article>\n<\/div>\n<div class=\"u-position-relative u-margin-bottom-3 js-playlist-item u-show-for-desktop js-the-media-object\" data-articleid=\"2920086\">\n<article id class=\"the-media-object m-modeMobile-2 m-modeDesktop-2 m-modeXL-2 the-media-object--has-video the-media-object--no-label\" data-nid=\"2920086\" data-cid=\"9886311\" data-part-label=\"Partner content\">\n<figure id class=\"the-media-object__figure\"><img decoding=\"async\" class=\"the-media-object__image\" src=\"https:\/\/images.euronews.com\/articles\/stories\/09\/88\/63\/11\/320x180_cmsv2_6e70ef63-a47b-50f3-91e0-87bdf5e16d16-9886311.jpg\" loading=\"lazy\" alt=\"\u00a9\" height=\"9\" width=\"16\"><span class=\"b-videos-players__playlist__label b-videos-players__playlist__label--now-playing the-media-object__now u-hide-for-all\">Now playing<\/span><span class=\"b-videos-players__playlist__label b-videos-players__playlist__label--next the-media-object__next u-hide-for-all\">Next<\/span><\/figure>\n<div class=\"the-media-object__content\">\n<h3 class=\"the-media-object__title u-color-white u-color-hover-grey \">\n<p>    How horse milk \u2018kymyz\u2019 became a drink still in demand thousands of years later<br \/>\n  <\/h3>\n<\/div>\n<\/article>\n<\/div>\n<div class=\"u-position-relative u-margin-bottom-3 js-playlist-item u-show-for-desktop js-the-media-object\" data-articleid=\"2922415\">\n<article id class=\"the-media-object m-modeMobile-2 m-modeDesktop-2 m-modeXL-2 the-media-object--has-video the-media-object--no-label\" data-nid=\"2922415\" data-cid=\"9898139\" data-part-label=\"Partner content\">\n<figure id class=\"the-media-object__figure\"><img decoding=\"async\" class=\"the-media-object__image\" src=\"https:\/\/images.euronews.com\/articles\/stories\/09\/89\/81\/39\/320x180_cmsv2_abcc916a-4546-5f52-b1e0-5165070d2cca-9898139.jpg\" loading=\"lazy\" alt=\"Grande-Marlaska during a meeMigrants try to cross from Morocco into the Spanish enclave of Ceuta, 30 July, 2026ting in Brussels.\" height=\"9\" width=\"16\"><span class=\"b-videos-players__playlist__label b-videos-players__playlist__label--now-playing the-media-object__now u-hide-for-all\">Now playing<\/span><span class=\"b-videos-players__playlist__label b-videos-players__playlist__label--next the-media-object__next u-hide-for-all\">Next<\/span><\/figure>\n<div class=\"the-media-object__content\">\n<h3 class=\"the-media-object__title u-color-white u-color-hover-grey \">\n<p>    Spanish police chief denies existence of report blaming Morocco for Ceuta migrant crossings<br \/>\n  <\/h3>\n<\/div>\n<\/article>\n<\/div>\n<div class=\"u-position-relative u-margin-bottom-3 js-playlist-item u-show-for-desktop js-the-media-object\" data-articleid=\"2922474\">\n<article id class=\"the-media-object m-modeMobile-2 m-modeDesktop-2 m-modeXL-2 the-media-object--has-video the-media-object--no-label\" data-nid=\"2922474\" data-cid=\"9898345\" data-part-label=\"Partner content\">\n<figure id class=\"the-media-object__figure\"><img decoding=\"async\" class=\"the-media-object__image\" src=\"https:\/\/images.euronews.com\/articles\/stories\/09\/89\/83\/45\/320x180_cmsv2_4f0da8b0-d842-5870-9402-a6f6361cd851-9898345.jpg\" loading=\"lazy\" alt=\"FILE: Empty cribs at a playhouse in the courtyard of Kherson regional children&apos;s home in Kherson, southern Ukraine, Friday, Nov. 25, 2022. \" height=\"9\" width=\"16\"><span class=\"b-videos-players__playlist__label b-videos-players__playlist__label--now-playing the-media-object__now u-hide-for-all\">Now playing<\/span><span class=\"b-videos-players__playlist__label b-videos-players__playlist__label--next the-media-object__next u-hide-for-all\">Next<\/span><\/figure>\n<div class=\"the-media-object__content\">\n<h3 class=\"the-media-object__title u-color-white u-color-hover-grey \">\n<p>    EU eyes additional sanctions on Ukrainian children deportation<br \/>\n  <\/h3>\n<\/div>\n<\/article>\n<\/div>\n<div class=\"u-position-relative u-margin-bottom-3 js-playlist-item u-show-for-desktop js-the-media-object\" data-articleid=\"2922403\">\n<article id class=\"the-media-object m-modeMobile-2 m-modeDesktop-2 m-modeXL-2 the-media-object--has-video the-media-object--no-label\" data-nid=\"2922403\" data-cid=\"9898168\" data-part-label=\"Partner content\">\n<figure id class=\"the-media-object__figure\"><img decoding=\"async\" class=\"the-media-object__image\" src=\"https:\/\/images.euronews.com\/articles\/stories\/09\/89\/79\/27\/320x180_cmsv2_cb4718e9-8931-5cdd-834a-9ca6de492bac-9897927.jpg\" loading=\"lazy\" alt=\"Naima Gerasopoulou and Loukas Gaouto celebrate\" height=\"9\" width=\"16\"><span class=\"b-videos-players__playlist__label b-videos-players__playlist__label--now-playing the-media-object__now u-hide-for-all\">Now playing<\/span><span class=\"b-videos-players__playlist__label b-videos-players__playlist__label--next the-media-object__next u-hide-for-all\">Next<\/span><\/figure>\n<div class=\"the-media-object__content\">\n<h3 class=\"the-media-object__title u-color-white u-color-hover-grey \">\n<p>    Strictly successful: Greece&#8217;s Naima Gerassopoulou claims world tango champion title<br \/>\n  <\/h3>\n<\/div>\n<\/article>\n<\/div>\n<\/div>\n<\/article>\n<article id class=\"the-media-object m-modeMobile-2 m-modeDesktop-2 m-modeXL-2 the-media-object--has-video the-media-object--has-related the-media-object--no-label\" data-nid=\"2922479\" data-cid=\"9898387\" data-part-label=\"Partner content\">\n<figure id class=\"the-media-object__figure\"><img decoding=\"async\" class=\"the-media-object__image\" src=\"https:\/\/images.euronews.com\/articles\/stories\/09\/89\/83\/87\/320x180_cmsv2_6fb03c82-dc10-5a3e-825c-70acfbc68290-9898387.jpg\" loading=\"lazy\" alt=\"NATO Secretary General Mark Rutte and European Commission President Ursula von der Leyen deliver press statement in Brussels, Belgium 2 September 2026.\" height=\"9\" width=\"16\"><span class=\"b-videos-players__playlist__label b-videos-players__playlist__label--now-playing the-media-object__now u-hide-for-all\">Now playing<\/span><span class=\"b-videos-players__playlist__label b-videos-players__playlist__label--next the-media-object__next u-hide-for-all\">Next<\/span><\/figure>\n<div class=\"the-media-object__content\">\n<h3 class=\"the-media-object__title u-color-white u-color-hover-grey \">\n<p>    Europe must brace for new security &#8216;era&#8217;, von der Leyen says<br \/>\n  <\/h3>\n<\/div>\n<\/article>\n<article id class=\"the-media-object m-modeMobile-2 m-modeDesktop-2 m-modeXL-2 the-media-object--has-video the-media-object--no-label\" data-nid=\"2922483\" data-cid=\"9898391\" data-part-label=\"Partner content\">\n<figure id class=\"the-media-object__figure\"><img decoding=\"async\" class=\"the-media-object__image\" src=\"https:\/\/images.euronews.com\/articles\/stories\/09\/89\/83\/91\/320x180_cmsv2_282a07d7-839b-5896-885e-3533772a5357-9898391.jpg\" loading=\"lazy\" alt=\"Kyiv children began the new school year with a ceremony interrupted by an air raid alert, hours after Russian missile strikes hit the capital.\" height=\"9\" width=\"16\"><span class=\"b-videos-players__playlist__label b-videos-players__playlist__label--now-playing the-media-object__now u-hide-for-all\">Now playing<\/span><span class=\"b-videos-players__playlist__label b-videos-players__playlist__label--next the-media-object__next u-hide-for-all\">Next<\/span><\/figure>\n<div class=\"the-media-object__content\">\n<h3 class=\"the-media-object__title u-color-white u-color-hover-grey \">\n<p>    Kyiv school year begins under the shadow of air raid sirens<br \/>\n  <\/h3>\n<\/div>\n<\/article>\n<article id class=\"the-media-object m-modeMobile-2 m-modeDesktop-2 m-modeXL-2 the-media-object--has-video the-media-object--no-label\" data-nid=\"2922623\" data-cid=\"9899061\" data-part-label=\"Partner content\">\n<figure id class=\"the-media-object__figure\"><img decoding=\"async\" class=\"the-media-object__image\" src=\"https:\/\/images.euronews.com\/articles\/stories\/09\/89\/90\/61\/320x180_cmsv2_8035d907-636b-5865-811e-be7661a86e29-9899061.jpg\" loading=\"lazy\" alt=\"Latest news bulletin | September 2nd, 2026 \u2013 Evening\" height=\"9\" width=\"16\"><span class=\"b-videos-players__playlist__label b-videos-players__playlist__label--now-playing the-media-object__now u-hide-for-all\">Now playing<\/span><span class=\"b-videos-players__playlist__label b-videos-players__playlist__label--next the-media-object__next u-hide-for-all\">Next<\/span><\/figure>\n<div class=\"the-media-object__content\">\n<h3 class=\"the-media-object__title u-color-white u-color-hover-grey \">\n<p>    Latest news bulletin | September 2nd, 2026 \u2013 Evening<br \/>\n  <\/h3>\n<\/div>\n<\/article>\n<article id class=\"the-media-object m-modeMobile-2 m-modeDesktop-2 m-modeXL-2 the-media-object--has-video the-media-object--has-related the-media-object--no-label\" data-nid=\"2922524\" data-cid=\"9898543\" data-part-label=\"Partner content\">\n<figure id class=\"the-media-object__figure\"><img decoding=\"async\" class=\"the-media-object__image\" src=\"https:\/\/images.euronews.com\/articles\/stories\/09\/89\/85\/43\/320x180_cmsv2_efb8ba1d-6940-5094-a07b-1ffd3e9a5b37-9898543.jpg\" loading=\"lazy\" alt=\"MEPs Bentele (EPP) and Germain (S&amp;D) in The Ring\" height=\"9\" width=\"16\"><span class=\"b-videos-players__playlist__label b-videos-players__playlist__label--now-playing the-media-object__now u-hide-for-all\">Now playing<\/span><span class=\"b-videos-players__playlist__label b-videos-players__playlist__label--next the-media-object__next u-hide-for-all\">Next<\/span><\/figure>\n<div class=\"the-media-object__content\">\n<h3 class=\"the-media-object__title u-color-white u-color-hover-grey \">\n<p>    The surge of the far-right &#8211; who is to blame? MEPs clash in The Ring<br \/>\n  <\/h3>\n<\/div>\n<\/article>\n<article id class=\"the-media-object m-modeMobile-2 m-modeDesktop-2 m-modeXL-2 the-media-object--has-video the-media-object--has-related the-media-object--no-label\" data-nid=\"2922572\" data-cid=\"9898725\" data-part-label=\"Partner content\">\n<figure id class=\"the-media-object__figure\"><img decoding=\"async\" class=\"the-media-object__image\" src=\"https:\/\/images.euronews.com\/articles\/stories\/09\/89\/87\/25\/320x180_cmsv2_214c706e-6f5b-58bc-8500-13eedc2d66c6-9898725.jpg\" loading=\"lazy\" alt=\"FILE - Aeroflot&apos;s passengers planes are parked at Sheremetyevo airport, outside Moscow, Russia, Tuesday, March 1, 2022\" height=\"9\" width=\"16\"><span class=\"b-videos-players__playlist__label b-videos-players__playlist__label--now-playing the-media-object__now u-hide-for-all\">Now playing<\/span><span class=\"b-videos-players__playlist__label b-videos-players__playlist__label--next the-media-object__next u-hide-for-all\">Next<\/span><\/figure>\n<div class=\"the-media-object__content\">\n<h3 class=\"the-media-object__title u-color-white u-color-hover-grey \">\n<p>    Ukraine formally warns airlines that Russian airspace is unsafe<br \/>\n  <\/h3>\n<\/div>\n<\/article>\n<article id class=\"the-media-object m-modeMobile-2 m-modeDesktop-2 m-modeXL-2 the-media-object--has-video the-media-object--has-related the-media-object--no-label\" data-nid=\"2922298\" data-cid=\"9897511\" data-part-label=\"Partner content\">\n<figure id class=\"the-media-object__figure\"><img decoding=\"async\" class=\"the-media-object__image\" src=\"https:\/\/images.euronews.com\/articles\/stories\/09\/89\/75\/11\/320x180_cmsv2_37a01a7f-677d-5af4-bd48-d675fa7c2198-9897511.jpg\" loading=\"lazy\" alt=\"The EU referendum campaign in Iceland\" height=\"9\" width=\"16\"><span class=\"b-videos-players__playlist__label b-videos-players__playlist__label--now-playing the-media-object__now u-hide-for-all\">Now playing<\/span><span class=\"b-videos-players__playlist__label b-videos-players__playlist__label--next the-media-object__next u-hide-for-all\">Next<\/span><\/figure>\n<div class=\"the-media-object__content\">\n<h3 class=\"the-media-object__title u-color-white u-color-hover-grey \">\n<p>    How inaccurate claims may have affected Iceland&#8217;s EU referendum<br \/>\n  <\/h3>\n<\/div>\n<\/article>\n<article id class=\"the-media-object m-modeMobile-2 m-modeDesktop-2 m-modeXL-2 the-media-object--has-video the-media-object--no-label\" data-nid=\"2921916\" data-cid=\"9895601\" data-part-label=\"Partner content\">\n<figure id class=\"the-media-object__figure\"><img decoding=\"async\" class=\"the-media-object__image\" src=\"https:\/\/images.euronews.com\/articles\/stories\/09\/89\/56\/01\/320x180_cmsv2_b2ce9185-9b9f-5786-b569-9830fc03a2e3-9895601.jpg\" loading=\"lazy\" alt=\"FILE - Klaus Michael Kuehne, majority owner of Kuehne and Nagel, during a press conference in Hanover. Oct. 12, 2008. (AP Photo\/Joerg Sarb)\" height=\"9\" width=\"16\"><span class=\"b-videos-players__playlist__label b-videos-players__playlist__label--now-playing the-media-object__now u-hide-for-all\">Now playing<\/span><span class=\"b-videos-players__playlist__label b-videos-players__playlist__label--next the-media-object__next u-hide-for-all\">Next<\/span><\/figure>\n<div class=\"the-media-object__content\">\n<h3 class=\"the-media-object__title u-color-white u-color-hover-grey \">\n<p>    Death of Germany&#8217;s richest man creates a giant charitable foundation<br \/>\n  <\/h3>\n<\/div>\n<\/article>\n<article id class=\"the-media-object m-modeMobile-2 m-modeDesktop-2 m-modeXL-2 the-media-object--has-video the-media-object--has-related the-media-object--no-label\" data-nid=\"2922134\" data-cid=\"9896644\" data-part-label=\"Partner content\">\n<figure id class=\"the-media-object__figure\"><img decoding=\"async\" class=\"the-media-object__image\" src=\"https:\/\/images.euronews.com\/articles\/stories\/09\/89\/66\/44\/320x180_cmsv2_f1287091-31d3-5e41-bb40-04a4781c4dca-9896644.jpg\" loading=\"lazy\" alt=\"EU foreign policy is governed by unanimity.\" height=\"9\" width=\"16\"><span class=\"b-videos-players__playlist__label b-videos-players__playlist__label--now-playing the-media-object__now u-hide-for-all\">Now playing<\/span><span class=\"b-videos-players__playlist__label b-videos-players__playlist__label--next the-media-object__next u-hide-for-all\">Next<\/span><\/figure>\n<div class=\"the-media-object__content\">\n<h3 class=\"the-media-object__title u-color-white u-color-hover-grey \">\n<p>    11 EU countries demand end to &#8216;obstructive&#8217; vetoes on foreign policy<br \/>\n  <\/h3>\n<\/div>\n<\/article>\n<article id class=\"the-media-object m-modeMobile-2 m-modeDesktop-2 m-modeXL-2 the-media-object--has-video the-media-object--has-related the-media-object--no-label\" data-nid=\"2922146\" data-cid=\"9896740\" data-part-label=\"Partner content\">\n<figure id class=\"the-media-object__figure\"><img decoding=\"async\" class=\"the-media-object__image\" src=\"https:\/\/images.euronews.com\/articles\/stories\/09\/89\/67\/40\/320x180_cmsv2_794eac6e-ee0d-5212-ad47-64b8ee8ae7ab-9896740.jpg\" loading=\"lazy\" alt=\"Police officers are walking across a field on the grounds of Leipzig Airport, Germany, Friday, Aug. 7, 2026, searching for a drone that may be connected to a suspected attack.\" height=\"9\" width=\"16\"><span class=\"b-videos-players__playlist__label b-videos-players__playlist__label--now-playing the-media-object__now u-hide-for-all\">Now playing<\/span><span class=\"b-videos-players__playlist__label b-videos-players__playlist__label--next the-media-object__next u-hide-for-all\">Next<\/span><\/figure>\n<div class=\"the-media-object__content\">\n<h3 class=\"the-media-object__title u-color-white u-color-hover-grey \">\n<p>    Russia behind Leipzig airport drone &#8216;attack,&#8217; Berlin says<br \/>\n  <\/h3>\n<\/div>\n<\/article>\n<article id class=\"the-media-object m-modeMobile-2 m-modeDesktop-2 m-modeXL-2 the-media-object--has-video the-media-object--has-related the-media-object--no-label\" data-nid=\"2922234\" data-cid=\"9897166\" data-part-label=\"Partner content\">\n<figure id class=\"the-media-object__figure\"><img decoding=\"async\" class=\"the-media-object__image\" src=\"https:\/\/images.euronews.com\/articles\/stories\/09\/89\/71\/66\/320x180_cmsv2_bd1fccdf-e623-5c22-a457-e03f7b0f5acc-9897166.jpg\" loading=\"lazy\" alt=\"Maro\u0161 \u0160ef\u010dovi\u010d, EU trade Commissioner\" height=\"9\" width=\"16\"><span class=\"b-videos-players__playlist__label b-videos-players__playlist__label--now-playing the-media-object__now u-hide-for-all\">Now playing<\/span><span class=\"b-videos-players__playlist__label b-videos-players__playlist__label--next the-media-object__next u-hide-for-all\">Next<\/span><\/figure>\n<div class=\"the-media-object__content\">\n<h3 class=\"the-media-object__title u-color-white u-color-hover-grey \">\n<p>    \u0160ef\u010dovi\u010d: China must deliver by October or face \u2018harsher measures\u2019<br \/>\n  <\/h3>\n<\/div>\n<\/article>\n<article id class=\"the-media-object m-modeMobile-2 m-modeDesktop-2 m-modeXL-2 the-media-object--has-video the-media-object--no-label\" data-nid=\"2913469\" data-cid=\"9854519\" data-part-label=\"Partner content\">\n<figure id class=\"the-media-object__figure\"><img decoding=\"async\" class=\"the-media-object__image\" src=\"https:\/\/images.euronews.com\/articles\/stories\/09\/85\/45\/19\/320x180_cmsv2_60f90c36-9c8d-508e-bae6-ac6da5b1f044-9854519.jpg\" loading=\"lazy\" alt=\"Kaja Kalas, EU High Representative for Foreign Affairs\" height=\"9\" width=\"16\"><span class=\"b-videos-players__playlist__label b-videos-players__playlist__label--now-playing the-media-object__now u-hide-for-all\">Now playing<\/span><span class=\"b-videos-players__playlist__label b-videos-players__playlist__label--next the-media-object__next u-hide-for-all\">Next<\/span><\/figure>\n<div class=\"the-media-object__content\">\n<h3 class=\"the-media-object__title u-color-white u-color-hover-grey \">\n<p>    EU foreign ministers meet as Germany attributes drone attack to Russia<br \/>\n  <\/h3>\n<\/div>\n<\/article>\n<article id class=\"the-media-object m-modeMobile-2 m-modeDesktop-2 m-modeXL-2 the-media-object--has-video the-media-object--no-label\" data-nid=\"2922475\" data-cid=\"9898359\" data-part-label=\"Partner content\">\n<figure id class=\"the-media-object__figure\"><img decoding=\"async\" class=\"the-media-object__image\" src=\"https:\/\/images.euronews.com\/articles\/stories\/09\/89\/83\/59\/320x180_cmsv2_a4b07285-26f8-58f8-a37a-9fcd4cba245e-9898359.jpg\" loading=\"lazy\" alt=\"Actor George Clooney practices to accept his lifetime achievement award at the 83rd Venice Film Festival, Italy, 2 September 2026\" height=\"9\" width=\"16\"><span class=\"b-videos-players__playlist__label b-videos-players__playlist__label--now-playing the-media-object__now u-hide-for-all\">Now playing<\/span><span class=\"b-videos-players__playlist__label b-videos-players__playlist__label--next the-media-object__next u-hide-for-all\">Next<\/span><\/figure>\n<div class=\"the-media-object__content\">\n<h3 class=\"the-media-object__title u-color-white u-color-hover-grey \">\n<p>    Venice Film Festival: Clooney, conflicts and competition dominate as ceremonies begin<br \/>\n  <\/h3>\n<\/div>\n<\/article>\n<article id class=\"the-media-object m-modeMobile-2 m-modeDesktop-2 m-modeXL-2 the-media-object--has-video the-media-object--no-label\" data-nid=\"2920086\" data-cid=\"9886311\" data-part-label=\"Partner content\">\n<figure id class=\"the-media-object__figure\"><img decoding=\"async\" class=\"the-media-object__image\" src=\"https:\/\/images.euronews.com\/articles\/stories\/09\/88\/63\/11\/320x180_cmsv2_6e70ef63-a47b-50f3-91e0-87bdf5e16d16-9886311.jpg\" loading=\"lazy\" alt=\"\u00a9\" height=\"9\" width=\"16\"><span class=\"b-videos-players__playlist__label b-videos-players__playlist__label--now-playing the-media-object__now u-hide-for-all\">Now playing<\/span><span class=\"b-videos-players__playlist__label b-videos-players__playlist__label--next the-media-object__next u-hide-for-all\">Next<\/span><\/figure>\n<div class=\"the-media-object__content\">\n<h3 class=\"the-media-object__title u-color-white u-color-hover-grey \">\n<p>    How horse milk \u2018kymyz\u2019 became a drink still in demand thousands of years later<br \/>\n  <\/h3>\n<\/div>\n<\/article>\n<article id class=\"the-media-object m-modeMobile-2 m-modeDesktop-2 m-modeXL-2 the-media-object--has-video the-media-object--no-label\" data-nid=\"2922415\" data-cid=\"9898139\" data-part-label=\"Partner content\">\n<figure id class=\"the-media-object__figure\"><img decoding=\"async\" class=\"the-media-object__image\" src=\"https:\/\/images.euronews.com\/articles\/stories\/09\/89\/81\/39\/320x180_cmsv2_abcc916a-4546-5f52-b1e0-5165070d2cca-9898139.jpg\" loading=\"lazy\" alt=\"Grande-Marlaska during a meeMigrants try to cross from Morocco into the Spanish enclave of Ceuta, 30 July, 2026ting in Brussels.\" height=\"9\" width=\"16\"><span class=\"b-videos-players__playlist__label b-videos-players__playlist__label--now-playing the-media-object__now u-hide-for-all\">Now playing<\/span><span class=\"b-videos-players__playlist__label b-videos-players__playlist__label--next the-media-object__next u-hide-for-all\">Next<\/span><\/figure>\n<div class=\"the-media-object__content\">\n<h3 class=\"the-media-object__title u-color-white u-color-hover-grey \">\n<p>    Spanish police chief denies existence of report blaming Morocco for Ceuta migrant crossings<br \/>\n  <\/h3>\n<\/div>\n<\/article>\n<article id class=\"the-media-object m-modeMobile-2 m-modeDesktop-2 m-modeXL-2 the-media-object--has-video the-media-object--no-label\" data-nid=\"2922474\" data-cid=\"9898345\" data-part-label=\"Partner content\">\n<figure id class=\"the-media-object__figure\"><img decoding=\"async\" class=\"the-media-object__image\" src=\"https:\/\/images.euronews.com\/articles\/stories\/09\/89\/83\/45\/320x180_cmsv2_4f0da8b0-d842-5870-9402-a6f6361cd851-9898345.jpg\" loading=\"lazy\" alt=\"FILE: Empty cribs at a playhouse in the courtyard of Kherson regional children&apos;s home in Kherson, southern Ukraine, Friday, Nov. 25, 2022. \" height=\"9\" width=\"16\"><span class=\"b-videos-players__playlist__label b-videos-players__playlist__label--now-playing the-media-object__now u-hide-for-all\">Now playing<\/span><span class=\"b-videos-players__playlist__label b-videos-players__playlist__label--next the-media-object__next u-hide-for-all\">Next<\/span><\/figure>\n<div class=\"the-media-object__content\">\n<h3 class=\"the-media-object__title u-color-white u-color-hover-grey \">\n<p>    EU eyes additional sanctions on Ukrainian children deportation<br \/>\n  <\/h3>\n<\/div>\n<\/article>\n<article id class=\"the-media-object m-modeMobile-2 m-modeDesktop-2 m-modeXL-2 the-media-object--has-video the-media-object--no-label\" data-nid=\"2922403\" data-cid=\"9898168\" data-part-label=\"Partner content\">\n<figure id class=\"the-media-object__figure\"><img decoding=\"async\" class=\"the-media-object__image\" src=\"https:\/\/images.euronews.com\/articles\/stories\/09\/89\/79\/27\/320x180_cmsv2_cb4718e9-8931-5cdd-834a-9ca6de492bac-9897927.jpg\" loading=\"lazy\" alt=\"Naima Gerasopoulou and Loukas Gaouto celebrate\" height=\"9\" width=\"16\"><span class=\"b-videos-players__playlist__label b-videos-players__playlist__label--now-playing the-media-object__now u-hide-for-all\">Now playing<\/span><span class=\"b-videos-players__playlist__label b-videos-players__playlist__label--next the-media-object__next u-hide-for-all\">Next<\/span><\/figure>\n<div class=\"the-media-object__content\">\n<h3 class=\"the-media-object__title u-color-white u-color-hover-grey \">\n<p>    Strictly successful: Greece&#8217;s Naima Gerassopoulou claims world tango champion title<br \/>\n  <\/h3>\n<\/div>\n<\/article>\n<article id=\"abe-2922147-pos1-adaptive-more_from_europe_news\" class=\"the-media-object m-modeMobile-1 m-modeDesktop-1 m-modeXL-1 the-media-object--has-video\" data-nid=\"2922147\" data-cid=\"9897513\" data-part-label=\"Partner content\">\n<figure id=\"abe-2922147-label-pos1-adaptive-more_from_europe_news\" class=\"the-media-object__figure\"><img decoding=\"async\" class=\"the-media-object__image\" src=\"https:\/\/images.euronews.com\/articles\/stories\/09\/89\/67\/41\/320x180_cmsv2_03246d70-b82b-590a-bf1c-9d0a04c24bea-9896741.jpg\" loading=\"lazy\" alt=\"Emmanuel Macron speaks with pupils during his visit to Chaptal secondary school for the start of the school year, in Mende, southern France, on 1 September\" height=\"9\" width=\"16\"><\/figure>\n<div class=\"the-media-object__content\">\n                    Europe News<\/p>\n<h2 class=\"the-media-object__title u-color-white u-color-hover-grey \">\n<p>    What&#8217;s behind France&#8217;s plan to survey school children on sexual violence?<br \/>\n  <\/h2>\n<\/div>\n<\/article>\n<article id=\"abe-2922220-pos2-adaptive-more_from_europe_news\" class=\"the-media-object the-media-object--bordered-mobile-only m-modeMobile-2 m-modeDesktop-1 m-modeXL-1 the-media-object--has-video\" data-nid=\"2922220\" data-cid=\"9897443\" data-part-label=\"Partner content\">\n<figure id=\"abe-2922220-label-pos2-adaptive-more_from_europe_news\" class=\"the-media-object__figure\"><img decoding=\"async\" class=\"the-media-object__image\" src=\"https:\/\/images.euronews.com\/articles\/stories\/09\/89\/70\/91\/320x180_cmsv2_962b9b89-efb9-511e-b0b6-195686d77f5d-9897091.jpg\" loading=\"lazy\" alt=\"A migrant who crossed into Ceuta, arriving on one of the city&apos;s beaches\" height=\"9\" width=\"16\"><\/figure>\n<div class=\"the-media-object__content\">\n                    Europe News<\/p>\n<h2 class=\"the-media-object__title u-color-white u-color-hover-grey \">\n<p>    Spanish government approves \u20ac309 million aid package for Ceuta amid migrant crisis<br \/>\n  <\/h2>\n<\/div>\n<\/article>\n<article id=\"abe-2922146-pos3-adaptive-more_from_europe_news\" class=\"the-media-object the-media-object--bordered-mobile-only m-modeMobile-2 m-modeDesktop-1 m-modeXL-1 the-media-object--has-video\" data-nid=\"2922146\" data-cid=\"9896740\" data-part-label=\"Partner content\">\n<figure id=\"abe-2922146-label-pos3-adaptive-more_from_europe_news\" class=\"the-media-object__figure\"><img decoding=\"async\" class=\"the-media-object__image\" src=\"https:\/\/images.euronews.com\/articles\/stories\/09\/89\/67\/40\/320x180_cmsv2_794eac6e-ee0d-5212-ad47-64b8ee8ae7ab-9896740.jpg\" loading=\"lazy\" alt=\"Police officers are walking across a field on the grounds of Leipzig Airport, Germany, Friday, Aug. 7, 2026, searching for a drone that may be connected to a suspected attack.\" height=\"9\" width=\"16\"><\/figure>\n<div class=\"the-media-object__content\">\n                    Europe News<\/p>\n<h2 class=\"the-media-object__title u-color-white u-color-hover-grey \">\n<p>    Russia behind attempted drone &#8216;attack&#8217; at Leipzig airport, Berlin says<br \/>\n  <\/h2>\n<\/div>\n<\/article>\n<article id=\"abe-2922194-pos4-adaptive-more_from_europe_news\" class=\"the-media-object the-media-object--bordered-mobile-only m-modeMobile-2 m-modeDesktop-1 m-modeXL-1 the-media-object--has-video\" data-nid=\"2922194\" data-cid=\"9896981\" data-part-label=\"Partner content\">\n<figure id=\"abe-2922194-label-pos4-adaptive-more_from_europe_news\" class=\"the-media-object__figure\"><img decoding=\"async\" class=\"the-media-object__image\" src=\"https:\/\/images.euronews.com\/articles\/stories\/09\/89\/69\/81\/320x180_cmsv2_10fe110b-44f7-5bb8-a0f5-f59abbe00404-9896981.jpg\" loading=\"lazy\" alt=\"King Haakon VIII takes the oath according to the Constitution in the Storting in Oslo, 1 September, 2026\" height=\"9\" width=\"16\"><\/figure>\n<div class=\"the-media-object__content\">\n                    Europe News<\/p>\n<h2 class=\"the-media-object__title u-color-white u-color-hover-grey \">\n<p>    &#8216;So help me God&#8217;: Norway&#8217;s King Haakon VIII swears oath of allegiance to constitution<br \/>\n  <\/h2>\n<\/div>\n<\/article>\n<article id=\"abe-2921879-pos1-adaptive-latest_video\" class=\"the-media-object m-modeMobile-1 m-modeDesktop-1 m-modeXL-1 the-media-object--has-video\" data-nid=\"2921879\" data-cid=\"9895405\" data-part-label=\"Partner content\">\n<figure id=\"abe-2921879-label-pos1-adaptive-latest_video\" class=\"the-media-object__figure\"><img decoding=\"async\" class=\"the-media-object__image\" src=\"https:\/\/images.euronews.com\/articles\/stories\/09\/89\/54\/05\/320x180_cmsv2_d10ed1c9-de23-5dc0-8842-8fc2f15c58b0-9895405.jpg\" loading=\"lazy\" alt=\"Which EU countries have the largest paid online subscription? \" height=\"9\" width=\"16\"><\/figure>\n<div class=\"the-media-object__content\">\n                    Europe in Motion<\/p>\n<h2 class=\"the-media-object__title u-color-white u-color-hover-grey \">\n<p>    Which EU countries have the most paid online subscriptions?<br \/>\n  <\/h2>\n<\/div>\n<\/article>\n<article id=\"abe-2922234-pos2-adaptive-latest_video\" class=\"the-media-object the-media-object--bordered-mobile-only m-modeMobile-2 m-modeDesktop-1 m-modeXL-1 the-media-object--has-video\" data-nid=\"2922234\" data-cid=\"9897166\" data-part-label=\"Partner content\">\n<figure id=\"abe-2922234-label-pos2-adaptive-latest_video\" class=\"the-media-object__figure\"><img decoding=\"async\" class=\"the-media-object__image\" src=\"https:\/\/images.euronews.com\/articles\/stories\/09\/89\/71\/66\/320x180_cmsv2_bd1fccdf-e623-5c22-a457-e03f7b0f5acc-9897166.jpg\" loading=\"lazy\" alt=\"Maro\u0161 \u0160ef\u010dovi\u010d, EU trade Commissioner\" height=\"9\" width=\"16\"><\/figure>\n<div class=\"the-media-object__content\">\n                    Europe Today<\/p>\n<h2 class=\"the-media-object__title u-color-white u-color-hover-grey \">\n<p>    China must deliver concrete results by October or face \u2018harsher measures\u2019, EU trade chief tells Euronews<br \/>\n  <\/h2>\n<\/div>\n<\/article>\n<article id=\"abe-2913469-pos3-adaptive-latest_video\" class=\"the-media-object the-media-object--bordered-mobile-only m-modeMobile-2 m-modeDesktop-1 m-modeXL-1 the-media-object--has-video\" data-nid=\"2913469\" data-cid=\"9854519\" data-part-label=\"Partner content\">\n<figure id=\"abe-2913469-label-pos3-adaptive-latest_video\" class=\"the-media-object__figure\"><img decoding=\"async\" class=\"the-media-object__image\" src=\"https:\/\/images.euronews.com\/articles\/stories\/09\/85\/45\/19\/320x180_cmsv2_60f90c36-9c8d-508e-bae6-ac6da5b1f044-9854519.jpg\" loading=\"lazy\" alt=\"Kaja Kalas, EU High Representative for Foreign Affairs\" height=\"9\" width=\"16\"><\/figure>\n<div class=\"the-media-object__content\">\n                    Europe Today<\/p>\n<h2 class=\"the-media-object__title u-color-white u-color-hover-grey \">\n<p>    Europe Today: EU foreign ministers meet as Germany attributes drone attack to Russia<br \/>\n  <\/h2>\n<\/div>\n<\/article>\n<article id=\"abe-2922412-pos4-adaptive-latest_video\" class=\"the-media-object the-media-object--bordered-mobile-only m-modeMobile-2 m-modeDesktop-1 m-modeXL-1 the-media-object--has-video\" data-nid=\"2922412\" data-cid=\"9897973\" data-part-label=\"Partner content\">\n<figure id=\"abe-2922412-label-pos4-adaptive-latest_video\" class=\"the-media-object__figure\"><img decoding=\"async\" class=\"the-media-object__image\" src=\"https:\/\/images.euronews.com\/articles\/stories\/09\/89\/79\/73\/320x180_cmsv2_2eccce17-08d1-58e1-af61-8c9826a9d8ff-9897973.jpg\" loading=\"lazy\" alt=\"FILE - Venezuela&apos;s acting President Delcy Rodr\u00edguez speaks during a press conference in Caracas, Venezuela, on July 2, 2026.\" height=\"9\" width=\"16\"><\/figure>\n<div class=\"the-media-object__content\">\n                    Economy<\/p>\n<h2 class=\"the-media-object__title u-color-white u-color-hover-grey \">\n<p>    Venezuela hands the US control over a fifth of its oil in landmark deal<br \/>\n  <\/h2>\n<\/div>\n<\/article>\n<article id=\"abe-2922380-pos5-adaptive-latest_video\" class=\"the-media-object the-media-object--bordered-mobile-only m-modeMobile-2 m-modeDesktop-1 m-modeXL-1 the-media-object--has-video\" data-nid=\"2922380\" data-cid=\"9897853\" data-part-label=\"Partner content\">\n<figure id=\"abe-2922380-label-pos5-adaptive-latest_video\" class=\"the-media-object__figure\"><img decoding=\"async\" class=\"the-media-object__image\" src=\"https:\/\/images.euronews.com\/articles\/stories\/09\/89\/78\/53\/320x180_cmsv2_f101a443-ad21-5404-b7c8-ecc211c7a119-9897853.jpg\" loading=\"lazy\" alt=\"Prosecutor points to Tyler Robinson as he begins his closing arguments in the preliminary hearing into Charlie Kirk&apos;s assassination, in Provo, Utah, Tuesday, 1 September, 2026\" height=\"9\" width=\"16\"><\/figure>\n<div class=\"the-media-object__content\">\n                    USA<\/p>\n<h2 class=\"the-media-object__title u-color-white u-color-hover-grey \">\n<p>    Tyler Robinson pleads not guilty as judge clears path for death penalty in Charlie Kirk assassination case<br \/>\n  <\/h2>\n<\/div>\n<\/article>\n<article id=\"abe-2922274-pos6-adaptive-latest_video\" class=\"the-media-object the-media-object--bordered-mobile-only m-modeMobile-2 m-modeDesktop-1 m-modeXL-1 the-media-object--has-video\" data-nid=\"2922274\" data-cid=\"9897330\" data-part-label=\"Partner content\">\n<figure id=\"abe-2922274-label-pos6-adaptive-latest_video\" class=\"the-media-object__figure\"><img decoding=\"async\" class=\"the-media-object__image\" src=\"https:\/\/images.euronews.com\/articles\/stories\/09\/89\/73\/30\/320x180_cmsv2_215cfc58-e735-5acc-8d2a-38fd1599aa6c-9897330.jpg\" loading=\"lazy\" alt=\"The Ravenswood Generating Station in the Queens borough of New York, Aug. 27, 2025. \" height=\"9\" width=\"16\"><\/figure>\n<div class=\"the-media-object__content\">\n                    Climate<\/p>\n<h2 class=\"the-media-object__title u-color-white u-color-hover-grey \">\n<p>    \u2018Paradox of progress\u2019: What it will take to turn renewables boom into a real drop in emissions<br \/>\n  <\/h2>\n<\/div>\n<\/article>\n<article id=\"abe-2922371-pos7-adaptive-latest_video\" class=\"the-media-object the-media-object--bordered-mobile-only m-modeMobile-2 m-modeDesktop-1 m-modeXL-1 the-media-object--has-video\" data-nid=\"2922371\" data-cid=\"9897805\" data-part-label=\"Partner content\">\n<figure id=\"abe-2922371-label-pos7-adaptive-latest_video\" class=\"the-media-object__figure\"><img decoding=\"async\" class=\"the-media-object__image\" src=\"https:\/\/images.euronews.com\/articles\/stories\/09\/89\/78\/05\/320x180_cmsv2_00578d5b-2f7a-5600-9a87-217432ff1ce2-9897805.jpg\" loading=\"lazy\" alt=\"Hong Kong activist and supporters hold signs during a press event to support pro-democracy activist Joshua Wong in Taipei, Taiwan, Wednesday, 2 September, 2026\" height=\"9\" width=\"16\"><\/figure>\n<div class=\"the-media-object__content\">\n                    China<\/p>\n<h2 class=\"the-media-object__title u-color-white u-color-hover-grey \">\n<p>    Prominent pro-democracy Hong Kong activist Joshua Wong pleads guilty in second national security law case<br \/>\n  <\/h2>\n<\/div>\n<\/article>\n<article id=\"abe-2922337-pos8-adaptive-latest_video\" class=\"the-media-object the-media-object--bordered-mobile-only m-modeMobile-2 m-modeDesktop-1 m-modeXL-1 the-media-object--has-video\" data-nid=\"2922337\" data-cid=\"9897683\" data-part-label=\"Partner content\">\n<figure id=\"abe-2922337-label-pos8-adaptive-latest_video\" class=\"the-media-object__figure\"><img decoding=\"async\" class=\"the-media-object__image\" src=\"https:\/\/images.euronews.com\/articles\/stories\/09\/89\/76\/83\/320x180_cmsv2_e3fedda6-5a39-57ba-a670-4ea90a86de6f-9897683.jpg\" loading=\"lazy\" alt=\"FILE: Iranian domestically built missiles are displayed by the armed forces in front of the Azadi monument in Tehran, 29 July 2026\" height=\"9\" width=\"16\"><\/figure>\n<div class=\"the-media-object__content\">\n                    Iran<\/p>\n<h2 class=\"the-media-object__title u-color-white u-color-hover-grey \">\n<p>    US launches new strikes in southern Iran, Tehran responds with attacks across region<br \/>\n  <\/h2>\n<\/div>\n<\/article>\n<article id=\"abe-2922218-pos9-adaptive-latest_video\" class=\"the-media-object the-media-object--bordered-mobile-only m-modeMobile-2 m-modeDesktop-1 m-modeXL-1 the-media-object--has-video\" data-nid=\"2922218\" data-cid=\"9897089\" data-part-label=\"Partner content\">\n<figure id=\"abe-2922218-label-pos9-adaptive-latest_video\" class=\"the-media-object__figure\"><img decoding=\"async\" class=\"the-media-object__image\" src=\"https:\/\/images.euronews.com\/articles\/stories\/09\/89\/70\/89\/320x180_cmsv2_b0717919-8eca-558c-8d13-eb82e3b851c2-9897089.jpg\" loading=\"lazy\" alt=\"A view of the opening ceremony of the World Nomad Games, in Bishkek, Kyrgyzstan\" height=\"9\" width=\"16\"><\/figure>\n<div class=\"the-media-object__content\">\n                    No Comment<\/p>\n<h2 class=\"the-media-object__title u-color-white u-color-hover-grey \">\n<p>    World Nomad Games bring ancient traditions to life in Kyrgyzstan<br \/>\n  <\/h2>\n<\/div>\n<\/article>\n<article id=\"abe-2922225-pos10-adaptive-latest_video\" class=\"the-media-object the-media-object--bordered-mobile-only m-modeMobile-2 m-modeDesktop-1 m-modeXL-1 the-media-object--has-video\" data-nid=\"2922225\" data-cid=\"9897121\" data-part-label=\"Partner content\">\n<figure id=\"abe-2922225-label-pos10-adaptive-latest_video\" class=\"the-media-object__figure\"><img decoding=\"async\" class=\"the-media-object__image\" src=\"https:\/\/images.euronews.com\/articles\/stories\/09\/89\/71\/21\/320x180_cmsv2_8945049b-ebb9-5329-94b2-c46ca404f786-9897121.jpg\" loading=\"lazy\" alt=\"Families in Kathmandu post photos of missing relatives after Nepal floods kill more than 1,000 people, with thousands still unaccounted for.\" height=\"9\" width=\"16\"><\/figure>\n<div class=\"the-media-object__content\">\n                    No Comment<\/p>\n<h2 class=\"the-media-object__title u-color-white u-color-hover-grey \">\n<p>    Nepal families post photos of missing relatives on Kathmandu hospital wall<br \/>\n  <\/h2>\n<\/div>\n<\/article>\n<article id=\"abe-2921916-pos11-adaptive-latest_video\" class=\"the-media-object the-media-object--bordered-mobile-only m-modeMobile-2 m-modeDesktop-1 m-modeXL-1 the-media-object--has-video\" data-nid=\"2921916\" data-cid=\"9895601\" data-part-label=\"Partner content\">\n<figure id=\"abe-2921916-label-pos11-adaptive-latest_video\" class=\"the-media-object__figure\"><img decoding=\"async\" class=\"the-media-object__image\" src=\"https:\/\/images.euronews.com\/articles\/stories\/09\/89\/56\/01\/320x180_cmsv2_b2ce9185-9b9f-5786-b569-9830fc03a2e3-9895601.jpg\" loading=\"lazy\" alt=\"FILE - Klaus Michael Kuehne, majority owner of Kuehne and Nagel, during a press conference in Hanover. Oct. 12, 2008. (AP Photo\/Joerg Sarb)\" height=\"9\" width=\"16\"><\/figure>\n<div class=\"the-media-object__content\">\n                    Business<\/p>\n<h2 class=\"the-media-object__title u-color-white u-color-hover-grey \">\n<p>    The death of Germany&#8217;s richest man creates one of Europe&#8217;s biggest foundations<br \/>\n  <\/h2>\n<\/div>\n<\/article>\n<article id=\"abe-2922155-pos12-adaptive-latest_video\" class=\"the-media-object the-media-object--bordered-mobile-only m-modeMobile-2 m-modeDesktop-1 m-modeXL-1 the-media-object--has-video\" data-nid=\"2922155\" data-cid=\"9896750\" data-part-label=\"Partner content\">\n<figure id=\"abe-2922155-label-pos12-adaptive-latest_video\" class=\"the-media-object__figure\"><img decoding=\"async\" class=\"the-media-object__image\" src=\"https:\/\/images.euronews.com\/articles\/stories\/09\/89\/67\/50\/320x180_cmsv2_b78e4742-71a9-5baa-8827-ba81a1032b59-9896750.jpg\" loading=\"lazy\" alt=\"Israeli airstrikes killed at least five Palestinians in Gaza City on Monday, according to hospital officials and rescuers, amid ongoing violence.\" height=\"9\" width=\"16\"><\/figure>\n<div class=\"the-media-object__content\">\n                    No Comment<\/p>\n<h2 class=\"the-media-object__title u-color-white u-color-hover-grey \">\n<p>    Israeli airstrikes kill at least five palestinians in Gaza City<br \/>\n  <\/h2>\n<\/div>\n<\/article>\n<article id=\"abe-2913850-pos13-adaptive-latest_video\" class=\"the-media-object the-media-object--bordered-mobile-only m-modeMobile-2 m-modeDesktop-1 m-modeXL-1 the-media-object--has-video\" data-nid=\"2913850\" data-cid=\"9856446\" data-part-label=\"Partner content\">\n<figure id=\"abe-2913850-label-pos13-adaptive-latest_video\" class=\"the-media-object__figure\"><img decoding=\"async\" class=\"the-media-object__image\" src=\"https:\/\/images.euronews.com\/articles\/stories\/09\/85\/64\/46\/320x180_cmsv2_daf2e739-4066-5688-a92d-1fda0ac8117c-9856446.jpg\" loading=\"lazy\" alt=\"\u00a9\" height=\"9\" width=\"16\"><\/figure>\n<div class=\"the-media-object__content\">\n                    World<\/p>\n<h2 class=\"the-media-object__title u-color-white u-color-hover-grey \">\n<p>    Fake goods, real danger: the \u20ac83 billion business behind Europe&#8217;s illicit trade<br \/>\n  <\/h2>\n<\/div>\n<\/article>\n<article id=\"abe-2920927-pos14-adaptive-latest_video\" class=\"the-media-object the-media-object--bordered-mobile-only m-modeMobile-2 m-modeDesktop-1 m-modeXL-1 the-media-object--has-video\" data-nid=\"2920927\" data-cid=\"9890820\" data-part-label=\"Partner content\">\n<figure id=\"abe-2920927-label-pos14-adaptive-latest_video\" class=\"the-media-object__figure\"><img decoding=\"async\" class=\"the-media-object__image\" src=\"https:\/\/images.euronews.com\/articles\/stories\/09\/89\/08\/20\/320x180_cmsv2_870b7577-63de-5d56-9b7c-965bba685dd3-9890820.jpg\" loading=\"lazy\" alt=\"\u00a9\" height=\"9\" width=\"16\"><\/figure>\n<div class=\"the-media-object__content\">\n                    Focus<\/p>\n<h2 class=\"the-media-object__title u-color-white u-color-hover-grey \">\n<p>    Kazakhstan enters a new political era after historic parliamentary reform<br \/>\n  <\/h2>\n<\/div>\n<\/article>\n<article id=\"abe-2912952-pos15-adaptive-latest_video\" class=\"the-media-object the-media-object--bordered-mobile-only m-modeMobile-2 m-modeDesktop-1 m-modeXL-1 the-media-object--has-video\" data-nid=\"2912952\" data-cid=\"9852052\" data-part-label=\"Partner content\">\n<figure id=\"abe-2912952-label-pos15-adaptive-latest_video\" class=\"the-media-object__figure\"><img decoding=\"async\" class=\"the-media-object__image\" src=\"https:\/\/images.euronews.com\/articles\/stories\/09\/85\/20\/52\/320x180_cmsv2_48788c09-d28d-565b-b357-05ac6eddcbab-9852052.jpg\" loading=\"lazy\" alt=\"\u00a9\" height=\"9\" width=\"16\"><\/figure>\n<div class=\"the-media-object__content\">\n                    Explore<\/p>\n<h2 class=\"the-media-object__title u-color-white u-color-hover-grey \">\n<p>    In \u00c7anakkale, Troy&#8217;s ruins and Bozcaada&#8217;s vineyards trace one long history<br \/>\n  <\/h2>\n<\/div>\n<\/article>\n<article id=\"abe-2915386-pos16-adaptive-latest_video\" class=\"the-media-object the-media-object--bordered-mobile-only m-modeMobile-2 m-modeDesktop-1 m-modeXL-1 the-media-object--has-video\" data-nid=\"2915386\" data-cid=\"9863650\" data-part-label=\"Partner content\">\n<figure id=\"abe-2915386-label-pos16-adaptive-latest_video\" class=\"the-media-object__figure\"><img decoding=\"async\" class=\"the-media-object__image\" src=\"https:\/\/images.euronews.com\/articles\/stories\/09\/86\/36\/50\/320x180_cmsv2_eb5df937-ed5e-538f-a939-a94fbc1a1ea5-9863650.jpg\" loading=\"lazy\" alt=\"\u00a9\" height=\"9\" width=\"16\"><\/figure>\n<div class=\"the-media-object__content\">\n                    Silk Road Adventures<\/p>\n<h2 class=\"the-media-object__title u-color-white u-color-hover-grey \">\n<p>    From Earth to table: following Uzbekistan&#8217;s seasonal harvests<br \/>\n  <\/h2>\n<\/div>\n<\/article>\n<p>[analyse_source url=&#8221;https:\/\/www.euronews.com\/video\/2026\/09\/02\/von-der-leyen-russian-drone-incidents-in-europe-are-the-new-normal&#8221;]<\/p>\n","protected":false},"excerpt":{"rendered":"<p>[analyse_image type=&#8221;featured&#8221; src=&#8221;https:\/\/images.euronews.com\/articles\/stories\/09\/89\/83\/87\/1200x675_cmsv2_6fb03c82-dc10-5a3e-825c-70acfbc68290-9898387.jpg&#8221;] Europe News Spain in disarray over leaked reports about Morocco\u2019s role in Ceuta The Ring The surge of the far-right &#8211; who is to blame? MEPs clash in The Ring Europe News Swiss rave shooting suspect reportedly had &#8216;psychological problems&#8217; Travel News Frecciarossa starts trials for new links to Munich from Milan [&hellip;]<\/p>\n","protected":false},"author":1,"featured_media":0,"comment_status":"open","ping_status":"","sticky":false,"template":"","format":"standard","meta":{"footnotes":""},"categories":[90],"tags":[226,36],"class_list":["post-2125039","post","type-post","status-publish","format-standard","hentry","category-international","tag-crawlmanager","tag-euronews-com"],"_links":{"self":[{"href":"https:\/\/analyse.optim.biz\/index.php?rest_route=\/wp\/v2\/posts\/2125039","targetHints":{"allow":["GET"]}}],"collection":[{"href":"https:\/\/analyse.optim.biz\/index.php?rest_route=\/wp\/v2\/posts"}],"about":[{"href":"https:\/\/analyse.optim.biz\/index.php?rest_route=\/wp\/v2\/types\/post"}],"author":[{"embeddable":true,"href":"https:\/\/analyse.optim.biz\/index.php?rest_route=\/wp\/v2\/users\/1"}],"replies":[{"embeddable":true,"href":"https:\/\/analyse.optim.biz\/index.php?rest_route=%2Fwp%2Fv2%2Fcomments&post=2125039"}],"version-history":[{"count":0,"href":"https:\/\/analyse.optim.biz\/index.php?rest_route=\/wp\/v2\/posts\/2125039\/revisions"}],"wp:attachment":[{"href":"https:\/\/analyse.optim.biz\/index.php?rest_route=%2Fwp%2Fv2%2Fmedia&parent=2125039"}],"wp:term":[{"taxonomy":"category","embeddable":true,"href":"https:\/\/analyse.optim.biz\/index.php?rest_route=%2Fwp%2Fv2%2Fcategories&post=2125039"},{"taxonomy":"post_tag","embeddable":true,"href":"https:\/\/analyse.optim.biz\/index.php?rest_route=%2Fwp%2Fv2%2Ftags&post=2125039"}],"curies":[{"name":"wp","href":"https:\/\/api.w.org\/{rel}","templated":true}]}}