{"id":2125036,"date":"2026-09-02T14:25:13","date_gmt":"2026-09-02T11:25:13","guid":{"rendered":"https:\/\/analyse.optim.biz\/?p=2125036"},"modified":"2026-09-02T14:25:13","modified_gmt":"2026-09-02T11:25:13","slug":"nicusor-dan-il-primeste-joi-la-cotroceni-pe-presedintele-consiliului-european-antonio-costa","status":"publish","type":"post","link":"https:\/\/analyse.optim.biz\/?p=2125036","title":{"rendered":"Nicu\u0219or Dan \u00eel prime\u0219te joi la Cotroceni pe pre\u0219edintele Consiliului European, Ant\u00f3nio Costa"},"content":{"rendered":"<p>[analyse_image type=&#8221;featured&#8221; src=&#8221;https:\/\/cdn.adh.reperio.news\/image-2\/21c17e04-2c90-49f2-94a4-3188d610a4e0\/index.jpeg?p=f%3Djpeg%26w%3D1200%26h%3D630%26r%3Dcover&#8221;]<\/p>\n<article class=\"svelte-x63bga\">\n<nav>\n<ul class=\"breadcrump svelte-1pk9a69\">\n<li class=\"svelte-1pk9a69\"><a href=\"https:\/\/adevarul.ro\/\" title=\"Adev\u0103rul\" class=\"svelte-1pk9a69\">Home<\/a><\/li>\n<li class=\"svelte-1pk9a69\"><a href=\"https:\/\/adevarul.ro\/politica\" class=\"svelte-1pk9a69\">Politic\u0103<\/a><\/li>\n<li class=\"svelte-1pk9a69\"><a href=\"https:\/\/adevarul.ro\/politica\/nicusor-dan-il-primeste-joi-la-cotroceni-pe-2553682.html\" class=\"svelte-1pk9a69\">Nicu\u0219or Dan \u00eel prime\u0219te joi la Cotroceni pe pre\u0219edintele Consiliului European, Ant\u00f3nio Costa<\/a><\/li>\n<\/ul>\n<\/nav>\n<p><main class=\"svelte-x63bga\"><\/p>\n<p>Pre\u0219edintele Nicu\u0219or Dan \u00eel va primi joi, 3 septembrie, la Palatul Cotroceni, pe pre\u0219edintele Consiliului European, Ant\u00f3nio Costa.<\/p>\n<div class=\"container-image  svelte-1xbw4f3\"><source type=\"image\/webp\" srcset=\"https:\/\/cdn.adh.reperio.news\/image-2\/21c17e04-2c90-49f2-94a4-3188d610a4e0\/index.jpeg?p=a%3D1%26co%3D1.05%26w%3D1400%26h%3D750%26r%3Dcontain%26f%3Dwebp 1400w\" media=\"(min-width: 1400px)\" \/><\/p>\n<div class=\"caption svelte-1xbw4f3\"><span class=\"captionText svelte-1xbw4f3\">Nicu\u0219or Dan \u0219i Ant\u00f3nio Costa <span class=\"source svelte-1xbw4f3\">Foto: Facebook\/Nicu\u0219or Dan<\/span><\/span><\/div>\n<\/div>\n<p>Potrivit Administra\u021biei Preziden\u021biale, programul \u00eent\u00e2lnirii include primirea \u00een Holul de Onoare \u0219i o fotografie oficial\u0103, convorbiri t\u00eate-\u00e0-t\u00eate, urmate de discu\u021bii oficiale \u0219i declara\u021bii de pres\u0103 comune.<\/p>\n<p><a href=\"https:\/\/adevarul.ro\/politica\/nicusor-dan-si-antonio-costa-discutii-cruciale-2469498.html\">\u0218eful statului l-a primit la Cotroceni pe pre\u0219edintele Consiliului European \u0219i anul trecut<\/a>, tot pe 3 septembrie. La acea vreme, cei doi au discutat despre securitatea Europei, rolul Rom\u00e2niei pe flancul estic, situa\u021bia din Marea Neagr\u0103, r\u0103zboiul hibrid \u0219i mecanismul SAFE, precum \u0219i despre bugetul UE \u0219i parteneriatele globale.  <\/p>\n<p><i>\u201eTr\u0103im o perioad\u0103 complicat\u0103 \u00een Europa, iar securitatea european\u0103 este extrem de important\u0103.<\/i><\/p>\n<p><i>Am discutat despre situa\u021bia de securitate, Rom\u00e2nia afl\u00e2ndu-se \u00een flancul estic. Printre provoc\u0103rile abordate s-au num\u0103rat Marea Neagr\u0103 \u0219i strategia UE pentru aceast\u0103 regiune, precum \u0219i rolul pe care sper\u0103m s\u0103-l gestion\u0103m \u00een zona M\u0103rii Negre.<\/i><\/p>\n<p><i>Am discutat despre r\u0103zboiul hibrid din aceste zile, despre solidaritatea european\u0103 \u0219i despre mecanismul SAFE, care ajut\u0103 Europa s\u0103-\u0219i ia securitatea \u00een propriile m\u00e2ini. Am abordat negocierile privind bugetul UE, direc\u021biile de coeziune \u0219i agricultur\u0103, dar \u0219i necesitatea ca \u021b\u0103rile mai pu\u021bin dezvoltate s\u0103 aib\u0103 oportunitatea de a-\u0219i dezvolta propriile economii \u00een cadrul sec\u021biunii de competitivitate\u201d\u00a0<\/i>a declarat pre\u0219edintele Rom\u00e2niei, Nicu\u0219or Dan, la acea vreme.<\/p>\n<p><\/main><\/p>\n<footer class=\"svelte-x63bga\">\n<div class=\"related-wrap related-footer svelte-78g0vl\"><span class=\"related-label svelte-78g0vl\">Cite\u0219te \u0219i<\/span><a class=\"related svelte-78g0vl\" data-gtrack=\"{&quot;event&quot;:&quot;utm_click&quot;,&quot;data&quot;:{&quot;event_category&quot;:&quot;article_related&quot;}}\" href=\"https:\/\/adevarul.ro\/politica\/nicusor-dan-si-antonio-costa-discutii-cruciale-2469498.html\" title=\"Alt articol de interes pentru tine\"><img decoding=\"async\" class=\"thumb svelte-78g0vl\" src=\"https:\/\/cdn.adh.reperio.news\/image-c\/ce3d5709-7cf2-41b6-a61a-1c2cb2b8898c\/index.png?p=f%3Dwebp%26w%3D120%26h%3D80%26r%3Dcover%26a%3D0\" alt loading=\"lazy\" width=\"80\" height=\"54\"><span class=\"title svelte-78g0vl\">Nicu\u0219or Dan \u0219i Antonio Costa, discu\u021bii cruciale despre securitatea european\u0103 \u0219i Marea Neagr\u0103: \u201eTr\u0103im o perioad\u0103 complicat\u0103 \u00een Europa\u201d<\/span><\/a><a class=\"related svelte-78g0vl\" data-gtrack=\"{&quot;event&quot;:&quot;utm_click&quot;,&quot;data&quot;:{&quot;event_category&quot;:&quot;article_related&quot;}}\" href=\"https:\/\/adevarul.ro\/politica\/surse-pe-cine-vrea-nicusor-dan-la-externe-si-2553344.html\" title=\"Alt articol de interes pentru tine\"><img decoding=\"async\" class=\"thumb svelte-78g0vl\" src=\"https:\/\/cdn.adh.reperio.news\/image-c\/c1e73cf2-8a1a-40b7-a920-4524f77aad53\/index.jpeg?p=f%3Dwebp%26w%3D120%26h%3D80%26r%3Dcover%26a%3D0\" alt loading=\"lazy\" width=\"80\" height=\"54\"><span class=\"title svelte-78g0vl\">SURSE Pe cine vrea Nicu\u0219or Dan la Externe \u0219i Ap\u0103rare. USR, din nou \u00een fa\u021ba unei mari dileme <\/span><\/a><a class=\"related svelte-78g0vl\" data-gtrack=\"{&quot;event&quot;:&quot;utm_click&quot;,&quot;data&quot;:{&quot;event_category&quot;:&quot;article_related&quot;}}\" href=\"https:\/\/adevarul.ro\/stiri-interne\/evenimente\/nicusor-dan-a-semnat-eliberarea-din-functie-a-lui-2553496.html\" title=\"Alt articol de interes pentru tine\"><img decoding=\"async\" class=\"thumb svelte-78g0vl\" src=\"https:\/\/cdn.adh.reperio.news\/image-8\/88dd16ce-78cf-44f0-a8dd-f4108a475f1f\/index.jpeg?p=f%3Dwebp%26w%3D120%26h%3D80%26r%3Dcover%26a%3D0\" alt loading=\"lazy\" width=\"80\" height=\"54\"><span class=\"title svelte-78g0vl\">Nicu\u0219or Dan a semnat eliberarea din func\u021bie a lui Vasile Dr\u0103ghici, unul dintre procurorii din dosarul \u201eFlota\u201d, \u00een care a fost trimis \u00een judecat\u0103 Traian B\u0103sescu<\/span><\/a><\/div>\n<div class=\"meta svelte-x63bga\">\n<div class=\"authors svelte-x63bga\"><span class=\"names svelte-x63bga\"><a href=\"https:\/\/adevarul.ro\/author\/2070\" rel=\"author\" class=\"svelte-x63bga\">Narcis Ghiurca<\/a><\/span><\/p>\n<div class=\"_hydratable\" data-props=\"%7B%22showLive%22%3Atrue%7D\" data-context=\"%7B%22parentBlockColumnCount%22%3A%7B%22value%22%3A0%2C%22type%22%3A%22store%2Freadable%22%7D%2C%22parentBlockBackgroundColor%22%3A%7B%22type%22%3A%22store%2Freadable%22%7D%7D\" data-component=\"ShareButton\">\n<div class=\"shareButtons svelte-itwbrr\">\n<div class=\"liveSessions metaFont svelte-1maxmbf\"><span class=\"value svelte-1maxmbf\">1<\/span> live <\/div>\n<\/div>\n<\/div>\n<\/div>\n<div class=\"tags svelte-1l3vwp1\"><span class=\"tags-label metaFont svelte-1l3vwp1\">Cite\u0219te mai multe despre<\/span><\/p>\n<div class=\"tags-list svelte-1l3vwp1\"><a href=\"https:\/\/adevarul.ro\/tag\/nicusor%20dan\" title=\"Ultimele \u0219tiri despre nicusor dan\" class=\"tag-pill svelte-1l3vwp1\">nicusor dan<\/a><a href=\"https:\/\/adevarul.ro\/tag\/cotroceni\" title=\"Ultimele \u0219tiri despre cotroceni\" class=\"tag-pill svelte-1l3vwp1\">cotroceni<\/a><a href=\"https:\/\/adevarul.ro\/tag\/antonio%20costa\" title=\"Ultimele \u0219tiri despre antonio costa\" class=\"tag-pill svelte-1l3vwp1\">antonio costa<\/a><\/div>\n<\/div>\n<\/div>\n<p><a class=\"moreFromCategory svelte-x63bga\" href=\"https:\/\/adevarul.ro\/politica\" title=\"Politic\u0103\">Mai multe din <strong class=\"svelte-x63bga\">Politic\u0103<\/strong> \u203a<\/a><\/footer>\n<\/article>\n<p>[analyse_source url=&#8221;https:\/\/adevarul.ro\/politica\/nicusor-dan-il-primeste-joi-la-cotroceni-pe-2553682.html&#8221;]<\/p>\n","protected":false},"excerpt":{"rendered":"<p>[analyse_image type=&#8221;featured&#8221; src=&#8221;https:\/\/cdn.adh.reperio.news\/image-2\/21c17e04-2c90-49f2-94a4-3188d610a4e0\/index.jpeg?p=f%3Djpeg%26w%3D1200%26h%3D630%26r%3Dcover&#8221;] Home Politic\u0103 Nicu\u0219or Dan \u00eel prime\u0219te joi la Cotroceni pe pre\u0219edintele Consiliului European, Ant\u00f3nio Costa Pre\u0219edintele Nicu\u0219or Dan \u00eel va primi joi, 3 septembrie, la Palatul Cotroceni, pe pre\u0219edintele Consiliului European, Ant\u00f3nio Costa. Nicu\u0219or Dan \u0219i Ant\u00f3nio Costa Foto: Facebook\/Nicu\u0219or Dan Potrivit Administra\u021biei Preziden\u021biale, programul \u00eent\u00e2lnirii include primirea \u00een Holul de Onoare [&hellip;]<\/p>\n","protected":false},"author":1,"featured_media":0,"comment_status":"open","ping_status":"","sticky":false,"template":"","format":"standard","meta":{"footnotes":""},"categories":[89],"tags":[19,226],"class_list":["post-2125036","post","type-post","status-publish","format-standard","hentry","category-romania","tag-adevarul","tag-crawlmanager"],"_links":{"self":[{"href":"https:\/\/analyse.optim.biz\/index.php?rest_route=\/wp\/v2\/posts\/2125036","targetHints":{"allow":["GET"]}}],"collection":[{"href":"https:\/\/analyse.optim.biz\/index.php?rest_route=\/wp\/v2\/posts"}],"about":[{"href":"https:\/\/analyse.optim.biz\/index.php?rest_route=\/wp\/v2\/types\/post"}],"author":[{"embeddable":true,"href":"https:\/\/analyse.optim.biz\/index.php?rest_route=\/wp\/v2\/users\/1"}],"replies":[{"embeddable":true,"href":"https:\/\/analyse.optim.biz\/index.php?rest_route=%2Fwp%2Fv2%2Fcomments&post=2125036"}],"version-history":[{"count":0,"href":"https:\/\/analyse.optim.biz\/index.php?rest_route=\/wp\/v2\/posts\/2125036\/revisions"}],"wp:attachment":[{"href":"https:\/\/analyse.optim.biz\/index.php?rest_route=%2Fwp%2Fv2%2Fmedia&parent=2125036"}],"wp:term":[{"taxonomy":"category","embeddable":true,"href":"https:\/\/analyse.optim.biz\/index.php?rest_route=%2Fwp%2Fv2%2Fcategories&post=2125036"},{"taxonomy":"post_tag","embeddable":true,"href":"https:\/\/analyse.optim.biz\/index.php?rest_route=%2Fwp%2Fv2%2Ftags&post=2125036"}],"curies":[{"name":"wp","href":"https:\/\/api.w.org\/{rel}","templated":true}]}}