{"id":2125033,"date":"2026-09-02T17:09:50","date_gmt":"2026-09-02T14:09:50","guid":{"rendered":"https:\/\/analyse.optim.biz\/?p=2125033"},"modified":"2026-09-02T17:09:50","modified_gmt":"2026-09-02T14:09:50","slug":"ministerul-educatiei-peste-7-800-de-posturi-de-conducere-in-scoli-scoase-la-concurs-cand-incep","status":"publish","type":"post","link":"https:\/\/analyse.optim.biz\/?p=2125033","title":{"rendered":"Ministerul Educa\u021biei: Peste 7.800 de posturi de conducere \u00een \u0219coli, scoase la concurs. C\u00e2nd \u00eencep&#8230;"},"content":{"rendered":"<p>[analyse_image type=&#8221;featured&#8221; src=&#8221;https:\/\/s.iw.ro\/gateway\/g\/ZmlsZVNvdXJjZT1odHRwJTNBJTJGJTJG\/c3RvcmFnZTA4dHJhbnNjb2Rlci5yY3Mt\/cmRzLnJvJTJGc3RvcmFnZSUyRjIwMjYl\/MkYwNyUyRjAzJTJGMjgzMDgwM18yODMw\/ODAzX21paGFpLWRpbWlhbi5qcGcmdz0x\/MjAwJmg9NjMwJnpjPTEmaGFzaD01YTE3\/ZDMwYjE0YTg2NWEyMGY0YjY5MWM1ZjVjODA3Zg==.thumb.jpg&#8221;]<\/p>\n<div class=\"entry data-app-meta data-app-meta-article\" data-embed-base-url-canonical=\"https:\/\/www.digi24.ro\/embed\/stiri\/actualitate\/educatie\/ministerul-educatiei-peste-7-800-de-posturi-de-conducere-in-scoli-scoase-la-concurs-cand-incep-inscrierile-3932675\">\n<p data-index=\"1\"><strong>Ministerul Educa\u021biei a \u00eenceput procedurile pentru organizarea concursului prin care vor fi ocupate peste 7.800 de posturi vacante de director \u0219i director adjunct \u00een unit\u0103\u021bile de \u00eenv\u0103\u021b\u0103m\u00e2nt preuniversitar de stat. Dosarele de \u00eenscriere vor putea fi depuse \u00een perioada 14 septembrie \u2013 2 octombrie, iar rezultatele finale vor fi afi\u0219ate pe 9 decembrie.<\/strong><\/p>\n<p data-index=\"2\">Potrivit Ministerului Educa\u0163iei, la concursul pentru ocuparea func\u0163iei de director sau de director adjunct \u00een unit\u0103\u0163ile de \u00eenv\u0103\u0163\u0103m\u00e2nt preuniversitar de stat pot participa cadrele didactice titulare \u00een \u00eenv\u0103\u0163\u0103m\u00e2ntul preuniversitar, cu o vechime \u00een \u00eenv\u0103\u0163\u0103m\u00e2nt de minimum cinci ani. Toate condi\u0163iile care trebuie \u00eendeplinite cumulativ pentru \u00eenscrierea la concurs sunt prezentate \u00een metodologie.<\/p>\n<p data-index=\"3\">Prevederile se aplic\u0103 unit\u0103\u0163ilor de \u00eenv\u0103\u0163\u0103m\u00e2nt preuniversitar de stat, inclusiv unit\u0103\u0163ilor de \u00eenv\u0103\u0163\u0103m\u00e2nt special \u015fi centrelor \u015fcolare pentru educa\u0163ie incluziv\u0103.<\/p>\n<p data-index=\"4\">\u201e\u00cei \u00eendemn pe to\u0163i colegii care au experien\u0163a, competen\u0163a \u015fi dorin\u0163a necesare pentru a conduce o unitate de \u00eenv\u0103\u0163\u0103m\u00e2nt s\u0103 se preg\u0103teasc\u0103 \u015fi s\u0103 participe la concursul pentru cele peste 7.800 de posturi vacante pentru func\u0163iile de director \u015fi director adjunct. \u015etiu c\u0103 un astfel de concurs presupune un efort considerabil, dar \u015fcoala rom\u00e2neasc\u0103 are nevoie de oameni care s\u0103 ocupe func\u0163iile de conducere prin competen\u0163\u0103 demonstrat\u0103 \u00een cadrul unui concurs, nu prin prelungirea la nesf\u00e2r\u015fit a unor solu\u0163ii temporare\u201d, a transmis ministrul Educa\u0163iei, Mihai Dimian.<\/p>\n<blockquote>\n<p data-index=\"5\">Un mandat ob\u0163inut prin concurs \u00eenseamn\u0103 stabilitate, predictibilitate \u015fi legitimitate \u00een exercitarea func\u0163iei. \u00censeamn\u0103 posibilitatea de a construi un proiect managerial pe termen lung. Cred c\u0103 trebuie s\u0103 ie\u015fim din cultura provizoratului.<\/p>\n<\/blockquote>\n<p data-index=\"6\">\u201eUn sistem de educa\u0163ie stabil are nevoie de directori stabili, selecta\u0163i prin concurs, care s\u0103 aib\u0103 autoritatea \u015fi timpul necesare pentru a-\u015fi pune \u00een aplicare proiectele pentru institu\u0163ia pe care o conduc\u201d, a ad\u0103ugat ministrul Educa\u0163iei.<\/p>\n<p data-index=\"7\">El a men\u0163ionat c\u0103 ministerul a preg\u0103tit legisla\u0163ia necesar\u0103 pentru desf\u0103\u015furarea acestui concurs, c\u0103 etapele administrative au \u00eenceput deja \u015fi c\u0103 sper\u0103 ca procesul s\u0103 continue, indiferent cine va fi la conducerea institu\u0163iei.<\/p>\n<p data-index=\"8\">\u201e\u015ei, pentru c\u0103 este nevoie de profesionalizarea managementului, reamintesc faptul c\u0103, \u00een cadrul investi\u0163iei \u00abFormarea personalului de conducere din domeniul educa\u0163iei\u00bb, din PNRR, au fost formate peste 10.000 de cadre didactice \u00een management educa\u0163ional. Mesajul meu c\u0103tre colegii din sistemul preuniversitar este simplu: preg\u0103ti\u0163i-v\u0103 \u015fi participa\u0163i la concurs!\u201d, a ar\u0103tat Dimian.<\/p>\n<p data-index=\"9\">Conform calendarului de desf\u0103\u015furare a concursului, dosarele de \u00eenscriere vor fi depuse \u00een perioada 14 septembrie \u2013 2 octombrie. Proba de evaluare a competen\u0163elor, \u00een cadrul c\u0103reia vor fi testate capacit\u0103\u0163ile \u015fi aptitudinile personale ale candidatului, precum \u015fi afi\u015farea rezultatelor acesteia vor avea loc pe 13 octombrie. Proba scris\u0103 \u015fi afi\u015farea rezultatelor acesteia sunt programate pe 20 octombrie.<\/p>\n<p data-index=\"10\">Evaluarea administrativ\u0103 a proiectelor de planuri manageriale \u015fi a proiectelor de planuri de ac\u0163iune de c\u0103tre comisiile de interviu este programat\u0103 \u00een perioada 21 octombrie \u2013 4 noiembrie, iar proba de interviu se va desf\u0103\u015fura \u00een perioada 12\u201327 noiembrie.<\/p>\n<p data-index=\"11\">Rezultatele finale ale concursului vor fi afi\u015fate pe 9 decembrie.<\/p>\n<p data-index=\"12\">Documentele necesare \u00eenscrierii la concurs se \u00eencarc\u0103 \u00een aplica\u0163ia informatic\u0103 dedicat\u0103.<\/p>\n<p data-index=\"13\">\u00cen cadrul probei de evaluare a competen\u0163elor sunt testate capacit\u0103\u0163ile \u015fi aptitudinile personale ale candidatului. Evaluarea se realizeaz\u0103 prin intermediul platformei informatice. La proba scris\u0103 sunt evaluate cuno\u015ftin\u0163ele de management \u015fi legisla\u0163ie \u015fcolar\u0103. Evaluarea se realizeaz\u0103 automat, prin intermediul platformei informatice.<\/p>\n<p data-index=\"14\">Subiectele pentru aceste dou\u0103 probe sunt elaborate de Centrul Na\u0163ional pentru Curriculum \u015fi Evaluare \u015fi de Institutul pentru \u015etiin\u0163ele Educa\u0163iei, \u00een colaborare cu exper\u0163i \u00een domeniul \u015ftiin\u0163elor educa\u0163iei \u015fi speciali\u015fti \u00een psihometrie.<\/p>\n<p data-index=\"15\">Proba de interviu presupune evaluarea administrativ\u0103 a proiectului managerial \u015fi a planului de ac\u0163iune realizate de candidat pentru unitatea de \u00eenv\u0103\u0163\u0103m\u00e2nt la care candideaz\u0103, evaluarea capacit\u0103\u0163ilor \u015fi aptitudinilor personale, a competen\u0163elor digitale \u015fi a abilit\u0103\u0163ilor de rezolvare a unor situa\u0163ii-problem\u0103, precum \u015fi evaluarea calit\u0103\u0163ii sus\u0163inerii planului managerial.<\/p>\n<p> Editor : <a href=\"https:\/\/www.digi24.ro\/autor\/stefania-apostol\"> \u0218.A. <\/a><\/p>\n<\/div>\n<p>[analyse_source url=&#8221;https:\/\/www.digi24.ro\/stiri\/actualitate\/educatie\/ministerul-educatiei-peste-7-800-de-posturi-de-conducere-in-scoli-scoase-la-concurs-cand-incep-inscrierile-3932675&#8243;]<\/p>\n","protected":false},"excerpt":{"rendered":"<p>[analyse_image type=&#8221;featured&#8221; src=&#8221;https:\/\/s.iw.ro\/gateway\/g\/ZmlsZVNvdXJjZT1odHRwJTNBJTJGJTJG\/c3RvcmFnZTA4dHJhbnNjb2Rlci5yY3Mt\/cmRzLnJvJTJGc3RvcmFnZSUyRjIwMjYl\/MkYwNyUyRjAzJTJGMjgzMDgwM18yODMw\/ODAzX21paGFpLWRpbWlhbi5qcGcmdz0x\/MjAwJmg9NjMwJnpjPTEmaGFzaD01YTE3\/ZDMwYjE0YTg2NWEyMGY0YjY5MWM1ZjVjODA3Zg==.thumb.jpg&#8221;] Ministerul Educa\u021biei a \u00eenceput procedurile pentru organizarea concursului prin care vor fi ocupate peste 7.800 de posturi vacante de director \u0219i director adjunct \u00een unit\u0103\u021bile de \u00eenv\u0103\u021b\u0103m\u00e2nt preuniversitar de stat. Dosarele de \u00eenscriere vor putea fi depuse \u00een perioada 14 septembrie \u2013 2 octombrie, iar rezultatele finale vor fi afi\u0219ate pe 9 [&hellip;]<\/p>\n","protected":false},"author":1,"featured_media":0,"comment_status":"open","ping_status":"","sticky":false,"template":"","format":"standard","meta":{"footnotes":""},"categories":[89],"tags":[226,11],"class_list":["post-2125033","post","type-post","status-publish","format-standard","hentry","category-romania","tag-crawlmanager","tag-digi24"],"_links":{"self":[{"href":"https:\/\/analyse.optim.biz\/index.php?rest_route=\/wp\/v2\/posts\/2125033","targetHints":{"allow":["GET"]}}],"collection":[{"href":"https:\/\/analyse.optim.biz\/index.php?rest_route=\/wp\/v2\/posts"}],"about":[{"href":"https:\/\/analyse.optim.biz\/index.php?rest_route=\/wp\/v2\/types\/post"}],"author":[{"embeddable":true,"href":"https:\/\/analyse.optim.biz\/index.php?rest_route=\/wp\/v2\/users\/1"}],"replies":[{"embeddable":true,"href":"https:\/\/analyse.optim.biz\/index.php?rest_route=%2Fwp%2Fv2%2Fcomments&post=2125033"}],"version-history":[{"count":0,"href":"https:\/\/analyse.optim.biz\/index.php?rest_route=\/wp\/v2\/posts\/2125033\/revisions"}],"wp:attachment":[{"href":"https:\/\/analyse.optim.biz\/index.php?rest_route=%2Fwp%2Fv2%2Fmedia&parent=2125033"}],"wp:term":[{"taxonomy":"category","embeddable":true,"href":"https:\/\/analyse.optim.biz\/index.php?rest_route=%2Fwp%2Fv2%2Fcategories&post=2125033"},{"taxonomy":"post_tag","embeddable":true,"href":"https:\/\/analyse.optim.biz\/index.php?rest_route=%2Fwp%2Fv2%2Ftags&post=2125033"}],"curies":[{"name":"wp","href":"https:\/\/api.w.org\/{rel}","templated":true}]}}