{"id":2125023,"date":"2026-09-02T12:16:23","date_gmt":"2026-09-02T09:16:23","guid":{"rendered":"https:\/\/analyse.optim.biz\/?p=2125023"},"modified":"2026-09-02T12:16:23","modified_gmt":"2026-09-02T09:16:23","slug":"grindeanu-critica-boicotul-usr-si-pnl-din-camera-deputatilor-cand-rezultatul-nu-le-mai-convine-este-in","status":"publish","type":"post","link":"https:\/\/analyse.optim.biz\/?p=2125023","title":{"rendered":"Grindeanu critic\u0103 boicotul USR \u0219i PNL din Camera Deputa\u021bilor: \u201eC\u00e2nd rezultatul nu le mai convine, este \u00een&#8230;"},"content":{"rendered":"<p>[analyse_image type=&#8221;featured&#8221; src=&#8221;https:\/\/cdn.adh.reperio.news\/image-3\/3f015907-9743-4754-8b1b-247261a2c159\/index.jpeg?p=f%3Djpeg%26w%3D1200%26h%3D630%26r%3Dcover&#8221;]<\/p>\n<article class=\"svelte-x63bga\">\n<nav>\n<ul class=\"breadcrump svelte-1pk9a69\">\n<li class=\"svelte-1pk9a69\"><a href=\"https:\/\/adevarul.ro\/\" title=\"Adev\u0103rul\" class=\"svelte-1pk9a69\">Home<\/a><\/li>\n<li class=\"svelte-1pk9a69\"><a href=\"https:\/\/adevarul.ro\/politica\" class=\"svelte-1pk9a69\">Politic\u0103<\/a><\/li>\n<li class=\"svelte-1pk9a69\"><a href=\"https:\/\/adevarul.ro\/politica\/grindeanu-critica-boicotul-usr-si-pnl-din-camera-2553648.html\" class=\"svelte-1pk9a69\">Grindeanu critic\u0103 boicotul USR \u0219i PNL din Camera Deputa\u021bilor: \u201eC\u00e2nd rezultatul nu le mai convine, este \u00een pericol chiar democra\u021bia!\u201d<\/a><\/li>\n<\/ul>\n<\/nav>\n<p><main class=\"svelte-x63bga\"><\/p>\n<p>Pre\u0219edintele PSD, Sorin Grindeanu, i-a atacat miercuri, 2 septembrie, pe reprezentan\u021bii PNL \u0219i USR, dup\u0103 ce cele dou\u0103 partide au boicotat activitatea Camerei Deputa\u021bilor. Grindeanu \u00eei acuz\u0103 c\u0103, atunci c\u00e2nd rezultatul politic nu le este favorabil, \u201eeste \u00een pericol chiar democra\u021bia\u201d.<\/p>\n<div class=\"container-image  svelte-1xbw4f3\"><source type=\"image\/webp\" srcset=\"https:\/\/cdn.adh.reperio.news\/image-3\/3f015907-9743-4754-8b1b-247261a2c159\/index.jpeg?p=a%3D1%26co%3D1.05%26w%3D1400%26h%3D750%26r%3Dcontain%26f%3Dwebp 1400w\" media=\"(min-width: 1400px)\" \/><\/p>\n<div class=\"caption svelte-1xbw4f3\"><span class=\"captionText svelte-1xbw4f3\">Sorin Grindeanu <span class=\"source svelte-1xbw4f3\">Foto: Inquam Photos\/Sabin C\u00eerstoveanu<\/span><\/span><\/div>\n<\/div>\n<p><i>\u201eRom\u00e2nia nu are un Guvern. PNL \u0219i USR au \u00eens\u0103 alte urgen\u021be: func\u021biile, banii \u0219i puterea. Au pierdut c\u00e2te un post \u00een conducerea Camerei Deputa\u021bilor \u0219i au declan\u0219at circul: boicot, acuza\u021bii, alian\u021be inventate peste noapte \u0219i, brusc, democra\u021bia este pus\u0103 \u00een pericol. Totul pentru dou\u0103 func\u021bii.<\/i><\/p>\n<p><i>PSD a pierdut, la r\u00e2ndul s\u0103u, o func\u021bie \u00een conducerea Senatului. Nu a blocat Parlamentul \u0219i nu a inventat o criz\u0103 politic\u0103 pentru un post \u00een minus\u201d,<\/i> transmite acesta.<\/p>\n<p>Pre\u0219edintele Camerei Deputa\u021bilor a acuzat cele dou\u0103 partide de <i>\u201eminciun\u0103 ridicat\u0103 la rang de argument, dublul standard transformat \u00een principiu \u0219i lipsa de responsabilitate prezentat\u0103 drept reform\u0103\u201d.<\/i><\/p>\n<p><i>\u201eC\u00e2nd rezultatul nu le mai convine este \u00een pericol chiar democra\u021bia! Dac\u0103 tot vorbesc despre alian\u021be, despre care alian\u021b\u0103 vorbesc? Despre cea cu partidul din mila c\u0103ruia domnul Bolojan \u00ee\u0219i prelunge\u0219te abuziv \u0219ederea \u00een scaunul de premier, dup\u0103 ce Guvernul s\u0103u a fost demis de Parlament?\u201d<\/i><\/p>\n<p>Nu \u00een ultimul r\u00e2nd, Grindeanu a transmis c\u0103 PSD \u00ee\u0219i dore\u0219te formarea unei majorit\u0103\u021bi parlamentare pentru a putea fi \u00eenvestit un nou Guvern, \u00een timp ce PNL \u0219i USR sunt preocupa\u021bi de pierderea func\u021biilor din Parlament.<\/p>\n<div class=\"raw-block\"><iframe loading=\"lazy\" src=\"https:\/\/www.facebook.com\/plugins\/post.php?href=https%3A%2F%2Fwww.facebook.com%2Fgrindeanusorin%2Fposts%2Fpfbid02dG1n7KtLTKATnmtzHSNWG9ffFgcAdJ5ECyxJ3vnPC5TBZFFxtjGKpHvDeVSYxiBHl&amp;show_text=true&amp;width=390\" width=\"500\" height=\"297\" frameborder allowfullscreen=\"true\" allow=\"autoplay; clipboard-write; encrypted-media; picture-in-picture; web-share\" class=\"facebook-iframe\"><\/iframe><\/div>\n<p>Miercuri,\u00a0<a href=\"https:\/\/adevarul.ro\/politica\/scandalul-continua-in-parlament-usr-si-pnl-2553578.html\">USR \u015fi PNL au anun\u021bat c\u0103 nu particip\u0103 la activit\u0103\u021bile plenului<\/a>, comisiilor \u0219i Biroului Permanent, \u00een semn de protest fa\u021b\u0103 de modul \u00een care au fost \u00eemp\u0103r\u021bite func\u021biile din conducerea Camerei.<\/p>\n<p><a href=\"https:\/\/adevarul.ro\/politica\/parlamentul-isi-reia-activitatea-in-a-doua-sesiune-2553280.html\" target=\"_blank\">Scandalul<\/a>\u00a0a pornit de la repartizarea func\u021biilor din Biroul Permanent, dup\u0103 ce pe lista pentru func\u021biile de vicepre\u0219edin\u021bi, secretari \u0219i chestori nu s-au mai reg\u0103sit c\u00e2te un reprezentant al PNL \u0219i al USR. Cele dou\u0103 forma\u021biuni au p\u0103r\u0103sit atunci dezbaterile \u0219i au anun\u021bat c\u0103\u00a0<a href=\"https:\/\/adevarul.ro\/politica\/usr-si-pnl-contesta-la-ccr-schimbarea-la-varful-2553462.html\" target=\"_blank\">vor contesta decizia\u00a0<\/a>la Curtea Constitu\u021bional\u0103.\u00a0\u00a0<\/p>\n<p><i>\u201eVom boicota ast\u0103zi toate activit\u0103\u021bile parlamentare, cu excep\u021bia activit\u0103\u021bilor de la grup. Nu vom fi prezen\u021bi \u00een \u0219edin\u021ba Camerei Deputa\u021bilor, la votul final, la \u0219edin\u021bele comisiilor, la \u0219edin\u021ba Biroului permanent \u0219i nici la \u0219edin\u021ba Comitetului liderilor\u201d,<\/i>\u00a0a declarat deputatul PNL Gabriel Andronache.<\/p>\n<p>Liberalul a criticat \u0219i includerea pe ordinea de zi a unor proiecte privind sistemul judiciar, ini\u021biate de USR.<\/p>\n<p><\/main><\/p>\n<footer class=\"svelte-x63bga\">\n<div class=\"related-wrap related-footer svelte-78g0vl\"><span class=\"related-label svelte-78g0vl\">Cite\u0219te \u0219i<\/span><a class=\"related svelte-78g0vl\" data-gtrack=\"{&quot;event&quot;:&quot;utm_click&quot;,&quot;data&quot;:{&quot;event_category&quot;:&quot;article_related&quot;}}\" href=\"https:\/\/adevarul.ro\/politica\/pnl-nu-va-sustine-un-guvern-din-care-face-parte-2553412.html\" title=\"Alt articol de interes pentru tine\"><img decoding=\"async\" class=\"thumb svelte-78g0vl\" src=\"https:\/\/cdn.adh.reperio.news\/image-0\/01c5878e-2ff4-469f-ad62-01324713becb\/index.png?p=f%3Dwebp%26w%3D120%26h%3D80%26r%3Dcover%26a%3D0\" alt loading=\"lazy\" width=\"80\" height=\"54\"><span class=\"title svelte-78g0vl\">PNL nu va sus\u0163ine un guvern din care face parte PSD. Mircea Abrudean anun\u021b\u0103 c\u0103 liberalii sunt preg\u0103ti\u021bi s\u0103 treac\u0103 \u00een opozi\u0163ie <\/span><\/a><a class=\"related svelte-78g0vl\" data-gtrack=\"{&quot;event&quot;:&quot;utm_click&quot;,&quot;data&quot;:{&quot;event_category&quot;:&quot;article_related&quot;}}\" href=\"https:\/\/adevarul.ro\/politica\/usr-si-pnl-contesta-la-ccr-schimbarea-la-varful-2553462.html\" title=\"Alt articol de interes pentru tine\"><img decoding=\"async\" class=\"thumb svelte-78g0vl\" src=\"https:\/\/cdn.adh.reperio.news\/image-e\/e339d201-e592-4869-b11d-5b1967c7ecd2\/index.jpeg?p=f%3Dwebp%26w%3D120%26h%3D80%26r%3Dcover%26a%3D0\" alt loading=\"lazy\" width=\"80\" height=\"54\"><span class=\"title svelte-78g0vl\">USR \u0219i PNL contest\u0103 la CCR schimbarea la v\u00e2rful Camerei Deputa\u021bilor. \u201eS-a creat o majoritate toxic\u0103 \u00een Parlament: PSD \u0219i extremi\u0219tii.\u201d<\/span><\/a><a class=\"related svelte-78g0vl\" data-gtrack=\"{&quot;event&quot;:&quot;utm_click&quot;,&quot;data&quot;:{&quot;event_category&quot;:&quot;article_related&quot;}}\" href=\"https:\/\/adevarul.ro\/politica\/george-simion-cere-revenirea-la-urne-romania-are-2553632.html\" title=\"Alt articol de interes pentru tine\"><img decoding=\"async\" class=\"thumb svelte-78g0vl\" src=\"https:\/\/cdn.adh.reperio.news\/image-b\/b48c1073-beb3-41c9-a907-e6be7137be07\/index.png?p=f%3Dwebp%26w%3D120%26h%3D80%26r%3Dcover%26a%3D0\" alt loading=\"lazy\" width=\"80\" height=\"54\"><span class=\"title svelte-78g0vl\">George Simion cere revenirea la urne: \u201eRom\u00e2nia are nevoie de o majoritate parlamentar\u0103 stabil\u0103 \u0219i de un guvern pe urm\u0103torii patru ani\u201d<\/span><\/a><\/div>\n<div class=\"meta svelte-x63bga\">\n<div class=\"authors svelte-x63bga\"><span class=\"names svelte-x63bga\"><a href=\"https:\/\/adevarul.ro\/author\/2070\" rel=\"author\" class=\"svelte-x63bga\">Narcis Ghiurca<\/a><\/span><\/p>\n<div class=\"_hydratable\" data-props=\"%7B%22showLive%22%3Atrue%7D\" data-context=\"%7B%22parentBlockColumnCount%22%3A%7B%22value%22%3A0%2C%22type%22%3A%22store%2Freadable%22%7D%2C%22parentBlockBackgroundColor%22%3A%7B%22type%22%3A%22store%2Freadable%22%7D%7D\" data-component=\"ShareButton\">\n<div class=\"shareButtons svelte-itwbrr\">\n<div class=\"liveSessions metaFont svelte-1maxmbf\"><span class=\"value svelte-1maxmbf\">1<\/span> live <\/div>\n<\/div>\n<\/div>\n<\/div>\n<div class=\"tags svelte-1l3vwp1\"><span class=\"tags-label metaFont svelte-1l3vwp1\">Cite\u0219te mai multe despre<\/span><\/p>\n<div class=\"tags-list svelte-1l3vwp1\"><a href=\"https:\/\/adevarul.ro\/tag\/pnl\" title=\"Ultimele \u0219tiri despre pnl\" class=\"tag-pill svelte-1l3vwp1\">pnl<\/a><a href=\"https:\/\/adevarul.ro\/tag\/usr\" title=\"Ultimele \u0219tiri despre usr\" class=\"tag-pill svelte-1l3vwp1\">usr<\/a><a href=\"https:\/\/adevarul.ro\/tag\/sorin%20grindeanu\" title=\"Ultimele \u0219tiri despre sorin grindeanu\" class=\"tag-pill svelte-1l3vwp1\">sorin grindeanu<\/a><a href=\"https:\/\/adevarul.ro\/tag\/criza%20politica%202026\" title=\"Ultimele \u0219tiri despre criza politica 2026\" class=\"tag-pill svelte-1l3vwp1\">criza politica 2026<\/a><\/div>\n<\/div>\n<\/div>\n<p><a class=\"moreFromCategory svelte-x63bga\" href=\"https:\/\/adevarul.ro\/politica\" title=\"Politic\u0103\">Mai multe din <strong class=\"svelte-x63bga\">Politic\u0103<\/strong> \u203a<\/a><\/footer>\n<\/article>\n<p>[analyse_source url=&#8221;https:\/\/adevarul.ro\/politica\/grindeanu-critica-boicotul-usr-si-pnl-din-camera-2553648.html&#8221;]<\/p>\n","protected":false},"excerpt":{"rendered":"<p>[analyse_image type=&#8221;featured&#8221; src=&#8221;https:\/\/cdn.adh.reperio.news\/image-3\/3f015907-9743-4754-8b1b-247261a2c159\/index.jpeg?p=f%3Djpeg%26w%3D1200%26h%3D630%26r%3Dcover&#8221;] Home Politic\u0103 Grindeanu critic\u0103 boicotul USR \u0219i PNL din Camera Deputa\u021bilor: \u201eC\u00e2nd rezultatul nu le mai convine, este \u00een pericol chiar democra\u021bia!\u201d Pre\u0219edintele PSD, Sorin Grindeanu, i-a atacat miercuri, 2 septembrie, pe reprezentan\u021bii PNL \u0219i USR, dup\u0103 ce cele dou\u0103 partide au boicotat activitatea Camerei Deputa\u021bilor. Grindeanu \u00eei acuz\u0103 c\u0103, atunci c\u00e2nd [&hellip;]<\/p>\n","protected":false},"author":1,"featured_media":0,"comment_status":"open","ping_status":"","sticky":false,"template":"","format":"standard","meta":{"footnotes":""},"categories":[89],"tags":[19,226],"class_list":["post-2125023","post","type-post","status-publish","format-standard","hentry","category-romania","tag-adevarul","tag-crawlmanager"],"_links":{"self":[{"href":"https:\/\/analyse.optim.biz\/index.php?rest_route=\/wp\/v2\/posts\/2125023","targetHints":{"allow":["GET"]}}],"collection":[{"href":"https:\/\/analyse.optim.biz\/index.php?rest_route=\/wp\/v2\/posts"}],"about":[{"href":"https:\/\/analyse.optim.biz\/index.php?rest_route=\/wp\/v2\/types\/post"}],"author":[{"embeddable":true,"href":"https:\/\/analyse.optim.biz\/index.php?rest_route=\/wp\/v2\/users\/1"}],"replies":[{"embeddable":true,"href":"https:\/\/analyse.optim.biz\/index.php?rest_route=%2Fwp%2Fv2%2Fcomments&post=2125023"}],"version-history":[{"count":0,"href":"https:\/\/analyse.optim.biz\/index.php?rest_route=\/wp\/v2\/posts\/2125023\/revisions"}],"wp:attachment":[{"href":"https:\/\/analyse.optim.biz\/index.php?rest_route=%2Fwp%2Fv2%2Fmedia&parent=2125023"}],"wp:term":[{"taxonomy":"category","embeddable":true,"href":"https:\/\/analyse.optim.biz\/index.php?rest_route=%2Fwp%2Fv2%2Fcategories&post=2125023"},{"taxonomy":"post_tag","embeddable":true,"href":"https:\/\/analyse.optim.biz\/index.php?rest_route=%2Fwp%2Fv2%2Ftags&post=2125023"}],"curies":[{"name":"wp","href":"https:\/\/api.w.org\/{rel}","templated":true}]}}