{"id":2125016,"date":"2026-09-02T11:35:52","date_gmt":"2026-09-02T08:35:52","guid":{"rendered":"https:\/\/analyse.optim.biz\/?p=2125016"},"modified":"2026-09-02T11:35:52","modified_gmt":"2026-09-02T08:35:52","slug":"george-simion-cere-revenirea-la-urne-romania-are-nevoie-de-o-majoritate-parlamentara-stabila-si-de-un","status":"publish","type":"post","link":"https:\/\/analyse.optim.biz\/?p=2125016","title":{"rendered":"George Simion cere revenirea la urne: \u201eRom\u00e2nia are nevoie de o majoritate parlamentar\u0103 stabil\u0103 \u0219i de un&#8230;"},"content":{"rendered":"<p>[analyse_image type=&#8221;featured&#8221; src=&#8221;https:\/\/cdn.adh.reperio.news\/image-b\/b48c1073-beb3-41c9-a907-e6be7137be07\/index.png?p=f%3Djpeg%26w%3D1200%26h%3D630%26r%3Dcover&#8221;]<\/p>\n<article class=\"svelte-x63bga\">\n<nav>\n<ul class=\"breadcrump svelte-1pk9a69\">\n<li class=\"svelte-1pk9a69\"><a href=\"https:\/\/adevarul.ro\/\" title=\"Adev\u0103rul\" class=\"svelte-1pk9a69\">Home<\/a><\/li>\n<li class=\"svelte-1pk9a69\"><a href=\"https:\/\/adevarul.ro\/politica\" class=\"svelte-1pk9a69\">Politic\u0103<\/a><\/li>\n<li class=\"svelte-1pk9a69\"><a href=\"https:\/\/adevarul.ro\/politica\/george-simion-cere-revenirea-la-urne-romania-are-2553632.html\" class=\"svelte-1pk9a69\">George Simion cere revenirea la urne: \u201eRom\u00e2nia are nevoie de o majoritate parlamentar\u0103 stabil\u0103 \u0219i de un guvern pe urm\u0103torii patru ani\u201d<\/a><\/li>\n<\/ul>\n<\/nav>\n<p><main class=\"svelte-x63bga\"><\/p>\n<p>Liderul AUR, George Simion, cere miercuri, 2 septembrie, dep\u0103\u0219irea rapid\u0103 a blocajului politic \u0219i sus\u021bine c\u0103 Rom\u00e2nia are nevoie fie de un guvern sus\u021binut de o majoritate parlamentar\u0103 stabil\u0103, fie de organizarea unor noi alegeri. AUR acuz\u0103 partidele aflate la guvernare c\u0103 men\u021bin Rom\u00e2nia \u00eentr-un <i>\u201eprovizorat politic\u201d.<\/i><\/p>\n<div class=\"container-image  svelte-1xbw4f3\"><source type=\"image\/webp\" srcset=\"https:\/\/cdn.adh.reperio.news\/image-b\/b48c1073-beb3-41c9-a907-e6be7137be07\/index.png?p=a%3D1%26co%3D1.05%26w%3D1400%26h%3D741%26r%3Dcontain%26f%3Dwebp 1400w\" media=\"(min-width: 1400px)\" \/><\/p>\n<div class=\"caption svelte-1xbw4f3\"><span class=\"captionText svelte-1xbw4f3\">Simion cere dep\u0103\u0219irea rapid\u0103 a blocajului politic. <span class=\"source svelte-1xbw4f3\">Foto: captur\u0103 video Facebook<\/span><\/span><\/div>\n<\/div>\n<p><i>\u201eDac\u0103 vrem s\u0103 ie\u0219im din aceast\u0103 criz\u0103 economic\u0103, politic\u0103, social\u0103, avem nevoie de o majoritate parlamentar\u0103 stabil\u0103 \u0219i de un guvern pe urm\u0103torii patru ani. Orice guvern nu va face dec\u00e2t s\u0103 ad\u00e2nceasc\u0103 criza \u0219i nu va face via\u021ba rom\u00e2nilor mai bun\u0103\u201d,<\/i> a declarat George Simion, miercuri, 2 septembrie. <\/p>\n<p>Mesajul liderului AUR vine dup\u0103 ce partidul a publicat pe Facebook o postare intitulat\u0103<i> \u201e120 de zile f\u0103r\u0103 Guvern. Ei au r\u0103mas \u00een func\u021bii. Rom\u00e2nii au achitat nota de plat\u0103\u201d.<\/i> AUR sus\u021bine c\u0103 au trecut 120 de zile de la\u00a0<a href=\"https:\/\/adevarul.ro\/politica\/surse-bolojan-ii-schimba-pe-disidentii-din-pnl-din-2553398.html\">demiterea Guvernului Bolojan<\/a>\u00a0f\u0103r\u0103 ca Rom\u00e2nia s\u0103 aib\u0103 un Executiv cu puteri depline \u0219i acuz\u0103 autorit\u0103\u021bile c\u0103 au ratat termene \u0219i au am\u00e2nat decizii importante.<\/p>\n<p>Partidul afirm\u0103, printre altele, c\u0103 legea salariz\u0103rii nu a fost adoptat\u0103 \u0219i c\u0103 Rom\u00e2nia a pierdut miliarde de euro din PNRR. AUR mai sus\u021bine c\u0103 pre\u0219edintele Nicu\u0219or Dan, al\u0103turi de PSD, PNL, USR \u0219i UDMR, ar contribui la men\u021binerea blocajului politic.<\/p>\n<div class=\"raw-block\"><iframe loading=\"lazy\" src=\"https:\/\/www.facebook.com\/plugins\/post.php?href=https%3A%2F%2Fwww.facebook.com%2FpartidulAUR%2Fposts%2Fpfbid05diqzYFrzT2oDSoSbT6Df9jfGXhjbNKPzSyH5tyRSt4LTUKD6jEXLeTCGnVtxVS7l&amp;show_text=true&amp;width=390\" width=\"500\" height=\"737\" frameborder allowfullscreen=\"true\" allow=\"autoplay; clipboard-write; encrypted-media; picture-in-picture; web-share\" class=\"facebook-iframe\"><\/iframe><\/div>\n<p>Simion l-a criticat \u00een mod direct pe pre\u0219edintele Nicu\u0219or Dan pentru modul \u00een care au fost organizate consult\u0103rile politice pentru desemnarea premierului. <\/p>\n<p>Liderul AUR sus\u021bine c\u0103 \u0219eful statului nu ar fi trebuit s\u0103 exclud\u0103 niciun partid politic de la consult\u0103ri \u0219i acuz\u0103 Administra\u021bia Preziden\u021bial\u0103 c\u0103 nu a luat \u00een calcul propunerile AUR\u00a0<a href=\"https:\/\/adevarul.ro\/stiri-interne\/grindeanu-tomac-sau-nazare-cine-ajunge-premier-2553243.html\">pentru func\u021bia de prim-ministru.<\/a><\/p>\n<p><i>\u201eNicu\u0219or Dan \u00eencalc\u0103 Constitu\u021bia Rom\u00e2niei, la acele consult\u0103ri formale, informale. El trebuia s\u0103 nu exclud\u0103 niciun partid politic\u201d, <\/i>a spus Simion.<\/p>\n<p>Liderul AUR a avut critici \u0219i la adresa lui Ilie Bolojan, despre care spune c\u0103 ar fi trebuit s\u0103 p\u0103r\u0103seasc\u0103 func\u021bia dup\u0103 demiterea Guvernului. Simion sus\u021bine c\u0103 un ministru sau unul dintre vicepremieri ar putea asigura interimatul p\u00e2n\u0103 la formarea unui nou Executiv.<\/p>\n<p>O alt\u0103 tem\u0103 abordat\u0103 de liderul AUR a fost\u00a0<a href=\"https:\/\/adevarul.ro\/economie\/cat-au-indeplinit-statele-ue-din-pnrr-si-ce-2553351.html\">gestionarea Planului Na\u021bional de Redresare \u0219i Rezilien\u021b\u0103<\/a>\u00a0(PNRR). Simion acuz\u0103 fosta guvernare c\u0103 nu a gestionat corespunz\u0103tor PNRR \u0219i sus\u021bine c\u0103 Rom\u00e2nia a pierdut fonduri europene importante.<\/p>\n<p>\u00cen opinia sa, actualul impas politic nu poate fi rezolvat dec\u00e2t prin constituirea unei majorit\u0103\u021bi stabile sau prin alegeri.<\/p>\n<p><i>\u201ePentru c\u0103 \u00een mod clar nu exist\u0103 o majoritate, lucrul \u0103sta se va vedea \u0219i la votul care, oric\u00e2t ar vrea Nicu\u0219or Dan s\u0103-l \u00eent\u00e2rzie, noi ne dorim s\u0103 fie c\u00e2t mai rapid, a\u0219a este normal, a\u0219a este constitu\u021bional, tot \u00eel vom avea aici, \u00een Parlament. A\u0219a c\u0103, de\u0219i am obosit, spun c\u0103 trebuie s\u0103 ne \u00eentoarcem c\u00e2t mai repede la urne. Solu\u021bia este democra\u021bia, nu afundarea \u00een lovitura de stat, nu totalitarism\u201d,<\/i> a declarat George Simion.<\/p>\n<p><\/main><\/p>\n<footer class=\"svelte-x63bga\">\n<div class=\"related-wrap related-footer svelte-78g0vl\"><span class=\"related-label svelte-78g0vl\">Cite\u0219te \u0219i<\/span><a class=\"related svelte-78g0vl\" data-gtrack=\"{&quot;event&quot;:&quot;utm_click&quot;,&quot;data&quot;:{&quot;event_category&quot;:&quot;article_related&quot;}}\" href=\"https:\/\/adevarul.ro\/politica\/scandal-intre-aur-si-nicusor-dan-petrisor-peiu-il-2543335.html\" title=\"Alt articol de interes pentru tine\"><img decoding=\"async\" class=\"thumb svelte-78g0vl\" src=\"https:\/\/cdn.adh.reperio.news\/image-8\/8568cbdd-1cda-4193-85b2-2fcc7700366f\/index.jpeg?p=f%3Dwebp%26w%3D120%26h%3D80%26r%3Dcover%26a%3D0\" alt loading=\"lazy\" width=\"80\" height=\"54\"><span class=\"title svelte-78g0vl\">Scandal \u00eentre AUR \u0219i Nicu\u0219or Dan. Petri\u0219or Peiu \u00eel acuz\u0103 pe pre\u0219edinte c\u0103 vrea s\u0103 conduc\u0103 singur \u021bara. Simion cere anticipate<\/span><\/a><a class=\"related svelte-78g0vl\" data-gtrack=\"{&quot;event&quot;:&quot;utm_click&quot;,&quot;data&quot;:{&quot;event_category&quot;:&quot;article_related&quot;}}\" href=\"https:\/\/adevarul.ro\/politica\/george-simion-dezvaluiri-despre-negocierile-2545026.html\" title=\"Alt articol de interes pentru tine\"><img decoding=\"async\" class=\"thumb svelte-78g0vl\" src=\"https:\/\/cdn.adh.reperio.news\/image-b\/b1b6a48b-ecd7-4831-8b67-3f82eb9a27ce\/index.jpeg?p=f%3Dwebp%26w%3D120%26h%3D80%26r%3Dcover%26a%3D0\" alt loading=\"lazy\" width=\"80\" height=\"54\"><span class=\"title svelte-78g0vl\">George Simion, dezv\u0103luiri despre negocierile pentru Guvern: cum ar fi \u00eencercat Ve\u0219tea \u0219i Tomac s\u0103 rup\u0103 AUR<\/span><\/a><a class=\"related svelte-78g0vl\" data-gtrack=\"{&quot;event&quot;:&quot;utm_click&quot;,&quot;data&quot;:{&quot;event_category&quot;:&quot;article_related&quot;}}\" href=\"https:\/\/adevarul.ro\/politica\/cum-incearca-simion-sa-rupa-din-electoratul-lui-2552652.html\" title=\"Alt articol de interes pentru tine\"><img decoding=\"async\" class=\"thumb svelte-78g0vl\" src=\"https:\/\/cdn.adh.reperio.news\/image-0\/0e3de2fc-96d1-4348-8d50-f597347977f7\/index.jpeg?p=f%3Dwebp%26w%3D120%26h%3D80%26r%3Dcover%26a%3D0\" alt loading=\"lazy\" width=\"80\" height=\"54\"><span class=\"title svelte-78g0vl\">Cum \u00eencearc\u0103 Simion s\u0103 rup\u0103 din electoratul lui Nicu\u0219or Dan dup\u0103 scandalul Pahon\u021bu: \u201e\u00censcrie\u021bi-v\u0103 \u00een AUR sau m\u0103car semna\u021bi pentru demitere\u201d<\/span><\/a><\/div>\n<div class=\"meta svelte-x63bga\">\n<div class=\"authors svelte-x63bga\"><span class=\"names svelte-x63bga\"><a href=\"https:\/\/adevarul.ro\/author\/2086\" rel=\"author\" class=\"svelte-x63bga\">Oana Ababei<\/a><\/span><\/p>\n<div class=\"_hydratable\" data-props=\"%7B%22showLive%22%3Atrue%7D\" data-context=\"%7B%22parentBlockColumnCount%22%3A%7B%22value%22%3A0%2C%22type%22%3A%22store%2Freadable%22%7D%2C%22parentBlockBackgroundColor%22%3A%7B%22type%22%3A%22store%2Freadable%22%7D%7D\" data-component=\"ShareButton\">\n<div class=\"shareButtons svelte-itwbrr\">\n<div class=\"liveSessions metaFont svelte-1maxmbf\"><span class=\"value svelte-1maxmbf\">1<\/span> live <\/div>\n<\/div>\n<\/div>\n<\/div>\n<div class=\"tags svelte-1l3vwp1\"><span class=\"tags-label metaFont svelte-1l3vwp1\">Cite\u0219te mai multe despre<\/span><\/p>\n<div class=\"tags-list svelte-1l3vwp1\"><a href=\"https:\/\/adevarul.ro\/tag\/nicusor%20dan\" title=\"Ultimele \u0219tiri despre nicusor dan\" class=\"tag-pill svelte-1l3vwp1\">nicusor dan<\/a><a href=\"https:\/\/adevarul.ro\/tag\/aur\" title=\"Ultimele \u0219tiri despre aur\" class=\"tag-pill svelte-1l3vwp1\">aur<\/a><a href=\"https:\/\/adevarul.ro\/tag\/ilie%20bolojan\" title=\"Ultimele \u0219tiri despre ilie bolojan\" class=\"tag-pill svelte-1l3vwp1\">ilie bolojan<\/a><a href=\"https:\/\/adevarul.ro\/tag\/george%20simion\" title=\"Ultimele \u0219tiri despre george simion\" class=\"tag-pill svelte-1l3vwp1\">george simion<\/a><a href=\"https:\/\/adevarul.ro\/tag\/criza%20politica%202026\" title=\"Ultimele \u0219tiri despre criza politica 2026\" class=\"tag-pill svelte-1l3vwp1\">criza politica 2026<\/a><a href=\"https:\/\/adevarul.ro\/tag\/alegeri%20anticipate\" title=\"Ultimele \u0219tiri despre alegeri anticipate\" class=\"tag-pill svelte-1l3vwp1\">alegeri anticipate<\/a><a href=\"https:\/\/adevarul.ro\/tag\/liderul%20aur\" title=\"Ultimele \u0219tiri despre liderul aur\" class=\"tag-pill svelte-1l3vwp1\">liderul aur<\/a><\/div>\n<\/div>\n<\/div>\n<p><a class=\"moreFromCategory svelte-x63bga\" href=\"https:\/\/adevarul.ro\/politica\" title=\"Politic\u0103\">Mai multe din <strong class=\"svelte-x63bga\">Politic\u0103<\/strong> \u203a<\/a><\/footer>\n<\/article>\n<p>[analyse_source url=&#8221;https:\/\/adevarul.ro\/politica\/george-simion-cere-revenirea-la-urne-romania-are-2553632.html&#8221;]<\/p>\n","protected":false},"excerpt":{"rendered":"<p>[analyse_image type=&#8221;featured&#8221; src=&#8221;https:\/\/cdn.adh.reperio.news\/image-b\/b48c1073-beb3-41c9-a907-e6be7137be07\/index.png?p=f%3Djpeg%26w%3D1200%26h%3D630%26r%3Dcover&#8221;] Home Politic\u0103 George Simion cere revenirea la urne: \u201eRom\u00e2nia are nevoie de o majoritate parlamentar\u0103 stabil\u0103 \u0219i de un guvern pe urm\u0103torii patru ani\u201d Liderul AUR, George Simion, cere miercuri, 2 septembrie, dep\u0103\u0219irea rapid\u0103 a blocajului politic \u0219i sus\u021bine c\u0103 Rom\u00e2nia are nevoie fie de un guvern sus\u021binut de o majoritate parlamentar\u0103 [&hellip;]<\/p>\n","protected":false},"author":1,"featured_media":0,"comment_status":"open","ping_status":"","sticky":false,"template":"","format":"standard","meta":{"footnotes":""},"categories":[89],"tags":[19,226],"class_list":["post-2125016","post","type-post","status-publish","format-standard","hentry","category-romania","tag-adevarul","tag-crawlmanager"],"_links":{"self":[{"href":"https:\/\/analyse.optim.biz\/index.php?rest_route=\/wp\/v2\/posts\/2125016","targetHints":{"allow":["GET"]}}],"collection":[{"href":"https:\/\/analyse.optim.biz\/index.php?rest_route=\/wp\/v2\/posts"}],"about":[{"href":"https:\/\/analyse.optim.biz\/index.php?rest_route=\/wp\/v2\/types\/post"}],"author":[{"embeddable":true,"href":"https:\/\/analyse.optim.biz\/index.php?rest_route=\/wp\/v2\/users\/1"}],"replies":[{"embeddable":true,"href":"https:\/\/analyse.optim.biz\/index.php?rest_route=%2Fwp%2Fv2%2Fcomments&post=2125016"}],"version-history":[{"count":0,"href":"https:\/\/analyse.optim.biz\/index.php?rest_route=\/wp\/v2\/posts\/2125016\/revisions"}],"wp:attachment":[{"href":"https:\/\/analyse.optim.biz\/index.php?rest_route=%2Fwp%2Fv2%2Fmedia&parent=2125016"}],"wp:term":[{"taxonomy":"category","embeddable":true,"href":"https:\/\/analyse.optim.biz\/index.php?rest_route=%2Fwp%2Fv2%2Fcategories&post=2125016"},{"taxonomy":"post_tag","embeddable":true,"href":"https:\/\/analyse.optim.biz\/index.php?rest_route=%2Fwp%2Fv2%2Ftags&post=2125016"}],"curies":[{"name":"wp","href":"https:\/\/api.w.org\/{rel}","templated":true}]}}