{"id":2125010,"date":"2026-09-02T08:34:54","date_gmt":"2026-09-02T05:34:54","guid":{"rendered":"https:\/\/analyse.optim.biz\/?p=2125010"},"modified":"2026-09-02T08:34:54","modified_gmt":"2026-09-02T05:34:54","slug":"scandalul-continua-in-parlament-usr-si-pnl-boicoteaza-activitatea-camerei-deputatilor-noi-nu-vom-gira","status":"publish","type":"post","link":"https:\/\/analyse.optim.biz\/?p=2125010","title":{"rendered":"Scandalul continu\u0103 \u00een Parlament. USR \u015fi PNL boicoteaz\u0103 activitatea Camerei Deputa\u0163ilor. \u201eNoi nu vom gira&#8230;"},"content":{"rendered":"<p>[analyse_image type=&#8221;featured&#8221; src=&#8221;https:\/\/cdn.adh.reperio.news\/image-2\/22e6896f-0949-457e-9d73-aa8e5b3b03fa\/index.jpeg?p=f%3Djpeg%26w%3D1200%26h%3D630%26r%3Dcover&#8221;]<\/p>\n<article class=\"svelte-x63bga\">\n<nav>\n<ul class=\"breadcrump svelte-1pk9a69\">\n<li class=\"svelte-1pk9a69\"><a href=\"https:\/\/adevarul.ro\/\" title=\"Adev\u0103rul\" class=\"svelte-1pk9a69\">Home<\/a><\/li>\n<li class=\"svelte-1pk9a69\"><a href=\"https:\/\/adevarul.ro\/politica\" class=\"svelte-1pk9a69\">Politic\u0103<\/a><\/li>\n<li class=\"svelte-1pk9a69\"><a href=\"https:\/\/adevarul.ro\/politica\/scandalul-continua-in-parlament-usr-si-pnl-2553578.html\" class=\"svelte-1pk9a69\">Scandalul continu\u0103 \u00een Parlament. USR \u015fi PNL boicoteaz\u0103 activitatea Camerei Deputa\u0163ilor. \u201eNoi nu vom gira aceast\u0103 mizerie, acest abuz\u201d<\/a><\/li>\n<\/ul>\n<\/nav>\n<p><main class=\"svelte-x63bga\"><\/p>\n<p>USR \u015fi PNL au anun\u021bat<br \/>\nc\u0103 nu particip\u0103 la activit\u0103\u021bile plenului, comisiilor \u0219i Biroului Permanent, \u00een<br \/>\nsemn de protest fa\u021b\u0103 de modul \u00een care au fost \u00eemp\u0103r\u021bite func\u021biile din conducerea<br \/>\nCamerei.<\/p>\n<div class=\"container-image  svelte-1xbw4f3\"><source type=\"image\/webp\" srcset=\"https:\/\/cdn.adh.reperio.news\/image-2\/22e6896f-0949-457e-9d73-aa8e5b3b03fa\/index.jpeg?p=a%3D1%26co%3D1.05%26w%3D1400%26h%3D566%26r%3Dcontain%26f%3Dwebp 1400w\" media=\"(min-width: 1400px)\" \/><\/p>\n<div class=\"caption svelte-1xbw4f3\"><span class=\"captionText svelte-1xbw4f3\">USR \u015fi PNL boicoteaz\u0103activitatea din Camera Deputa\u0163ilor. <span class=\"source svelte-1xbw4f3\">Foto: Marian Iliescu<\/span><\/span><\/div>\n<\/div>\n<p>Noua sesiune<br \/>\nparlamentar\u0103, \u00eenceput\u0103 pe 1 septembrie, a venit cu tensiuni \u00eenc\u0103 din prima<br \/>\n\u0219edin\u021b\u0103 a Camerei Deputa\u021bilor. <a href=\"https:\/\/adevarul.ro\/politica\/parlamentul-isi-reia-activitatea-in-a-doua-sesiune-2553280.html\" target=\"_blank\">Scandalul<\/a> a pornit de la repartizarea func\u021biilor<br \/>\ndin Biroul Permanent, dup\u0103 ce pe lista pentru func\u021biile de vicepre\u0219edin\u021bi, secretari<br \/>\n\u0219i chestori nu s-au mai reg\u0103sit c\u00e2te un reprezentant al PNL \u0219i al USR. Cele<br \/>\ndou\u0103 forma\u021biuni au p\u0103r\u0103sit atunci dezbaterile \u0219i au anun\u021bat c\u0103 <a href=\"https:\/\/adevarul.ro\/politica\/usr-si-pnl-contesta-la-ccr-schimbarea-la-varful-2553462.html\" target=\"_blank\">vor contesta<br \/>\ndecizia <\/a>la Curtea Constitu\u021bional\u0103. <\/p>\n<p>Miercuri, 2<br \/>\nseptembrie, conflictul a continuat. PNL \u0219i USR au anun\u0163at c\u0103 au decis s\u0103<br \/>\nboicoteze votul final pentru noua structur\u0103 a Biroului Permanent din Camera<br \/>\nDeputa\u0163ilor, pe care o considere neconstitu\u0163ional\u0103.<\/p>\n<p>Liberalii \u0219i<br \/>\nreprezentan\u021bii USR au anun\u021bat c\u0103 nu vor participa la \u0219edin\u021ba plenului Camerei<br \/>\nDeputa\u021bilor \u0219i la votul final, dar nici la \u0219edin\u021bele comisiilor, ale Biroului<br \/>\nPermanent \u0219i ale Comitetului liderilor. Cele dou\u0103 partide \u00ee\u0219i vor desf\u0103\u0219ura \u00een<br \/>\ncontinuare activitatea \u00een cadrul propriilor grupuri parlamentare.<\/p>\n<p>Deputatul Gabriel<br \/>\nAndronache a confirmat boicotul \u0219i a explicat faptul c\u0103 liberalii protesteaz\u0103<br \/>\nfa\u021b\u0103 de modul \u00een care au fost \u00eemp\u0103r\u021bite <a href=\"https:\/\/adevarul.ro\/politica\/camera-deputatilor-si-a-ales-noul-birou-permanent-2553458.html\" target=\"_blank\">func\u021biile din Biroul Permanent.<\/a><\/p>\n<p><i>\u201eVom boicota ast\u0103zi toate activit\u0103\u021bile parlamentare, cu<br \/>\nexcep\u021bia activit\u0103\u021bilor de la grup. Nu vom fi prezen\u021bi \u00een \u0219edin\u021ba Camerei<br \/>\nDeputa\u021bilor, la votul final, la \u0219edin\u021bele comisiilor, la \u0219edin\u021ba Biroului<br \/>\npermanent \u0219i nici la \u0219edin\u021ba Comitetului liderilor\u201d,<\/i> a declarat Gabriel Andronache.<\/p>\n<p>Liberalul a criticat<br \/>\n\u0219i includerea pe ordinea de zi a unor proiecte privind sistemul judiciar,<br \/>\nini\u021biate de USR. <\/p>\n<p><i>\u201eProtest\u0103m fa\u021b\u0103 de modalitatea abuziv\u0103 prin care au<br \/>\n\u00een\u021beles s\u0103 nu respecte ceea ce s-a stabilit prin negociere la \u00eenceputul<br \/>\nlegislaturii. Totodat\u0103, vedem cum continu\u0103 abuzul, \u00een sensul \u00een care legi pe<br \/>\ncare colegii no\u0219tri din grupul parlamentar USR le-au promovat \u0219i care fac bine<br \/>\nconsolid\u0103rii independen\u021bei justi\u021biei sunt puse abuziv pe ordinea de zi \u0219i au fost<br \/>\nrespinse \u00een Comisia juridic\u0103\u201d,<\/i> a<br \/>\nmai spus el.<\/p>\n<h2>USR acuz\u0103 pe toat\u0103<br \/>\nlumea<\/h2>\n<p>Diana Stoica, deputat<br \/>\nUSR, a legat actualul conflict parlamentar de schimbarea Guvernului Bolojan \u0219i a<br \/>\nindicat ca principali vinova\u0163i pentru actuala criz\u0103 politic\u0103 PSD \u015fi AUR, \u00eens\u0103<br \/>\nnu i-a iertat nici pe cei care au votat, al\u0103turi de ace\u015ftia, noua structur\u0103 a<br \/>\nCamerei Deputa\u0163ilor.<\/p>\n<p><i>\u201eSe fac peste 120 de zile de c\u00e2nd PSD \u0219i AUR au dat jos<br \/>\nGuvernul Bolojan. Acela a fost \u00eenceputul acestui amant\u00e2lc, care ieri am v\u0103zut<br \/>\nc\u0103 s-a oficializat \u00een plenul Parlamentului, prin \u00eenc\u0103lcarea Constitu\u021biei \u0219i a<br \/>\nRegulamentului. Culmea, PSD \u0219i extremi\u0219tii au beneficiat \u0219i de votul UDMR \u0219i al<br \/>\nminorit\u0103\u021bilor \u00een acest abuz\u201d,<\/i> a<br \/>\ndeclarat Diana Stoica.<\/p>\n<p>Deputata sus\u021bine c\u0103,<br \/>\n\u00een timp ce PSD \u0219i AUR contest\u0103 sau blocheaz\u0103 anumite demersuri \u00een Parlament,<br \/>\nmini\u0219trii USR \u0219i PNL continu\u0103 s\u0103 fac\u0103 parte din guvernare.<\/p>\n<p><i>\u201eNoi, PNL \u0219i USR, asigur\u0103m guvernarea acestei \u021b\u0103ri de<br \/>\nc\u00e2nd PSD \u0219i AUR au f\u0103cut acest gest iresponsabil de a da jos un Guvern f\u0103r\u0103 a<br \/>\npune absolut nimic \u00een loc. Mini\u0219trii USR \u0219i mini\u0219trii PNL sunt cei care lupt\u0103<br \/>\npentru a \u00eembun\u0103t\u0103\u021bi via\u021ba rom\u00e2nilor, pentru c\u0103 nu suntem deloc \u00eentr-o situa\u021bie<br \/>\nu\u0219oar\u0103 din punct de vedere economic, \u00een timp ce PSD \u0219i AUR fac doar abuzuri.<br \/>\n\u00cencalc\u0103 statul de drept \u0219i Constitu\u021bia\u201d,<\/i> a afirmat Diana Stoica.<\/p>\n<p>Ea a criticat \u0219i<br \/>\nmodul \u00een care au ajuns pe ordinea de zi proiectele USR privind justi\u021bia.<br \/>\nPotrivit deputatei, acestea au fost introduse dup\u0103 ce ordinea de zi fusese deja<br \/>\nvotat\u0103 \u00een Biroul Permanent \u0219i \u00een Comitetul liderilor.<\/p>\n<p><i>\u201eIeri s-a votat o ordine de zi \u00een Biroul permanent \u0219i \u00een<br \/>\nComitetul liderilor. Asear\u0103 au fost introduse toate legile justi\u021biei ini\u021biate<br \/>\nde USR pe ordinea de zi, tot \u00een mod ilegal, pentru a fi respinse ast\u0103zi de PSD,<br \/>\nAUR \u0219i majoritatea pe care au format-o cu partidele extremiste \u00een Parlamentul<br \/>\nRom\u00e2niei. Noi nu vom gira aceast\u0103 mizerie, acest abuz, aceast\u0103 \u00eenc\u0103lcare<br \/>\nflagrant\u0103 a Constitu\u021biei \u0219i a Regulamentului Camerei Deputa\u021bilor\u201d,<\/i> declarat aceasta.<\/p>\n<p><\/main><\/p>\n<footer class=\"svelte-x63bga\">\n<div class=\"related-wrap related-footer svelte-78g0vl\"><span class=\"related-label svelte-78g0vl\">Cite\u0219te \u0219i<\/span><a class=\"related svelte-78g0vl\" data-gtrack=\"{&quot;event&quot;:&quot;utm_click&quot;,&quot;data&quot;:{&quot;event_category&quot;:&quot;article_related&quot;}}\" href=\"https:\/\/adevarul.ro\/politica\/parlamentul-isi-reia-activitatea-in-a-doua-sesiune-2553280.html\" title=\"Alt articol de interes pentru tine\"><img decoding=\"async\" class=\"thumb svelte-78g0vl\" src=\"https:\/\/cdn.adh.reperio.news\/image-a\/a9a9056f-1cc0-4e84-a0d9-4a33ce66c7a3\/index.jpeg?p=f%3Dwebp%26w%3D120%26h%3D80%26r%3Dcover%26a%3D0\" alt loading=\"lazy\" width=\"80\" height=\"54\"><span class=\"title svelte-78g0vl\">Scandal \u00een prima \u0219edin\u021b\u0103 a Camerei Deputa\u021bilor din noua sesiune. Parlamentarii PNL \u0219i USR au p\u0103r\u0103sit plenul, acuz\u00e2nd o \u201emajoritate format\u0103 pe sub mas\u0103\u201d  <\/span><\/a><a class=\"related svelte-78g0vl\" data-gtrack=\"{&quot;event&quot;:&quot;utm_click&quot;,&quot;data&quot;:{&quot;event_category&quot;:&quot;article_related&quot;}}\" href=\"https:\/\/adevarul.ro\/politica\/camera-deputatilor-si-a-ales-noul-birou-permanent-2553458.html\" title=\"Alt articol de interes pentru tine\"><img decoding=\"async\" class=\"thumb svelte-78g0vl\" src=\"https:\/\/cdn.adh.reperio.news\/image-2\/27d5f09a-274b-4f7e-a976-4aebe5dabd91\/index.jpeg?p=f%3Dwebp%26w%3D120%26h%3D80%26r%3Dcover%26a%3D0\" alt loading=\"lazy\" width=\"80\" height=\"54\"><span class=\"title svelte-78g0vl\">Camera Deputa\u021bilor \u0219i-a ales noul Birou Permanent. PNL \u0219i USR au p\u0103r\u0103sit plenul \u00eenaintea votului. Cum arat\u0103 tabloul general<\/span><\/a><a class=\"related svelte-78g0vl\" data-gtrack=\"{&quot;event&quot;:&quot;utm_click&quot;,&quot;data&quot;:{&quot;event_category&quot;:&quot;article_related&quot;}}\" href=\"https:\/\/adevarul.ro\/politica\/usr-si-pnl-contesta-la-ccr-schimbarea-la-varful-2553462.html\" title=\"Alt articol de interes pentru tine\"><img decoding=\"async\" class=\"thumb svelte-78g0vl\" src=\"https:\/\/cdn.adh.reperio.news\/image-e\/e339d201-e592-4869-b11d-5b1967c7ecd2\/index.jpeg?p=f%3Dwebp%26w%3D120%26h%3D80%26r%3Dcover%26a%3D0\" alt loading=\"lazy\" width=\"80\" height=\"54\"><span class=\"title svelte-78g0vl\">USR \u0219i PNL contest\u0103 la CCR schimbarea la v\u00e2rful Camerei Deputa\u021bilor. \u201eS-a creat o majoritate toxic\u0103 \u00een Parlament: PSD \u0219i extremi\u0219tii.\u201d<\/span><\/a><\/div>\n<div class=\"meta svelte-x63bga\">\n<div class=\"authors svelte-x63bga\"><span class=\"names svelte-x63bga\"><a href=\"https:\/\/adevarul.ro\/author\/2048\" rel=\"author\" class=\"svelte-x63bga\">Florentina Grigore<\/a><\/span><\/p>\n<div class=\"_hydratable\" data-props=\"%7B%22showLive%22%3Atrue%7D\" data-context=\"%7B%22parentBlockColumnCount%22%3A%7B%22value%22%3A0%2C%22type%22%3A%22store%2Freadable%22%7D%2C%22parentBlockBackgroundColor%22%3A%7B%22type%22%3A%22store%2Freadable%22%7D%7D\" data-component=\"ShareButton\">\n<div class=\"shareButtons svelte-itwbrr\">\n<div class=\"liveSessions metaFont svelte-1maxmbf\"><span class=\"value svelte-1maxmbf\">1<\/span> live <\/div>\n<\/div>\n<\/div>\n<\/div>\n<div class=\"tags svelte-1l3vwp1\"><span class=\"tags-label metaFont svelte-1l3vwp1\">Cite\u0219te mai multe despre<\/span><\/p>\n<div class=\"tags-list svelte-1l3vwp1\"><a href=\"https:\/\/adevarul.ro\/tag\/parlament\" title=\"Ultimele \u0219tiri despre parlament\" class=\"tag-pill svelte-1l3vwp1\">parlament<\/a><a href=\"https:\/\/adevarul.ro\/tag\/scandal\" title=\"Ultimele \u0219tiri despre scandal\" class=\"tag-pill svelte-1l3vwp1\">scandal<\/a><a href=\"https:\/\/adevarul.ro\/tag\/camera%20deputatilor\" title=\"Ultimele \u0219tiri despre camera deputatilor\" class=\"tag-pill svelte-1l3vwp1\">camera deputatilor<\/a><a href=\"https:\/\/adevarul.ro\/tag\/criza%20politica%202026\" title=\"Ultimele \u0219tiri despre criza politica 2026\" class=\"tag-pill svelte-1l3vwp1\">criza politica 2026<\/a><a href=\"https:\/\/adevarul.ro\/tag\/biroul%20permanent\" title=\"Ultimele \u0219tiri despre biroul permanent\" class=\"tag-pill svelte-1l3vwp1\">biroul permanent<\/a><\/div>\n<\/div>\n<\/div>\n<p><a class=\"moreFromCategory svelte-x63bga\" href=\"https:\/\/adevarul.ro\/politica\" title=\"Politic\u0103\">Mai multe din <strong class=\"svelte-x63bga\">Politic\u0103<\/strong> \u203a<\/a><\/footer>\n<\/article>\n<p>[analyse_source url=&#8221;https:\/\/adevarul.ro\/politica\/scandalul-continua-in-parlament-usr-si-pnl-2553578.html&#8221;]<\/p>\n","protected":false},"excerpt":{"rendered":"<p>[analyse_image type=&#8221;featured&#8221; src=&#8221;https:\/\/cdn.adh.reperio.news\/image-2\/22e6896f-0949-457e-9d73-aa8e5b3b03fa\/index.jpeg?p=f%3Djpeg%26w%3D1200%26h%3D630%26r%3Dcover&#8221;] Home Politic\u0103 Scandalul continu\u0103 \u00een Parlament. USR \u015fi PNL boicoteaz\u0103 activitatea Camerei Deputa\u0163ilor. \u201eNoi nu vom gira aceast\u0103 mizerie, acest abuz\u201d USR \u015fi PNL au anun\u021bat c\u0103 nu particip\u0103 la activit\u0103\u021bile plenului, comisiilor \u0219i Biroului Permanent, \u00een semn de protest fa\u021b\u0103 de modul \u00een care au fost \u00eemp\u0103r\u021bite func\u021biile din conducerea Camerei. [&hellip;]<\/p>\n","protected":false},"author":1,"featured_media":0,"comment_status":"open","ping_status":"","sticky":false,"template":"","format":"standard","meta":{"footnotes":""},"categories":[89],"tags":[19,226],"class_list":["post-2125010","post","type-post","status-publish","format-standard","hentry","category-romania","tag-adevarul","tag-crawlmanager"],"_links":{"self":[{"href":"https:\/\/analyse.optim.biz\/index.php?rest_route=\/wp\/v2\/posts\/2125010","targetHints":{"allow":["GET"]}}],"collection":[{"href":"https:\/\/analyse.optim.biz\/index.php?rest_route=\/wp\/v2\/posts"}],"about":[{"href":"https:\/\/analyse.optim.biz\/index.php?rest_route=\/wp\/v2\/types\/post"}],"author":[{"embeddable":true,"href":"https:\/\/analyse.optim.biz\/index.php?rest_route=\/wp\/v2\/users\/1"}],"replies":[{"embeddable":true,"href":"https:\/\/analyse.optim.biz\/index.php?rest_route=%2Fwp%2Fv2%2Fcomments&post=2125010"}],"version-history":[{"count":0,"href":"https:\/\/analyse.optim.biz\/index.php?rest_route=\/wp\/v2\/posts\/2125010\/revisions"}],"wp:attachment":[{"href":"https:\/\/analyse.optim.biz\/index.php?rest_route=%2Fwp%2Fv2%2Fmedia&parent=2125010"}],"wp:term":[{"taxonomy":"category","embeddable":true,"href":"https:\/\/analyse.optim.biz\/index.php?rest_route=%2Fwp%2Fv2%2Fcategories&post=2125010"},{"taxonomy":"post_tag","embeddable":true,"href":"https:\/\/analyse.optim.biz\/index.php?rest_route=%2Fwp%2Fv2%2Ftags&post=2125010"}],"curies":[{"name":"wp","href":"https:\/\/api.w.org\/{rel}","templated":true}]}}