{"id":2125004,"date":"2026-09-02T12:00:56","date_gmt":"2026-09-02T09:00:56","guid":{"rendered":"https:\/\/analyse.optim.biz\/?p=2125004"},"modified":"2026-09-02T12:00:56","modified_gmt":"2026-09-02T09:00:56","slug":"brussels-will-not-mediate-between-us-and-canada-eu-trade-chief-says","status":"publish","type":"post","link":"https:\/\/analyse.optim.biz\/?p=2125004","title":{"rendered":"Brussels will not mediate between US and Canada, EU trade chief says"},"content":{"rendered":"<p>[analyse_image type=&#8221;featured&#8221; src=&#8221;https:\/\/images.euronews.com\/articles\/stories\/09\/89\/75\/12\/1200x675_cmsv2_790c6028-64fa-5c55-a6a3-2a0187bd53b0-9897512.jpg&#8221;]<\/p>\n<article id=\"abe-2922601-pos1-c-latest-stories\" class=\"the-media-object m-modeMobile-1 m-modeDesktop-1 m-modeXL-1\" data-nid=\"2922601\" data-cid=\"9899208\" data-part-label=\"Partner content\">\n<figure id=\"abe-2922601-label-pos1-c-latest-stories\" class=\"the-media-object__figure\"><img decoding=\"async\" class=\"the-media-object__image\" src=\"https:\/\/images.euronews.com\/articles\/stories\/09\/89\/89\/54\/189x106_cmsv2_93854016-421e-5d89-9af6-07df6b4e0f3a-9898954.jpg\" loading=\"lazy\" alt=\"King Charles III of England with French President Emmanuel Macron and Prime Minister Andy Burnham at the British Museum in London, 2 September 2026.\" height=\"9\" width=\"16\"><\/figure>\n<div class=\"the-media-object__content\">\n                    Europe News<\/p>\n<div class=\"the-media-object__title  \">\n<p>    Macron, King Charles hail UK-France ties at Bayeux Tapestry exhibit\n  <\/p><\/div>\n<\/div>\n<\/article>\n<article id=\"abe-2922669-pos2-c-latest-stories\" class=\"the-media-object m-modeMobile-1 m-modeDesktop-1 m-modeXL-1\" data-nid=\"2922669\" data-cid=\"9899181\" data-part-label=\"Partner content\">\n<figure id=\"abe-2922669-label-pos2-c-latest-stories\" class=\"the-media-object__figure\"><img decoding=\"async\" class=\"the-media-object__image\" src=\"https:\/\/images.euronews.com\/articles\/stories\/04\/83\/11\/28\/189x106_cmsv2_09e2d377-a480-5cf6-a23e-fc9fc4a2ec59-4831128.jpg\" loading=\"lazy\" alt=\"This April 4, 2016 file photo shows Maltese investigative journalist Daphne Caruana Galizia, who was killed by a car bomb in Malta on Oct. 16, 2017.\" height=\"9\" width=\"16\"><\/figure>\n<div class=\"the-media-object__content\">\n                    Europe News<\/p>\n<div class=\"the-media-object__title  \">\n<p>    Malta jury clears businessman in Daphne Caruana Galizia murder case\n  <\/p><\/div>\n<\/div>\n<\/article>\n<article id=\"abe-2922631-pos3-c-latest-stories\" class=\"the-media-object m-modeMobile-1 m-modeDesktop-1 m-modeXL-1\" data-nid=\"2922631\" data-cid=\"9899069\" data-part-label=\"Partner content\">\n<figure id=\"abe-2922631-label-pos3-c-latest-stories\" class=\"the-media-object__figure\"><img decoding=\"async\" class=\"the-media-object__image\" src=\"https:\/\/images.euronews.com\/articles\/stories\/09\/89\/90\/69\/189x106_cmsv2_b4f97632-1499-5f92-b14a-ae6bf650275d-9899069.jpg\" loading=\"lazy\" alt=\"Spanish Pedro Sanchez speaks to reporters \" height=\"9\" width=\"16\"><\/figure>\n<div class=\"the-media-object__content\">\n                    Europe News<\/p>\n<div class=\"the-media-object__title  \">\n<p>    Spain in disarray over leaked reports about Morocco\u2019s role in Ceuta\n  <\/p><\/div>\n<\/div>\n<\/article>\n<article id=\"abe-2922524-pos4-c-latest-stories\" class=\"the-media-object m-modeMobile-1 m-modeDesktop-1 m-modeXL-1 the-media-object--has-video\" data-nid=\"2922524\" data-cid=\"9898543\" data-part-label=\"Partner content\">\n<figure id=\"abe-2922524-label-pos4-c-latest-stories\" class=\"the-media-object__figure\"><img decoding=\"async\" class=\"the-media-object__image\" src=\"https:\/\/images.euronews.com\/articles\/stories\/09\/89\/85\/43\/189x106_cmsv2_efb8ba1d-6940-5094-a07b-1ffd3e9a5b37-9898543.jpg\" loading=\"lazy\" alt=\"MEPs Bentele (EPP) and Germain (S&amp;D) in The Ring\" height=\"9\" width=\"16\"><\/figure>\n<div class=\"the-media-object__content\">\n                    The Ring<\/p>\n<div class=\"the-media-object__title  \">\n<p>    The surge of the far-right &#8211; who is to blame? MEPs clash in The Ring\n  <\/p><\/div>\n<\/div>\n<\/article>\n<article id=\"abe-2922601-pos1-c-latest-stories-sidebar\" class=\"the-media-object m-modeMobile-2 m-modeDesktop-2 m-modeXL-2\" data-nid=\"2922601\" data-cid=\"9899208\" data-part-label=\"Partner content\">\n<figure id=\"abe-2922601-label-pos1-c-latest-stories-sidebar\" class=\"the-media-object__figure\"><img decoding=\"async\" class=\"the-media-object__image\" src=\"https:\/\/images.euronews.com\/articles\/stories\/09\/89\/89\/54\/189x106_cmsv2_93854016-421e-5d89-9af6-07df6b4e0f3a-9898954.jpg\" loading=\"lazy\" alt=\"King Charles III of England with French President Emmanuel Macron and Prime Minister Andy Burnham at the British Museum in London, 2 September 2026.\" height=\"9\" width=\"16\"><\/figure>\n<div class=\"the-media-object__content\">\n                    Europe News<\/p>\n<div class=\"the-media-object__title  \">\n<p>    Macron, King Charles hail UK-France ties at Bayeux Tapestry exhibit\n  <\/p><\/div>\n<\/div>\n<\/article>\n<article id=\"abe-2922669-pos2-c-latest-stories-sidebar\" class=\"the-media-object m-modeMobile-2 m-modeDesktop-2 m-modeXL-2\" data-nid=\"2922669\" data-cid=\"9899181\" data-part-label=\"Partner content\">\n<figure id=\"abe-2922669-label-pos2-c-latest-stories-sidebar\" class=\"the-media-object__figure\"><img decoding=\"async\" class=\"the-media-object__image\" src=\"https:\/\/images.euronews.com\/articles\/stories\/04\/83\/11\/28\/189x106_cmsv2_09e2d377-a480-5cf6-a23e-fc9fc4a2ec59-4831128.jpg\" loading=\"lazy\" alt=\"This April 4, 2016 file photo shows Maltese investigative journalist Daphne Caruana Galizia, who was killed by a car bomb in Malta on Oct. 16, 2017.\" height=\"9\" width=\"16\"><\/figure>\n<div class=\"the-media-object__content\">\n                    Europe News<\/p>\n<div class=\"the-media-object__title  \">\n<p>    Malta jury clears businessman in Daphne Caruana Galizia murder case\n  <\/p><\/div>\n<\/div>\n<\/article>\n<article id=\"abe-2922631-pos3-c-latest-stories-sidebar\" class=\"the-media-object m-modeMobile-2 m-modeDesktop-2 m-modeXL-2\" data-nid=\"2922631\" data-cid=\"9899069\" data-part-label=\"Partner content\">\n<figure id=\"abe-2922631-label-pos3-c-latest-stories-sidebar\" class=\"the-media-object__figure\"><img decoding=\"async\" class=\"the-media-object__image\" src=\"https:\/\/images.euronews.com\/articles\/stories\/09\/89\/90\/69\/189x106_cmsv2_b4f97632-1499-5f92-b14a-ae6bf650275d-9899069.jpg\" loading=\"lazy\" alt=\"Spanish Pedro Sanchez speaks to reporters \" height=\"9\" width=\"16\"><\/figure>\n<div class=\"the-media-object__content\">\n                    Europe News<\/p>\n<div class=\"the-media-object__title  \">\n<p>    Spain in disarray over leaked reports about Morocco\u2019s role in Ceuta\n  <\/p><\/div>\n<\/div>\n<\/article>\n<article id=\"abe-2922524-pos4-c-latest-stories-sidebar\" class=\"the-media-object m-modeMobile-2 m-modeDesktop-2 m-modeXL-2 the-media-object--has-video\" data-nid=\"2922524\" data-cid=\"9898543\" data-part-label=\"Partner content\">\n<figure id=\"abe-2922524-label-pos4-c-latest-stories-sidebar\" class=\"the-media-object__figure\"><img decoding=\"async\" class=\"the-media-object__image\" src=\"https:\/\/images.euronews.com\/articles\/stories\/09\/89\/85\/43\/189x106_cmsv2_efb8ba1d-6940-5094-a07b-1ffd3e9a5b37-9898543.jpg\" loading=\"lazy\" alt=\"MEPs Bentele (EPP) and Germain (S&amp;D) in The Ring\" height=\"9\" width=\"16\"><\/figure>\n<div class=\"the-media-object__content\">\n                    The Ring<\/p>\n<div class=\"the-media-object__title  \">\n<p>    The surge of the far-right &#8211; who is to blame? MEPs clash in The Ring\n  <\/p><\/div>\n<\/div>\n<\/article>\n<article class=\"helper-site-row o-article-newsy\">\n<div class=\"helper-site-container o-article-newsy__container\">\n<div class=\"o-article-newsy__main\">\n<header class=\"h-grid o-article-newsy__main__header\">\n<nav aria-label=\"Breadcrumbs\" class=\"c-article-breadcrumbs\">\n<div id=\"adb-article-breadcrumb\" class=\"c-article-breadcrumbs__list\">\n<p>                          Europe<\/p>\n<p>                          Europe News<\/p><\/div>\n<\/nav>\n<h1 class=\"c-article-redesign-title\">\n                            Brussels will not mediate between US and Canada, EU trade chief says<\/h1>\n<div class=\"c-article-image-video u-position-relative \">\n<div class=\"js-superdiv u-aspect-ratio-16x9 u-position-relative \" data-controller=\"video-player\" data-sponsored=\"Partner content\"><img fetchpriority=\"high\" decoding=\"async\" class=\"js-poster-img c-article-media__img\" src=\"https:\/\/images.euronews.com\/articles\/stories\/09\/89\/75\/12\/1536x864_cmsv2_790c6028-64fa-5c55-a6a3-2a0187bd53b0-9897512.jpg\" width=\"1536\" height=\"864\" loading=\"eager\" alt=\"EU Trade Commissioner Maro\u0161 \u0160ef\u010dovi\u010d told Euronews the Commission was ready to explore all options to deepen the relationship with Canada.\"><\/div>\n<div class=\"c-article-caption u-position-absolute\"><i id=\"article-caption-content\" class=\"c-article-caption__content\"><span class=\"c-article-caption__text\"><br \/>\n              EU Trade Commissioner Maro\u0161 \u0160ef\u010dovi\u010d told Euronews the Commission was ready to explore all options to deepen the relationship with Canada.<br \/>\n                    <span class=\"u-color-white\">&#8211;\u00a0<\/span><span class=\"c-article-caption__copyright\">Copyright\u00a0<\/span><span class=\"c-article-caption__credit\">AP Photo<\/span><\/span><\/i><\/div>\n<div class=\"c-article-image-copyright c-article-image-copyright--novideo\">\n      Copyright\u00a0AP Photo\n  <\/div>\n<\/div>\n<\/header>\n<div class=\"h-grid o-article-newsy__main__body u-article-content\">\n<div class=\"o-article-newsy__contributors-publication-date\">\n<div class=\"c-article-contributors\">\n  By&amp;nbspPeggy Corlin&amp;nbsp&amp;&amp;nbspMaria Tadeo\n<\/div>\n<div class=\"c-article-publication-date\" data-timestamp=\"1788350456\">\n         Published on<br \/>\n            <time datetime=\"2026-09-02 14:00:56 +02:00\">02\/09\/2026 &#8211; 14:00 GMT+2<\/time><\/div>\n<\/div>\n<div class=\"c-article-share-comment u-align-items-center u-display-flex\"><span class=\"c-article-share-comment__links u-align-items-center u-display-flex u-justify-content-center js-c-article-share-comment-share\"><span class=\"c-article-share-comment__label\">Share<\/span><\/span><span class=\"c-article-share-comment__label\">Comments<\/span><span class=\"c-article-share-comment__label c-article-share-comment__label--always\">Add Euronews on Google<\/span><\/div>\n<div class=\"c-article-share-comment-popup-overlay js-c-article-share-comment-popup-overlay u-display-none\">\n<div id=\"js-c-article-share-comment-popup\" class=\"c-article-share-comment-popup js-c-article-share-comment-popup\">\n<div class=\"c-article-share-comment-popup__header u-display-flex\"><span>Share<\/span><img decoding=\"async\" src=\"https:\/\/static.euronews.com\/website\/images\/vector\/icon-close.svg\" width=\"24\" height=\"24\" alt=\"Close Button\" class=\"u-cursor-pointer js-c-article-share-comment-close\" loading=\"lazy\"><\/div>\n<div class=\"c-article-share-comment-popup__content u-display-flex\">\n<div id=\"share-comment-popup-content-container\" class=\"c-article-share-comment-popup__content__container u-display-flex\"><span class=\"u-display-flex u-gap-1 u-show-for-mobile-only\"><img decoding=\"async\" src=\"https:\/\/static.euronews.com\/website\/images\/vector\/social-icons\/article-redesign-facebook.svg\" width=\"24\" height=\"24\" alt=\"facebook\" loading=\"lazy\"><span>Facebook<\/span><\/span><img decoding=\"async\" src=\"https:\/\/static.euronews.com\/website\/images\/vector\/social-icons\/article-redesign-facebook.svg\" width=\"48\" height=\"48\" alt=\"facebook\" class=\"u-show-for-desktop\" loading=\"lazy\"><span class=\"u-display-flex u-gap-1 u-show-for-mobile-only\"><img decoding=\"async\" src=\"https:\/\/static.euronews.com\/website\/images\/vector\/social-icons\/article-redesign-twitter.svg\" width=\"24\" height=\"24\" alt=\"twitter\" loading=\"lazy\"><span>Twitter<\/span><\/span><img decoding=\"async\" src=\"https:\/\/static.euronews.com\/website\/images\/vector\/social-icons\/article-redesign-twitter.svg\" width=\"48\" height=\"48\" alt=\"twitter\" class=\"u-show-for-desktop\" loading=\"lazy\"><span class=\"u-display-flex u-gap-1 u-show-for-mobile-only\"><img decoding=\"async\" src=\"https:\/\/static.euronews.com\/website\/images\/vector\/social-icons\/article-redesign-flipboard.svg\" width=\"24\" height=\"24\" alt=\"flipboard\" loading=\"lazy\"><span>Flipboard<\/span><\/span><img decoding=\"async\" src=\"https:\/\/static.euronews.com\/website\/images\/vector\/social-icons\/article-redesign-flipboard.svg\" width=\"48\" height=\"48\" alt=\"flipboard\" class=\"u-show-for-desktop\" loading=\"lazy\"><span class=\"u-display-flex u-gap-1 u-show-for-mobile-only\"><img decoding=\"async\" src=\"https:\/\/static.euronews.com\/website\/images\/vector\/social-icons\/article-redesign-send.svg\" width=\"24\" height=\"24\" alt=\"send\" loading=\"lazy\"><span>Send<\/span><\/span><img decoding=\"async\" src=\"https:\/\/static.euronews.com\/website\/images\/vector\/social-icons\/article-redesign-send.svg\" width=\"48\" height=\"48\" alt=\"send\" class=\"u-show-for-desktop\" loading=\"lazy\"><span class=\"u-display-flex u-gap-1 u-show-for-mobile-only\"><img decoding=\"async\" src=\"https:\/\/static.euronews.com\/website\/images\/vector\/social-icons\/article-redesign-reddit.svg\" width=\"24\" height=\"24\" alt=\"reddit\" loading=\"lazy\"><span>Reddit<\/span><\/span><img decoding=\"async\" src=\"https:\/\/static.euronews.com\/website\/images\/vector\/social-icons\/article-redesign-reddit.svg\" width=\"48\" height=\"48\" alt=\"reddit\" class=\"u-show-for-desktop\" loading=\"lazy\"><span class=\"u-display-flex u-gap-1 u-show-for-mobile-only\"><img decoding=\"async\" src=\"https:\/\/static.euronews.com\/website\/images\/vector\/social-icons\/article-redesign-linkedin.svg\" width=\"24\" height=\"24\" alt=\"linkedin\" loading=\"lazy\"><span>Linkedin<\/span><\/span><img decoding=\"async\" src=\"https:\/\/static.euronews.com\/website\/images\/vector\/social-icons\/article-redesign-linkedin.svg\" width=\"48\" height=\"48\" alt=\"linkedin\" class=\"u-show-for-desktop\" loading=\"lazy\"><span class=\"u-display-flex u-gap-1 u-show-for-mobile-only\"><img decoding=\"async\" src=\"https:\/\/static.euronews.com\/website\/images\/vector\/social-icons\/article-redesign-messenger.svg\" width=\"24\" height=\"24\" alt=\"messenger\" loading=\"lazy\"><span>Messenger<\/span><\/span><img decoding=\"async\" src=\"https:\/\/static.euronews.com\/website\/images\/vector\/social-icons\/article-redesign-messenger.svg\" width=\"48\" height=\"48\" alt=\"messenger\" class=\"u-show-for-desktop\" loading=\"lazy\"><span class=\"u-display-flex u-gap-1 u-show-for-mobile-only\"><img decoding=\"async\" src=\"https:\/\/static.euronews.com\/website\/images\/vector\/social-icons\/article-redesign-telegram.svg\" width=\"24\" height=\"24\" alt=\"telegram\" loading=\"lazy\"><span>Telegram<\/span><\/span><img decoding=\"async\" src=\"https:\/\/static.euronews.com\/website\/images\/vector\/social-icons\/article-redesign-telegram.svg\" width=\"48\" height=\"48\" alt=\"telegram\" class=\"u-show-for-desktop\" loading=\"lazy\"><span class=\"u-display-flex u-gap-1 u-show-for-mobile-only\"><img decoding=\"async\" src=\"https:\/\/static.euronews.com\/website\/images\/vector\/social-icons\/article-redesign-vk.svg\" width=\"24\" height=\"24\" alt=\"vk\" loading=\"lazy\"><span>VK<\/span><\/span><img decoding=\"async\" src=\"https:\/\/static.euronews.com\/website\/images\/vector\/social-icons\/article-redesign-vk.svg\" width=\"48\" height=\"48\" alt=\"vk\" class=\"u-show-for-desktop\" loading=\"lazy\"><span class=\"u-display-flex u-gap-1 u-show-for-mobile-only\"><img decoding=\"async\" src=\"https:\/\/static.euronews.com\/website\/images\/vector\/social-icons\/article-redesign-bluesky.svg\" width=\"24\" height=\"24\" alt=\"bluesky\" loading=\"lazy\"><span>Bluesky<\/span><\/span><img decoding=\"async\" src=\"https:\/\/static.euronews.com\/website\/images\/vector\/social-icons\/article-redesign-bluesky.svg\" width=\"48\" height=\"48\" alt=\"bluesky\" class=\"u-show-for-desktop\" loading=\"lazy\"><span class=\"u-display-flex u-gap-1 u-show-for-mobile-only\"><img decoding=\"async\" src=\"https:\/\/static.euronews.com\/website\/images\/vector\/social-icons\/article-redesign-threads.svg\" width=\"24\" height=\"24\" alt=\"threads\" loading=\"lazy\"><span>Threads<\/span><\/span><img decoding=\"async\" src=\"https:\/\/static.euronews.com\/website\/images\/vector\/social-icons\/article-redesign-threads.svg\" width=\"48\" height=\"48\" alt=\"threads\" class=\"u-show-for-desktop\" loading=\"lazy\"><span class=\"u-display-flex u-gap-1 u-show-for-mobile-only\"><img decoding=\"async\" src=\"https:\/\/static.euronews.com\/website\/images\/vector\/social-icons\/article-redesign-whatsapp.svg\" width=\"24\" height=\"24\" alt=\"whatsapp\" loading=\"lazy\"><span>Whatsapp<\/span><\/span><img decoding=\"async\" src=\"https:\/\/static.euronews.com\/website\/images\/vector\/social-icons\/article-redesign-whatsapp.svg\" width=\"48\" height=\"48\" alt=\"whatsapp\" class=\"u-show-for-desktop\" loading=\"lazy\"><\/div>\n<\/div>\n<\/div>\n<\/div>\n<h2 class=\"c-article-summary\">\n        Maro\u0161 \u0160ef\u010dovi\u010d said the Commission is ready to explore a wide range of options to deepen cooperation with Ottawa as Canadian Prime Minister Mark Carney calls for a closer partnership with the EU.<br \/>\n    <\/h2>\n<div class=\"c-article-content js-article-content\">\n<p>In an exclusive interview, European Union Trade Commissioner Maro\u0161 \u0160ef\u010dovi\u010d told Euronews that the EU is not in a position to mediate in the trade war between Canada and the United States following the collapse of their trade talks.<\/p>\n<div>\n<div class=\"c-ad u-show-for-mobile-only\">\n<div class=\"c-ad__placeholder\"><img decoding=\"async\" class=\"c-ad__placeholder__logo\" src=\"https:\/\/static.euronews.com\/website\/images\/logos\/logo-euronews-stacked-outlined-72x72-grey-9.svg\" width=\"72\" height=\"72\" alt loading=\"lazy\"><span>ADVERTISEMENT<\/span><\/div>\n<\/div>\n<div class=\"c-ad u-show-for-desktop\">\n<div class=\"c-ad__placeholder\"><img decoding=\"async\" class=\"c-ad__placeholder__logo\" src=\"https:\/\/static.euronews.com\/website\/images\/logos\/logo-euronews-stacked-outlined-72x72-grey-9.svg\" width=\"72\" height=\"72\" alt loading=\"lazy\"><span>ADVERTISEMENT<\/span><\/div>\n<\/div>\n<\/div>\n<p>Ten days ago, Canadian Prime Minister Mark Carney walked away from the negotiations with the Trump administration, blaming them for pressuring Canada over the use of the French language.<\/p>\n<p>In the following days, US President Donald Trump announced 50% US tariffs on Canadian cars and trucks, to which Ottawa retaliated with tariffs on more than 700 US imports, worth about $20 billion (\u20ac17.2 billion).<\/p>\n<p>\u201cI don&#8217;t think that we are in a position to mediate,\u201d \u0160ef\u010dovi\u010d said. \u201cAt the same time I know that they [Canada and the US] have such a close economic relationship that, despite the current tension, sooner or later there will be attempts to resolve it.\u201d<\/p>\n<p>The Commissioner added that \u201ctariffs are taxes which are paid in the end by the economic operators or by the citizens\u201d, a message he has reiterated several times over the last year during the EU&#8217;s own trade dispute with Washington.<\/p>\n<p>\u201cWe clearly support free and fair trade with the lower or no tariffs at all,\u201d he told Euronews.<\/p>\n<h2>Ready to cooperate<\/h2>\n<p>Since the trade talks stopped, Carney has called for a closer relationship between Ottawa and Brussels and announced he will attend European Commission President Ursula von der Leyen&#8217;s State of the Union in Strasbourg in mid-September, one of the main events in Brussels&#8217; political calendar.<\/p>\n<p>An EU-Canada summit is also scheduled for later this autumn.<\/p>\n<div class=\"c-widget-related\" data-stories-id data-event=\"widget_related\">\n<div class=\"c-widget-related__title\"><b class=\"c-widget-related__title__text\" lang=\"en\">Related<\/b><\/div>\n<ul class=\"c-widget-related__list\" id=\"abe-article-related-1\">\n<li class=\"c-widget-related__item\">Canada walked away from Trump. Could the EU ever do the same?<\/li>\n<li class=\"c-widget-related__item\">How Canada\u2019s turn toward Europe might test the EU&#8217;s borders<\/li>\n<\/ul>\n<\/div>\n<p>\u0160ef\u010dovi\u010d said the Commission is ready to explore \u201call possibilities\u201d to increase cooperation with Canada, but he added that any new arrangements \u201cwould very much also depend on how comfortable the Canadian side would feel and what is its level of ambition\u201d.<\/p>\n<p>He pointed out that after Brussels clinched a trade deal with Ottawa in 2016, trade between the EU and Canada grew by 75% \u2013 but he also suggested that the deal could be pushed further.<\/p>\n<p>\u201cOn both sides, we have certain elements which we can improve, still certain barriers, certain sensitivities for the products. I really think that we can explore much more that.\u201d<\/p>\n<p>\u0160ef\u010dovi\u010d said that a digital agreement might be signed with Canada before the end of the year, and he also cited coming cooperation in critical raw materials with potential joint investments.<\/p>\n<p>Ottawa is seen by Brussels as a like-minded partner sharing its vision of the new global trade order, and \u0160ef\u010dovi\u010d hopes to have its backing to get closer to members of the Comprehensive and Progressive Agreement for Trans-Pacific Partnership (CPTPP), which has liberalised trade between 12 countries in the Asia-Pacific region and the Americas, including Canada \u2013 but not the US. The UK became the pact&#8217;s first and to date only European member in 2024, with Canada ratifying its full accession as of 1 September.<\/p>\n<p>\u201cCanadians are very important partners for forging a new level of cooperation with the CTPPP,&#8221; \u0160ef\u010dovi\u010d said, &#8220;which represents together 40 percent of global trade.\u201d<\/p>\n<\/div>\n<p>                                  Go to accessibility shortcuts<\/p>\n<div class=\"c-article-share-comment u-align-items-center u-display-flex\"><span class=\"c-article-share-comment__links u-align-items-center u-display-flex u-justify-content-center js-c-article-share-comment-share\"><span class=\"c-article-share-comment__label\">Share<\/span><\/span><span class=\"c-article-share-comment__label\">Comments<\/span><span class=\"c-article-share-comment__label c-article-share-comment__label--always\">Add Euronews on Google<\/span><\/div>\n<div id=\"adb-article-you-might-also-like\" class=\"perf-cv-auto c-article-you-might-also-like\">\n<h2 class=\"c-article-you-might-also-like__title\">\n        Read more<br \/>\n      <\/h2>\n<div class=\"c-article-you-might-also-like__item\">\n<h3>\n<p>                  How Canada\u2019s turn toward Europe might test the EU&#8217;s borders<\/p>\n<\/h3>\n<\/div>\n<div class=\"c-article-you-might-also-like__item\">\n<h3>\n<p>                  Canada wants to get closer to the EU &#8211; but how far can it go without EU membership?<\/p>\n<\/h3>\n<\/div>\n<div class=\"c-article-you-might-also-like__item\">\n<h3>\n<p>                  Canada walked away from Trump. Could the EU ever do the same?<\/p>\n<\/h3>\n<\/div>\n<\/div>\n<div class=\"perf-cv-auto\">\n<ul id=\"adb-article-tags\" class=\"c-tags-list\">\n<li class=\"c-tags-list__item\">\n<section class=\"tc-cta\" data-twig-component=\"Cta-default\">\n  EU-Canada Comprehensive Economic and Trade Agreement (CETA)<br \/>\n<\/section>\n<\/li>\n<li class=\"c-tags-list__item\">\n<section class=\"tc-cta\" data-twig-component=\"Cta-default\">\n  Canada<br \/>\n<\/section>\n<\/li>\n<li class=\"c-tags-list__item\">\n<section class=\"tc-cta\" data-twig-component=\"Cta-default\">\n  European Commission<br \/>\n<\/section>\n<\/li>\n<li class=\"c-tags-list__item\">\n<section class=\"tc-cta\" data-twig-component=\"Cta-default\">\n  Trade war<br \/>\n<\/section>\n<\/li>\n<li class=\"c-tags-list__item\">\n<section class=\"tc-cta\" data-twig-component=\"Cta-default\">\n  United States<br \/>\n<\/section>\n<\/li>\n<\/ul>\n<\/div>\n<\/div>\n<\/div>\n<aside class=\"o-article-newsy__aside\">\n<div class=\"c-ad-wrapper o-article-newsy__aside__content-1\" data-ad-name=\"adzone-halfpage\">\n<div class=\"c-ad c-ad-halfpage u-show-for-desktop\">\n<div class=\"c-ad__placeholder\"><img loading=\"lazy\" decoding=\"async\" class=\"c-ad__placeholder__logo\" src=\"https:\/\/static.euronews.com\/website\/images\/logos\/logo-euronews-stacked-outlined-72x72-grey-9.svg\" width=\"72\" height=\"72\" alt><span>ADVERTISEMENT<\/span><\/div>\n<\/div>\n<div class=\"c-ad u-show-for-mobile-only\">\n<div class=\"c-ad__placeholder\"><img loading=\"lazy\" decoding=\"async\" class=\"c-ad__placeholder__logo\" src=\"https:\/\/static.euronews.com\/website\/images\/logos\/logo-euronews-stacked-outlined-72x72-grey-9.svg\" width=\"72\" height=\"72\" alt><span>ADVERTISEMENT<\/span><\/div>\n<\/div>\n<\/div>\n<div id=\"adb-article-top-stories\" class=\"perf-cv-auto c-top-stories\">\n<h2 class=\"c-top-stories__title\">Top stories<\/h2>\n<div class=\"c-top-stories__item\">\n<article id=\"abe-2922631-pos2-top-stories\" class=\"the-media-object m-modeMobile-2 m-modeDesktop-2 m-modeXL-2 the-media-object--no-label\" data-nid=\"2922631\" data-cid=\"9899069\" data-part-label=\"Partner content\">\n<figure id=\"abe-2922631-label-pos2-top-stories\" class=\"the-media-object__figure\"><img decoding=\"async\" class=\"the-media-object__image\" src=\"https:\/\/images.euronews.com\/articles\/stories\/09\/89\/90\/69\/320x180_cmsv2_b4f97632-1499-5f92-b14a-ae6bf650275d-9899069.jpg\" loading=\"lazy\" alt=\"Spanish Pedro Sanchez speaks to reporters \" height=\"9\" width=\"16\"><\/figure>\n<div class=\"the-media-object__content\">\n<h3 class=\"the-media-object__title  \">\n<p>    Spain in disarray over leaked reports about Morocco\u2019s role in Ceuta<br \/>\n  <\/h3>\n<\/div>\n<\/article>\n<\/div>\n<div class=\"c-top-stories__item\">\n<article id=\"abe-2922611-pos3-top-stories\" class=\"the-media-object m-modeMobile-2 m-modeDesktop-2 m-modeXL-2 the-media-object--no-label\" data-nid=\"2922611\" data-cid=\"9899000\" data-part-label=\"Partner content\">\n<figure id=\"abe-2922611-label-pos3-top-stories\" class=\"the-media-object__figure\"><img decoding=\"async\" class=\"the-media-object__image\" src=\"https:\/\/images.euronews.com\/articles\/stories\/09\/89\/90\/00\/320x180_cmsv2_1119a9ac-36ed-5ca8-ba80-08b950e3c13a-9899000.jpg\" loading=\"lazy\" alt=\"Belgian Foreign Minister Maxime Pr\u00e9vot.\" height=\"9\" width=\"16\"><\/figure>\n<div class=\"the-media-object__content\">\n<h3 class=\"the-media-object__title  \">\n<p>    Belgium pushes back against new attempt to use Russian assets<br \/>\n  <\/h3>\n<\/div>\n<\/article>\n<\/div>\n<div class=\"c-top-stories__item\">\n<article id=\"abe-2922572-pos4-top-stories\" class=\"the-media-object m-modeMobile-2 m-modeDesktop-2 m-modeXL-2 the-media-object--has-video the-media-object--no-label\" data-nid=\"2922572\" data-cid=\"9898725\" data-part-label=\"Partner content\">\n<figure id=\"abe-2922572-label-pos4-top-stories\" class=\"the-media-object__figure\"><img decoding=\"async\" class=\"the-media-object__image\" src=\"https:\/\/images.euronews.com\/articles\/stories\/09\/89\/87\/25\/320x180_cmsv2_214c706e-6f5b-58bc-8500-13eedc2d66c6-9898725.jpg\" loading=\"lazy\" alt=\"FILE - Aeroflot&apos;s passengers planes are parked at Sheremetyevo airport, outside Moscow, Russia, Tuesday, March 1, 2022\" height=\"9\" width=\"16\"><\/figure>\n<div class=\"the-media-object__content\">\n<h3 class=\"the-media-object__title  \">\n<p>    Ukraine formally warns airlines that Russian airspace is unsafe<br \/>\n  <\/h3>\n<\/div>\n<\/article>\n<\/div>\n<div class=\"c-top-stories__item\">\n<article id=\"abe-2922552-pos5-top-stories\" class=\"the-media-object m-modeMobile-2 m-modeDesktop-2 m-modeXL-2 the-media-object--no-label\" data-nid=\"2922552\" data-cid=\"9898630\" data-part-label=\"Partner content\">\n<figure id=\"abe-2922552-label-pos5-top-stories\" class=\"the-media-object__figure\"><img decoding=\"async\" class=\"the-media-object__image\" src=\"https:\/\/images.euronews.com\/articles\/stories\/09\/89\/86\/30\/320x180_cmsv2_d64dbf35-a4c3-5571-a655-403afea1acd9-9898630.jpg\" loading=\"lazy\" alt=\"250 gram gold bars of 999.9 purity stacked in the safe deposit boxes room in Munich, 25 April, 2025\" height=\"9\" width=\"16\"><\/figure>\n<div class=\"the-media-object__content\">\n<h3 class=\"the-media-object__title  \">\n<p>    Netherlands moves 86 tonnes of gold from US and Canada to UK<br \/>\n  <\/h3>\n<\/div>\n<\/article>\n<\/div>\n<div class=\"c-top-stories__item\">\n<article id=\"abe-2922524-pos6-top-stories\" class=\"the-media-object m-modeMobile-2 m-modeDesktop-2 m-modeXL-2 the-media-object--has-video the-media-object--no-label\" data-nid=\"2922524\" data-cid=\"9898543\" data-part-label=\"Partner content\">\n<figure id=\"abe-2922524-label-pos6-top-stories\" class=\"the-media-object__figure\"><img decoding=\"async\" class=\"the-media-object__image\" src=\"https:\/\/images.euronews.com\/articles\/stories\/09\/89\/85\/43\/320x180_cmsv2_efb8ba1d-6940-5094-a07b-1ffd3e9a5b37-9898543.jpg\" loading=\"lazy\" alt=\"MEPs Bentele (EPP) and Germain (S&amp;D) in The Ring\" height=\"9\" width=\"16\"><\/figure>\n<div class=\"the-media-object__content\">\n<h3 class=\"the-media-object__title  \">\n<p>    The surge of the far-right &#8211; who is to blame? MEPs clash in The Ring<br \/>\n  <\/h3>\n<\/div>\n<\/article>\n<\/div>\n<\/div>\n<div class=\"perf-cv-auto c-ad-wrapper o-article-newsy__aside__content-2\" data-ad-name=\"adzone-halfpage\">\n<div class=\"c-ad c-ad-halfpage u-show-for-desktop\">\n<div class=\"c-ad__placeholder\"><img loading=\"lazy\" decoding=\"async\" class=\"c-ad__placeholder__logo\" src=\"https:\/\/static.euronews.com\/website\/images\/logos\/logo-euronews-stacked-outlined-72x72-grey-9.svg\" width=\"72\" height=\"72\" alt><span>ADVERTISEMENT<\/span><\/div>\n<\/div>\n<div class=\"c-ad u-show-for-mobile-only\">\n<div class=\"c-ad__placeholder\"><img loading=\"lazy\" decoding=\"async\" class=\"c-ad__placeholder__logo\" src=\"https:\/\/static.euronews.com\/website\/images\/logos\/logo-euronews-stacked-outlined-72x72-grey-9.svg\" width=\"72\" height=\"72\" alt><span>ADVERTISEMENT<\/span><\/div>\n<\/div>\n<\/div>\n<div class=\"perf-cv-auto c-most-viewed\">\n<h2 class=\"c-most-viewed__title qa-section-title\">Most read<\/h2>\n<div class=\"c-most-viewed__list\">\n<div class=\"c-most-viewed__item\"><span class=\"c-most-viewed__item__number\">1<\/span><\/p>\n<article id=\"abe-2921916-pos1-mostViewed\" class=\"the-media-object m-modeMobile-3 m-modeDesktop-3 m-modeXL-3 the-media-object--has-video the-media-object--no-label\" data-nid=\"2921916\" data-cid=\"9895601\" data-part-label=\"Partner content\">\n<div class=\"the-media-object__content\">\n<h3 class=\"the-media-object__title  \">\n<p>    Death of Germany&#8217;s richest man creates a giant charitable foundation<br \/>\n  <\/h3>\n<\/div>\n<\/article>\n<\/div>\n<div class=\"c-most-viewed__item\"><span class=\"c-most-viewed__item__number\">2<\/span><\/p>\n<article id=\"abe-2922302-pos2-mostViewed\" class=\"the-media-object m-modeMobile-3 m-modeDesktop-3 m-modeXL-3 the-media-object--no-label\" data-nid=\"2922302\" data-cid=\"9897551\" data-part-label=\"Partner content\">\n<div class=\"the-media-object__content\">\n<h3 class=\"the-media-object__title  \">\n<p>    Thailand confirms it will cut visa-free stays for EU travellers<br \/>\n  <\/h3>\n<\/div>\n<\/article>\n<\/div>\n<div class=\"c-most-viewed__item\"><span class=\"c-most-viewed__item__number\">3<\/span><\/p>\n<article id=\"abe-2922552-pos3-mostViewed\" class=\"the-media-object m-modeMobile-3 m-modeDesktop-3 m-modeXL-3 the-media-object--no-label\" data-nid=\"2922552\" data-cid=\"9898630\" data-part-label=\"Partner content\">\n<div class=\"the-media-object__content\">\n<h3 class=\"the-media-object__title  \">\n<p>    Netherlands moves 86 tonnes of gold from US and Canada to UK<br \/>\n  <\/h3>\n<\/div>\n<\/article>\n<\/div>\n<div class=\"c-most-viewed__item\"><span class=\"c-most-viewed__item__number\">4<\/span><\/p>\n<article id=\"abe-2922307-pos4-mostViewed\" class=\"the-media-object m-modeMobile-3 m-modeDesktop-3 m-modeXL-3 the-media-object--no-label\" data-nid=\"2922307\" data-cid=\"9897687\" data-part-label=\"Partner content\">\n<div class=\"the-media-object__content\">\n<h3 class=\"the-media-object__title  \">\n<p>    Ryanair&#8217;s Boeing 737 stairs tied to hundreds of passenger falls, study says<br \/>\n  <\/h3>\n<\/div>\n<\/article>\n<\/div>\n<div class=\"c-most-viewed__item\"><span class=\"c-most-viewed__item__number\">5<\/span><\/p>\n<article id=\"abe-2922364-pos5-mostViewed\" class=\"the-media-object m-modeMobile-3 m-modeDesktop-3 m-modeXL-3 the-media-object--no-label\" data-nid=\"2922364\" data-cid=\"9897774\" data-part-label=\"Partner content\">\n<div class=\"the-media-object__content\">\n<h3 class=\"the-media-object__title  \">\n<p>    Zelenskyy warns \u2018Russian airspace will effectively be closing\u2019<br \/>\n  <\/h3>\n<\/div>\n<\/article>\n<\/div>\n<\/div>\n<\/div>\n<div class=\"perf-cv-auto c-ad-wrapper o-article-newsy__aside__content-3\" data-ad-name=\"adzone-halfpage\">\n<div class=\"c-ad c-ad-halfpage u-show-for-desktop\">\n<div class=\"c-ad__placeholder\"><img loading=\"lazy\" decoding=\"async\" class=\"c-ad__placeholder__logo\" src=\"https:\/\/static.euronews.com\/website\/images\/logos\/logo-euronews-stacked-outlined-72x72-grey-9.svg\" width=\"72\" height=\"72\" alt><span>ADVERTISEMENT<\/span><\/div>\n<\/div>\n<div class=\"c-ad u-show-for-mobile-only\">\n<div class=\"c-ad__placeholder\"><img loading=\"lazy\" decoding=\"async\" class=\"c-ad__placeholder__logo\" src=\"https:\/\/static.euronews.com\/website\/images\/logos\/logo-euronews-stacked-outlined-72x72-grey-9.svg\" width=\"72\" height=\"72\" alt><span>ADVERTISEMENT<\/span><\/div>\n<\/div>\n<\/div>\n<\/aside>\n<\/div>\n<\/article>\n<article id=\"abe-2922631-pos2-top-stories\" class=\"the-media-object m-modeMobile-2 m-modeDesktop-2 m-modeXL-2 the-media-object--no-label\" data-nid=\"2922631\" data-cid=\"9899069\" data-part-label=\"Partner content\">\n<figure id=\"abe-2922631-label-pos2-top-stories\" class=\"the-media-object__figure\"><img decoding=\"async\" class=\"the-media-object__image\" src=\"https:\/\/images.euronews.com\/articles\/stories\/09\/89\/90\/69\/320x180_cmsv2_b4f97632-1499-5f92-b14a-ae6bf650275d-9899069.jpg\" loading=\"lazy\" alt=\"Spanish Pedro Sanchez speaks to reporters \" height=\"9\" width=\"16\"><\/figure>\n<div class=\"the-media-object__content\">\n<h3 class=\"the-media-object__title  \">\n<p>    Spain in disarray over leaked reports about Morocco\u2019s role in Ceuta<br \/>\n  <\/h3>\n<\/div>\n<\/article>\n<article id=\"abe-2922611-pos3-top-stories\" class=\"the-media-object m-modeMobile-2 m-modeDesktop-2 m-modeXL-2 the-media-object--no-label\" data-nid=\"2922611\" data-cid=\"9899000\" data-part-label=\"Partner content\">\n<figure id=\"abe-2922611-label-pos3-top-stories\" class=\"the-media-object__figure\"><img decoding=\"async\" class=\"the-media-object__image\" src=\"https:\/\/images.euronews.com\/articles\/stories\/09\/89\/90\/00\/320x180_cmsv2_1119a9ac-36ed-5ca8-ba80-08b950e3c13a-9899000.jpg\" loading=\"lazy\" alt=\"Belgian Foreign Minister Maxime Pr\u00e9vot.\" height=\"9\" width=\"16\"><\/figure>\n<div class=\"the-media-object__content\">\n<h3 class=\"the-media-object__title  \">\n<p>    Belgium pushes back against new attempt to use Russian assets<br \/>\n  <\/h3>\n<\/div>\n<\/article>\n<article id=\"abe-2922572-pos4-top-stories\" class=\"the-media-object m-modeMobile-2 m-modeDesktop-2 m-modeXL-2 the-media-object--has-video the-media-object--no-label\" data-nid=\"2922572\" data-cid=\"9898725\" data-part-label=\"Partner content\">\n<figure id=\"abe-2922572-label-pos4-top-stories\" class=\"the-media-object__figure\"><img decoding=\"async\" class=\"the-media-object__image\" src=\"https:\/\/images.euronews.com\/articles\/stories\/09\/89\/87\/25\/320x180_cmsv2_214c706e-6f5b-58bc-8500-13eedc2d66c6-9898725.jpg\" loading=\"lazy\" alt=\"FILE - Aeroflot&apos;s passengers planes are parked at Sheremetyevo airport, outside Moscow, Russia, Tuesday, March 1, 2022\" height=\"9\" width=\"16\"><\/figure>\n<div class=\"the-media-object__content\">\n<h3 class=\"the-media-object__title  \">\n<p>    Ukraine formally warns airlines that Russian airspace is unsafe<br \/>\n  <\/h3>\n<\/div>\n<\/article>\n<article id=\"abe-2922552-pos5-top-stories\" class=\"the-media-object m-modeMobile-2 m-modeDesktop-2 m-modeXL-2 the-media-object--no-label\" data-nid=\"2922552\" data-cid=\"9898630\" data-part-label=\"Partner content\">\n<figure id=\"abe-2922552-label-pos5-top-stories\" class=\"the-media-object__figure\"><img decoding=\"async\" class=\"the-media-object__image\" src=\"https:\/\/images.euronews.com\/articles\/stories\/09\/89\/86\/30\/320x180_cmsv2_d64dbf35-a4c3-5571-a655-403afea1acd9-9898630.jpg\" loading=\"lazy\" alt=\"250 gram gold bars of 999.9 purity stacked in the safe deposit boxes room in Munich, 25 April, 2025\" height=\"9\" width=\"16\"><\/figure>\n<div class=\"the-media-object__content\">\n<h3 class=\"the-media-object__title  \">\n<p>    Netherlands moves 86 tonnes of gold from US and Canada to UK<br \/>\n  <\/h3>\n<\/div>\n<\/article>\n<article id=\"abe-2922524-pos6-top-stories\" class=\"the-media-object m-modeMobile-2 m-modeDesktop-2 m-modeXL-2 the-media-object--has-video the-media-object--no-label\" data-nid=\"2922524\" data-cid=\"9898543\" data-part-label=\"Partner content\">\n<figure id=\"abe-2922524-label-pos6-top-stories\" class=\"the-media-object__figure\"><img decoding=\"async\" class=\"the-media-object__image\" src=\"https:\/\/images.euronews.com\/articles\/stories\/09\/89\/85\/43\/320x180_cmsv2_efb8ba1d-6940-5094-a07b-1ffd3e9a5b37-9898543.jpg\" loading=\"lazy\" alt=\"MEPs Bentele (EPP) and Germain (S&amp;D) in The Ring\" height=\"9\" width=\"16\"><\/figure>\n<div class=\"the-media-object__content\">\n<h3 class=\"the-media-object__title  \">\n<p>    The surge of the far-right &#8211; who is to blame? MEPs clash in The Ring<br \/>\n  <\/h3>\n<\/div>\n<\/article>\n<article id=\"abe-2921916-pos1-mostViewed\" class=\"the-media-object m-modeMobile-3 m-modeDesktop-3 m-modeXL-3 the-media-object--has-video the-media-object--no-label\" data-nid=\"2921916\" data-cid=\"9895601\" data-part-label=\"Partner content\">\n<div class=\"the-media-object__content\">\n<h3 class=\"the-media-object__title  \">\n<p>    Death of Germany&#8217;s richest man creates a giant charitable foundation<br \/>\n  <\/h3>\n<\/div>\n<\/article>\n<article id=\"abe-2922302-pos2-mostViewed\" class=\"the-media-object m-modeMobile-3 m-modeDesktop-3 m-modeXL-3 the-media-object--no-label\" data-nid=\"2922302\" data-cid=\"9897551\" data-part-label=\"Partner content\">\n<div class=\"the-media-object__content\">\n<h3 class=\"the-media-object__title  \">\n<p>    Thailand confirms it will cut visa-free stays for EU travellers<br \/>\n  <\/h3>\n<\/div>\n<\/article>\n<article id=\"abe-2922552-pos3-mostViewed\" class=\"the-media-object m-modeMobile-3 m-modeDesktop-3 m-modeXL-3 the-media-object--no-label\" data-nid=\"2922552\" data-cid=\"9898630\" data-part-label=\"Partner content\">\n<div class=\"the-media-object__content\">\n<h3 class=\"the-media-object__title  \">\n<p>    Netherlands moves 86 tonnes of gold from US and Canada to UK<br \/>\n  <\/h3>\n<\/div>\n<\/article>\n<article id=\"abe-2922307-pos4-mostViewed\" class=\"the-media-object m-modeMobile-3 m-modeDesktop-3 m-modeXL-3 the-media-object--no-label\" data-nid=\"2922307\" data-cid=\"9897687\" data-part-label=\"Partner content\">\n<div class=\"the-media-object__content\">\n<h3 class=\"the-media-object__title  \">\n<p>    Ryanair&#8217;s Boeing 737 stairs tied to hundreds of passenger falls, study says<br \/>\n  <\/h3>\n<\/div>\n<\/article>\n<article id=\"abe-2922364-pos5-mostViewed\" class=\"the-media-object m-modeMobile-3 m-modeDesktop-3 m-modeXL-3 the-media-object--no-label\" data-nid=\"2922364\" data-cid=\"9897774\" data-part-label=\"Partner content\">\n<div class=\"the-media-object__content\">\n<h3 class=\"the-media-object__title  \">\n<p>    Zelenskyy warns \u2018Russian airspace will effectively be closing\u2019<br \/>\n  <\/h3>\n<\/div>\n<\/article>\n<div class=\"articleBody\" data-key=\"articleBody\">In an exclusive interview, European Union Trade Commissioner Maro\u0161 \u0160ef\u010dovi\u010d told Euronews that the EU is not in a position to mediate in the trade war between Canada and the United States following the collapse of their trade talks.Ten days ago, Canadian Prime Minister Mark Carney walked away from the negotiations with the Trump administration, blaming them for pressuring Canada over the use of the French language.In the following days, US President Donald Trump announced 50% US tariffs on Canadian cars and trucks, to which Ottawa retaliated with tariffs on more than 700 US imports, worth about $20 billion (\u20ac17.2 billion).\u201cI don&#8217;t think that we are in a position to mediate,\u201d \u0160ef\u010dovi\u010d said. \u201cAt the same time I know that they [Canada and the US] have such a close economic relationship that, despite the current tension, sooner or later there will be attempts to resolve it.\u201dThe Commissioner added that \u201ctariffs are taxes which are paid in the end by the economic operators or by the citizens\u201d, a message he has reiterated several times over the last year during the EU&#8217;s own trade dispute with Washington.\u201cWe clearly support free and fair trade with the lower or no tariffs at all,\u201d he told Euronews.Ready to cooperateSince the trade talks stopped, Carney has called for a closer relationship between Ottawa and Brussels and announced he will attend European Commission President Ursula von der Leyen&#8217;s State of the Union in Strasbourg in mid-September, one of the main events in Brussels&#8217; political calendar.An EU-Canada summit is also scheduled for later this autumn.\u0160ef\u010dovi\u010d said the Commission is ready to explore \u201call possibilities\u201d to increase cooperation with Canada, but he added that any new arrangements \u201cwould very much also depend on how comfortable the Canadian side would feel and what is its level of ambition\u201d.He pointed out that after Brussels clinched a trade deal with Ottawa in 2016, trade between the EU and Canada grew by 75% \u2013 but he also suggested that the deal could be pushed further.\u201cOn both sides, we have certain elements which we can improve, still certain barriers, certain sensitivities for the products. I really think that we can explore much more that.\u201d\u0160ef\u010dovi\u010d said that a digital agreement might be signed with Canada before the end of the year, and he also cited coming cooperation in critical raw materials with potential joint investments.Ottawa is seen by Brussels as a like-minded partner sharing its vision of the new global trade order, and \u0160ef\u010dovi\u010d hopes to have its backing to get closer to members of the Comprehensive and Progressive Agreement for Trans-Pacific Partnership (CPTPP), which has liberalised trade between 12 countries in the Asia-Pacific region and the Americas, including Canada \u2013 but not the US. The UK became the pact&#8217;s first and to date only European member in 2024, with Canada ratifying its full accession as of 1 September.\u201cCanadians are very important partners for forging a new level of cooperation with the CTPPP,&#8221; \u0160ef\u010dovi\u010d said, &#8220;which represents together 40 percent of global trade.\u201d<\/div>\n<p>[analyse_source url=&#8221;https:\/\/www.euronews.com\/my-europe\/2026\/09\/02\/brussels-will-not-mediate-between-us-and-canada-eu-trade-chief-says&#8221;]<\/p>\n","protected":false},"excerpt":{"rendered":"<p>[analyse_image type=&#8221;featured&#8221; src=&#8221;https:\/\/images.euronews.com\/articles\/stories\/09\/89\/75\/12\/1200x675_cmsv2_790c6028-64fa-5c55-a6a3-2a0187bd53b0-9897512.jpg&#8221;] Europe News Macron, King Charles hail UK-France ties at Bayeux Tapestry exhibit Europe News Malta jury clears businessman in Daphne Caruana Galizia murder case Europe News Spain in disarray over leaked reports about Morocco\u2019s role in Ceuta The Ring The surge of the far-right &#8211; who is to blame? MEPs clash in [&hellip;]<\/p>\n","protected":false},"author":1,"featured_media":0,"comment_status":"open","ping_status":"","sticky":false,"template":"","format":"standard","meta":{"footnotes":""},"categories":[90],"tags":[226,36],"class_list":["post-2125004","post","type-post","status-publish","format-standard","hentry","category-international","tag-crawlmanager","tag-euronews-com"],"_links":{"self":[{"href":"https:\/\/analyse.optim.biz\/index.php?rest_route=\/wp\/v2\/posts\/2125004","targetHints":{"allow":["GET"]}}],"collection":[{"href":"https:\/\/analyse.optim.biz\/index.php?rest_route=\/wp\/v2\/posts"}],"about":[{"href":"https:\/\/analyse.optim.biz\/index.php?rest_route=\/wp\/v2\/types\/post"}],"author":[{"embeddable":true,"href":"https:\/\/analyse.optim.biz\/index.php?rest_route=\/wp\/v2\/users\/1"}],"replies":[{"embeddable":true,"href":"https:\/\/analyse.optim.biz\/index.php?rest_route=%2Fwp%2Fv2%2Fcomments&post=2125004"}],"version-history":[{"count":0,"href":"https:\/\/analyse.optim.biz\/index.php?rest_route=\/wp\/v2\/posts\/2125004\/revisions"}],"wp:attachment":[{"href":"https:\/\/analyse.optim.biz\/index.php?rest_route=%2Fwp%2Fv2%2Fmedia&parent=2125004"}],"wp:term":[{"taxonomy":"category","embeddable":true,"href":"https:\/\/analyse.optim.biz\/index.php?rest_route=%2Fwp%2Fv2%2Fcategories&post=2125004"},{"taxonomy":"post_tag","embeddable":true,"href":"https:\/\/analyse.optim.biz\/index.php?rest_route=%2Fwp%2Fv2%2Ftags&post=2125004"}],"curies":[{"name":"wp","href":"https:\/\/api.w.org\/{rel}","templated":true}]}}