{"id":2124993,"date":"2026-09-01T17:12:38","date_gmt":"2026-09-01T14:12:38","guid":{"rendered":"https:\/\/analyse.optim.biz\/?p=2124993"},"modified":"2026-09-01T17:12:38","modified_gmt":"2026-09-01T14:12:38","slug":"bolojan-a-discutat-cu-secretarul-general-al-nato-despre-securitatea-flancului-estic-si-situatia-din-marea","status":"publish","type":"post","link":"https:\/\/analyse.optim.biz\/?p=2124993","title":{"rendered":"Bolojan a discutat cu secretarul general al NATO despre securitatea Flancului Estic \u0219i situa\u021bia din Marea&#8230;"},"content":{"rendered":"<p>[analyse_image type=&#8221;featured&#8221; src=&#8221;https:\/\/cdn.adh.reperio.news\/image-f\/fe1dd883-a80c-424a-916e-fea05e246aa9\/index.jpeg?p=f%3Djpeg%26w%3D1200%26h%3D630%26r%3Dcover&#8221;]<\/p>\n<article class=\"svelte-x63bga\">\n<nav>\n<ul class=\"breadcrump svelte-1pk9a69\">\n<li class=\"svelte-1pk9a69\"><a href=\"https:\/\/adevarul.ro\/\" title=\"Adev\u0103rul\" class=\"svelte-1pk9a69\">Home<\/a><\/li>\n<li class=\"svelte-1pk9a69\"><a href=\"https:\/\/adevarul.ro\/politica\" class=\"svelte-1pk9a69\">Politic\u0103<\/a><\/li>\n<li class=\"svelte-1pk9a69\"><a href=\"https:\/\/adevarul.ro\/politica\/bolojan-a-discutat-cu-secretarul-general-al-nato-2553484.html\" class=\"svelte-1pk9a69\">Bolojan a discutat cu secretarul general al NATO despre securitatea Flancului Estic \u0219i situa\u021bia din Marea Neagr\u0103<\/a><\/li>\n<\/ul>\n<\/nav>\n<p><main class=\"svelte-x63bga\"><\/p>\n<p>Premierul Ilie Bolojan a discutat mar\u021bi, 1 septembrie, cu secretarul general al NATO, Mark Rutte, despre principalele provoc\u0103ri de securitate din regiune, cu accent pe r\u0103zboiul din Ucraina \u0219i situa\u021bia de securitate din Marea Neagr\u0103.<\/p>\n<div class=\"container-image  svelte-1xbw4f3\"><source type=\"image\/webp\" srcset=\"https:\/\/cdn.adh.reperio.news\/image-f\/fe1dd883-a80c-424a-916e-fea05e246aa9\/index.jpeg?p=a%3D1%26co%3D1.05%26w%3D1400%26h%3D750%26r%3Dcontain%26f%3Dwebp 1400w\" media=\"(min-width: 1400px)\" \/><\/p>\n<div class=\"caption svelte-1xbw4f3\"><span class=\"captionText svelte-1xbw4f3\">Mark Rutte \u0219i Ilie Bolojan <span class=\"source svelte-1xbw4f3\">Foto: Gov.ro<\/span><\/span><\/div>\n<\/div>\n<p><i>\u201ePrim-ministrul i-a mul\u021bumit Secretarului General \u0219i NATO pentru sprijinul acordat Rom\u00e2niei \u0219i a subliniat necesitatea ca Alian\u021ba s\u0103 \u00ee\u0219i men\u021bin\u0103 aten\u021bia asupra Flancului Estic \u0219i a M\u0103rii Negre, inclusiv prin dislocarea de capabilit\u0103\u021bi aliate \u00een Rom\u00e2nia, \u00een contextul intensific\u0103rii incursiunilor cu drone \u00een spa\u021biul maritim \u0219i aerian na\u021bional\u201d, <\/i>transmite Guvernul \u00eentr-un comunicat.<\/p>\n<p>Cei doi au discutat \u0219i despre\u00a0situa\u021bia generat\u0103 de incidentele cu drone, a fost \u0219i securitatea naviga\u021biei \u00een Marea Neagr\u0103.<\/p>\n<p><i>\u201eDiscu\u021bia a reconfirmat angajamentul \u021b\u0103rii noastre de a consolida securitatea pe Flancul Estic al Alian\u021bei \u0219i de a sprijini Ucraina \u00een fa\u021ba agresiunii ruse.\u201d<\/i><\/p>\n<p>Discu\u021bia are loc \u00een contextul \u00een care o dron\u0103 c\u0103zut\u0103 \u00een\u00a0extravilanul comunei Vii\u015foara, din jude\u021bul Vaslui, a fost g\u0103sit\u0103 mar\u0163i diminea\u0163a, 1 septembrie.\u00a0<a href=\"https:\/\/adevarul.ro\/stiri-interne\/evenimente\/drona-ruseasca-gasita-pe-un-camp-din-judetul-2553364.html\">Drona ar avea \u00eenc\u0103rc\u0103tur\u0103 explozibil\u0103.<\/a><\/p>\n<p>Zona a fost izolat\u0103, iar la fa\u021ba locului au sosit poli\u021bi\u0219ti, jandarmi \u0219i un echipaj pirotehnic al SRI. Verific\u0103rile urm\u0103resc s\u0103 stabileasc\u0103 tipul aparatului \u0219i \u00eemprejur\u0103rile \u00een care a ajuns acolo, nefiind clar deocamdat\u0103 dac\u0103 drona are leg\u0103tur\u0103 cu atacul rusesc din noaptea precedent\u0103.<\/p>\n<p><\/main><\/p>\n<footer class=\"svelte-x63bga\">\n<div class=\"related-wrap related-footer svelte-78g0vl\"><span class=\"related-label svelte-78g0vl\">Cite\u0219te \u0219i<\/span><a class=\"related svelte-78g0vl\" data-gtrack=\"{&quot;event&quot;:&quot;utm_click&quot;,&quot;data&quot;:{&quot;event_category&quot;:&quot;article_related&quot;}}\" href=\"https:\/\/adevarul.ro\/securitate-si-aparare\/radu-miruta-despre-dronele-maritime-din-marea-2552688.html\" title=\"Alt articol de interes pentru tine\"><img decoding=\"async\" class=\"thumb svelte-78g0vl\" src=\"https:\/\/cdn.adh.reperio.news\/image-a\/a9bac355-2afe-474b-a7f2-190cf3fc4fca\/index.jpeg?p=f%3Dwebp%26w%3D120%26h%3D80%26r%3Dcover%26a%3D0\" alt loading=\"lazy\" width=\"80\" height=\"54\"><span class=\"title svelte-78g0vl\">Radu Miru\u021b\u0103, despre dronele maritime din Marea Neagr\u0103: \u201eUneori da, uneori nu\u201d pot fi detectate de radarele Rom\u00e2niei<\/span><\/a><a class=\"related svelte-78g0vl\" data-gtrack=\"{&quot;event&quot;:&quot;utm_click&quot;,&quot;data&quot;:{&quot;event_category&quot;:&quot;article_related&quot;}}\" href=\"https:\/\/adevarul.ro\/stiri-externe\/europa\/turcia-il-convoaca-pe-ambasadorul-ucrainei-dupa-ce-2552879.html\" title=\"Alt articol de interes pentru tine\"><img decoding=\"async\" class=\"thumb svelte-78g0vl\" src=\"https:\/\/cdn.adh.reperio.news\/image-9\/97f4d915-b1e0-4b29-b347-33e615be9db0\/index.jpeg?p=f%3Dwebp%26w%3D120%26h%3D80%26r%3Dcover%26a%3D0\" alt loading=\"lazy\" width=\"80\" height=\"54\"><span class=\"title svelte-78g0vl\">Turcia \u00eel convoac\u0103 pe ambasadorul Ucrainei dup\u0103 ce dou\u0103 nave turce\u0219ti au fost atacate \u00een Marea Neagr\u0103<\/span><\/a><a class=\"related svelte-78g0vl\" data-gtrack=\"{&quot;event&quot;:&quot;utm_click&quot;,&quot;data&quot;:{&quot;event_category&quot;:&quot;article_related&quot;}}\" href=\"https:\/\/adevarul.ro\/stiri-interne\/evenimente\/drona-ruseasca-gasita-pe-un-camp-din-judetul-2553364.html\" title=\"Alt articol de interes pentru tine\"><img decoding=\"async\" class=\"thumb svelte-78g0vl\" src=\"https:\/\/cdn.adh.reperio.news\/image-5\/59c1a052-1075-4574-81d0-eb3a5a7510af\/index.jpeg?p=f%3Dwebp%26w%3D120%26h%3D80%26r%3Dcover%26a%3D0\" alt loading=\"lazy\" width=\"80\" height=\"54\"><span class=\"title svelte-78g0vl\">O dron\u0103 a fost g\u0103sit\u0103 pe un c\u00e2mp din jude\u021bul Vaslui. Ar avea \u00eenc\u0103rc\u0103tur\u0103 explozibil\u0103. Declara\u021bia prefectului <\/span><\/a><\/div>\n<div class=\"meta svelte-x63bga\">\n<div class=\"authors svelte-x63bga\"><span class=\"names svelte-x63bga\"><a href=\"https:\/\/adevarul.ro\/author\/2070\" rel=\"author\" class=\"svelte-x63bga\">Narcis Ghiurca<\/a><\/span><\/p>\n<div class=\"_hydratable\" data-props=\"%7B%22showLive%22%3Atrue%7D\" data-context=\"%7B%22parentBlockColumnCount%22%3A%7B%22value%22%3A0%2C%22type%22%3A%22store%2Freadable%22%7D%2C%22parentBlockBackgroundColor%22%3A%7B%22type%22%3A%22store%2Freadable%22%7D%7D\" data-component=\"ShareButton\">\n<div class=\"shareButtons svelte-itwbrr\">\n<div class=\"liveSessions metaFont svelte-1maxmbf\"><span class=\"value svelte-1maxmbf\">1<\/span> live <\/div>\n<\/div>\n<\/div>\n<\/div>\n<div class=\"tags svelte-1l3vwp1\"><span class=\"tags-label metaFont svelte-1l3vwp1\">Cite\u0219te mai multe despre<\/span><\/p>\n<div class=\"tags-list svelte-1l3vwp1\"><a href=\"https:\/\/adevarul.ro\/tag\/ucraina\" title=\"Ultimele \u0219tiri despre ucraina\" class=\"tag-pill svelte-1l3vwp1\">ucraina<\/a><a href=\"https:\/\/adevarul.ro\/tag\/marea%20neagra\" title=\"Ultimele \u0219tiri despre marea neagra\" class=\"tag-pill svelte-1l3vwp1\">marea neagra<\/a><a href=\"https:\/\/adevarul.ro\/tag\/ilie%20bolojan\" title=\"Ultimele \u0219tiri despre ilie bolojan\" class=\"tag-pill svelte-1l3vwp1\">ilie bolojan<\/a><a href=\"https:\/\/adevarul.ro\/tag\/mark%20rutte\" title=\"Ultimele \u0219tiri despre mark rutte\" class=\"tag-pill svelte-1l3vwp1\">mark rutte<\/a><\/div>\n<\/div>\n<\/div>\n<p><a class=\"moreFromCategory svelte-x63bga\" href=\"https:\/\/adevarul.ro\/politica\" title=\"Politic\u0103\">Mai multe din <strong class=\"svelte-x63bga\">Politic\u0103<\/strong> \u203a<\/a><\/footer>\n<\/article>\n<p>[analyse_source url=&#8221;https:\/\/adevarul.ro\/politica\/bolojan-a-discutat-cu-secretarul-general-al-nato-2553484.html&#8221;]<\/p>\n","protected":false},"excerpt":{"rendered":"<p>[analyse_image type=&#8221;featured&#8221; src=&#8221;https:\/\/cdn.adh.reperio.news\/image-f\/fe1dd883-a80c-424a-916e-fea05e246aa9\/index.jpeg?p=f%3Djpeg%26w%3D1200%26h%3D630%26r%3Dcover&#8221;] Home Politic\u0103 Bolojan a discutat cu secretarul general al NATO despre securitatea Flancului Estic \u0219i situa\u021bia din Marea Neagr\u0103 Premierul Ilie Bolojan a discutat mar\u021bi, 1 septembrie, cu secretarul general al NATO, Mark Rutte, despre principalele provoc\u0103ri de securitate din regiune, cu accent pe r\u0103zboiul din Ucraina \u0219i situa\u021bia de securitate din [&hellip;]<\/p>\n","protected":false},"author":1,"featured_media":0,"comment_status":"open","ping_status":"","sticky":false,"template":"","format":"standard","meta":{"footnotes":""},"categories":[89],"tags":[19,226],"class_list":["post-2124993","post","type-post","status-publish","format-standard","hentry","category-romania","tag-adevarul","tag-crawlmanager"],"_links":{"self":[{"href":"https:\/\/analyse.optim.biz\/index.php?rest_route=\/wp\/v2\/posts\/2124993","targetHints":{"allow":["GET"]}}],"collection":[{"href":"https:\/\/analyse.optim.biz\/index.php?rest_route=\/wp\/v2\/posts"}],"about":[{"href":"https:\/\/analyse.optim.biz\/index.php?rest_route=\/wp\/v2\/types\/post"}],"author":[{"embeddable":true,"href":"https:\/\/analyse.optim.biz\/index.php?rest_route=\/wp\/v2\/users\/1"}],"replies":[{"embeddable":true,"href":"https:\/\/analyse.optim.biz\/index.php?rest_route=%2Fwp%2Fv2%2Fcomments&post=2124993"}],"version-history":[{"count":0,"href":"https:\/\/analyse.optim.biz\/index.php?rest_route=\/wp\/v2\/posts\/2124993\/revisions"}],"wp:attachment":[{"href":"https:\/\/analyse.optim.biz\/index.php?rest_route=%2Fwp%2Fv2%2Fmedia&parent=2124993"}],"wp:term":[{"taxonomy":"category","embeddable":true,"href":"https:\/\/analyse.optim.biz\/index.php?rest_route=%2Fwp%2Fv2%2Fcategories&post=2124993"},{"taxonomy":"post_tag","embeddable":true,"href":"https:\/\/analyse.optim.biz\/index.php?rest_route=%2Fwp%2Fv2%2Ftags&post=2124993"}],"curies":[{"name":"wp","href":"https:\/\/api.w.org\/{rel}","templated":true}]}}