{"id":2124991,"date":"2026-09-02T00:00:00","date_gmt":"2026-09-01T21:00:00","guid":{"rendered":"https:\/\/analyse.optim.biz\/?p=2124991"},"modified":"2026-09-02T00:00:00","modified_gmt":"2026-09-01T21:00:00","slug":"video-festivalul-de-film-de-la-venetia-2026-povestea-mogulului-de-presa-rupert-murdoch-prezentata-in-deschiderea-festivalului","status":"publish","type":"post","link":"https:\/\/analyse.optim.biz\/?p=2124991","title":{"rendered":"VIDEO Festivalul de Film de la Vene\u021bia 2026: Povestea mogulului de pres\u0103 Rupert Murdoch, prezentat\u0103 \u00een deschiderea festivalului"},"content":{"rendered":"<p>[analyse_image type=&#8221;featured&#8221; src=&#8221;https:\/\/agerpres.ro\/data\/202609\/20260902211709_885466.jpg&#8221;]<\/p>\n<div class=\"mx-auto pt-3\">\n<p><strong>Noul film al regizorului britanic Danny Boyle, &#8221;Ink&#8221;, lansat miercuri \u00een deschiderea Festivalului de Film de la Vene\u021bia, examineaz\u0103 modul \u00een care atacul lui Rupert Murdoch asupra establishmentului media britanic a fost ini\u021bial primit ca o gur\u0103 de aer proasp\u0103t, \u00eenainte de a se transforma \u00eentr-o poveste mult mai \u00eentunecat\u0103, transmite Reuters.<\/strong><\/p>\n<p>Filmul &#8221;Ink&#8221; a fost selectat pentru a deschide cea de-a 83-a edi\u021bie a festivalului, oferindu-i lui Boyle o lansare de mare profil pentru un proiect despre care, \u00een glum\u0103, mul\u021bi oameni au crezut ini\u021bial c\u0103 este despre tatuaje, mai degrab\u0103 dec\u00e2t despre industria media.<\/p>\n<iframe loading=\"lazy\" width=\"560\" height=\"315\" src=\"https:\/\/www.youtube.com\/embed\/eokBqEFiVHs?si=rQMI7zs81Vu0vEh8\" title=\"YouTube video player\" frameborder allow=\"accelerometer; autoplay; clipboard-write; encrypted-media; gyroscope; picture-in-picture; web-share\" referrerpolicy=\"strict-origin-when-cross-origin\" allowfullscreen><\/iframe>\n<hr>\n<p>Filmul, adaptat dup\u0103 piesa de teatru a lui James Graham, prezint\u0103 achizi\u021bia de c\u0103tre Murdoch a publica\u021biei &#8221;The Sun&#8221; \u00een 1969 \u0219i transformarea industriei media britanice, odinioar\u0103 modest\u0103.<\/p>\n<p>&#8221;A fost important pentru noi ca publicul s\u0103 se simt\u0103 complice&#8221;, a declarat Boyle reporterilor. &#8221;Am fost cu to\u021bii complici \u00een aceast\u0103 c\u0103l\u0103torie de la bun \u00eenceput. Apoi, c\u0103l\u0103toria te duce \u00eentr-un \u00eentuneric&#8221;.<\/p>\n<p>Boyle, din filmografia c\u0103ruia fac parte produc\u021bii precum &#8221;Slumdog Millionaire&#8221; (premiat cu Oscar) sau thrillerul cu zombi &#8221;28 Days Later&#8221;, a spus c\u0103 Rupert Murdoch, pe atunci un t\u00e2n\u0103r proprietar de ziar australian care se lupta cu vechea ordine media din Marea Britanie, a injectat energie \u00eentr-o societate rigid\u0103.<\/p>\n<p>&#8221;Nu l-am prezentat pe Rupert Murdoch ca pe un monstru, ceea ce, bine\u00een\u021beles, mul\u021bi oameni fac acum&#8221;, le-a declarat Boyle reporterilor.<\/p>\n<p>Filmul \u00eel prezint\u0103 pe Murdoch confrunt\u00e2ndu-se cu establishment-ul englez \u0219i cu sindicatele, suger\u00e2nd \u00een acela\u0219i timp c\u0103 dezaprob\u0103 excesele ziarului s\u0103u, inclusiv publicarea zilnic\u0103 de fotografii cu modele topless.<\/p>\n<p>Cu toate acestea, Boyle a spus c\u0103 a fost atras de poveste nu \u00een primul r\u00e2nd de Murdoch, interpretat de Guy Pearce, ci mai degrab\u0103 de Larry Lamb, redactorul ambi\u021bios recrutat pentru a reface The Sun, care este interpretat de Jack O&#8217;Connell.<\/p>\n<p>Filmul \u00ee\u0219i propune s\u0103 surprind\u0103 entuziasmul unei perioade \u00een care domina\u021bia publica\u021biilor de pe Fleet Street p\u0103rea gata pentru un moment de turnur\u0103, \u00eenainte de a ar\u0103ta cum aceast\u0103 r\u0103sturnare a dus \u00een cele din urm\u0103 la ascensiunea unui imperiu media global care a exercitat o influen\u021b\u0103 politic\u0103 exagerat\u0103.<\/p>\n<p>De\u0219i ac\u021biunea se petrece acum mai bine de o jum\u0103tate de secol, Boyle a spus c\u0103 \u00ee\u0219i dore\u0219te ca filmul s\u0103 dea sentimentul de contemporaneitate, reflect\u00e2nd preocup\u0103rile moderne legate de puterea mass-media, informa\u021bie \u0219i adev\u0103r.<\/p>\n<p>&#8221;Jurnalismul este unul dintre marii piloni ai oric\u0103rei civiliza\u021bii&#8221;, a spus el, ad\u0103ug\u00e2nd c\u0103 progresele \u00een inteligen\u021ba artificial\u0103 ar putea amenin\u021ba rolul s\u0103u tradi\u021bional de organism de supraveghere.<\/p>\n<p>&#8221;Pericolul este c\u0103 gigan\u021bii tehnologici \u0219i AI-ul lor vor putea \u00eenlocui jurnalismul&#8221;, a spus el. &#8221;Va spune acel jurnalism bazat pe AI adev\u0103rul \u00een fa\u021ba puterii care l-a creat? Va fi foarte, foarte greu&#8221;.<\/p>\n<p>Regizorul a reflectat, de asemenea, asupra mo\u0219tenirii lui Murdoch ca proprietar de ziar \u00eentr-o perioad\u0103 \u00een care jurnalismul tip\u0103rit este \u00een retragere. &#8221;Cerneala \u00eei era \u00een s\u00e2nge. Era jurnalist. Era un om al tiparului. Iubea tipografia&#8221;, a spus Boyle. &#8221;Sunt sigur c\u0103 dispari\u021bia industriei tipografice l-a adus la disperare&#8221;.<\/p>\n<p>Dramaturgul James Graham a spus c\u0103 Murdoch i-a v\u0103zut piesa la Londra \u0219i apoi la New York, suger\u00e2nd c\u0103 i-a pl\u0103cut. \u00cenc\u0103 nu a v\u0103zut filmul, dar Pearce a spus c\u0103 a primit o sus\u021binere nea\u0219teptat\u0103 din partea familiei Murdoch.<\/p>\n<p>&#8221;Am avut ni\u0219te mesaje cu Elisabeth, fiica lui&#8221;, a spus Pearce. &#8221;\u0218i ea mi-a spus: Tata e foarte fericit c\u0103 \u00eel joci tu&#8221;, a declarat Guy Pearce.<\/p>\n<p>Festivalul de Film de la Vene\u021bia se desf\u0103\u0219oar\u0103 de miercuri p\u00e2n\u0103 pe 12 septembrie, cu 21 de filme care concureaz\u0103 pentru prestigiosul premiu Leul de Aur. AGERPRES\/(AS &#8211; editor: Codru\u021b B\u0103lu, editor online: Gabriela Badea)\u00a0<\/p>\n<\/div>\n<div class=\"mx-auto pt-3\">\n                                Afisari: 213\n                            <\/div>\n<p>[analyse_source url=&#8221;https:\/\/agerpres.ro\/cultura\/2026\/09\/02\/video-festivalul-de-film-de-la-venetia-2026-povestea-mogulului-de-presa-rupert-murdoch-prezentata-in&#8211;1590183&#8243;]<\/p>\n","protected":false},"excerpt":{"rendered":"<p>[analyse_image type=&#8221;featured&#8221; src=&#8221;https:\/\/agerpres.ro\/data\/202609\/20260902211709_885466.jpg&#8221;] Noul film al regizorului britanic Danny Boyle, &#8221;Ink&#8221;, lansat miercuri \u00een deschiderea Festivalului de Film de la Vene\u021bia, examineaz\u0103 modul \u00een care atacul lui Rupert Murdoch asupra establishmentului media britanic a fost ini\u021bial primit ca o gur\u0103 de aer proasp\u0103t, \u00eenainte de a se transforma \u00eentr-o poveste mult mai \u00eentunecat\u0103, transmite Reuters. [&hellip;]<\/p>\n","protected":false},"author":1,"featured_media":0,"comment_status":"open","ping_status":"","sticky":false,"template":"","format":"standard","meta":{"footnotes":""},"categories":[2],"tags":[37,226],"class_list":["post-2124991","post","type-post","status-publish","format-standard","hentry","category-politics","tag-agerpres-ro","tag-crawlmanager"],"_links":{"self":[{"href":"https:\/\/analyse.optim.biz\/index.php?rest_route=\/wp\/v2\/posts\/2124991","targetHints":{"allow":["GET"]}}],"collection":[{"href":"https:\/\/analyse.optim.biz\/index.php?rest_route=\/wp\/v2\/posts"}],"about":[{"href":"https:\/\/analyse.optim.biz\/index.php?rest_route=\/wp\/v2\/types\/post"}],"author":[{"embeddable":true,"href":"https:\/\/analyse.optim.biz\/index.php?rest_route=\/wp\/v2\/users\/1"}],"replies":[{"embeddable":true,"href":"https:\/\/analyse.optim.biz\/index.php?rest_route=%2Fwp%2Fv2%2Fcomments&post=2124991"}],"version-history":[{"count":0,"href":"https:\/\/analyse.optim.biz\/index.php?rest_route=\/wp\/v2\/posts\/2124991\/revisions"}],"wp:attachment":[{"href":"https:\/\/analyse.optim.biz\/index.php?rest_route=%2Fwp%2Fv2%2Fmedia&parent=2124991"}],"wp:term":[{"taxonomy":"category","embeddable":true,"href":"https:\/\/analyse.optim.biz\/index.php?rest_route=%2Fwp%2Fv2%2Fcategories&post=2124991"},{"taxonomy":"post_tag","embeddable":true,"href":"https:\/\/analyse.optim.biz\/index.php?rest_route=%2Fwp%2Fv2%2Ftags&post=2124991"}],"curies":[{"name":"wp","href":"https:\/\/api.w.org\/{rel}","templated":true}]}}