{"id":2124961,"date":"2026-09-02T00:00:00","date_gmt":"2026-09-01T21:00:00","guid":{"rendered":"https:\/\/analyse.optim.biz\/?p=2124961"},"modified":"2026-09-02T00:00:00","modified_gmt":"2026-09-01T21:00:00","slug":"video-israelul-pregatit-sa-raspunda-cu-forta-oricarui-atac-iranian","status":"publish","type":"post","link":"https:\/\/analyse.optim.biz\/?p=2124961","title":{"rendered":"VIDEO Israelul preg\u0103tit s\u0103 r\u0103spund\u0103 &#8216;cu for\u021b\u0103&#8217; oric\u0103rui atac iranian"},"content":{"rendered":"<p>[analyse_image type=&#8221;featured&#8221; src=&#8221;https:\/\/agerpres.ro\/data\/202609\/20260902233922_136249.jpg&#8221;]<\/p>\n<div class=\"mx-auto pt-3\">\n<p><strong>Israelul s-a declarat preg\u0103tit miercuri s\u0103 riposteze &#8216;cu for\u021b\u0103&#8217; unui eventual atac iranian, \u00een plin\u0103 reluare a ostilit\u0103\u021bilor \u00eentre Teheran \u0219i Washington, relateaz\u0103 AFP.<\/strong><\/p>\n<p>Israelul a declan\u0219at r\u0103zboiul \u00een Orientul Mijlociu al\u0103turi de Statele Unite la sf\u00e2r\u0219itul lunii februarie, dar a r\u0103mas \u00een retragere pe plan militar dup\u0103 semnarea unui acord de \u00eencetare a focului \u00eentre Washington \u0219i Teheran \u00een aprilie, chiar \u0219i atunci c\u00e2nd acesta s-a pr\u0103bu\u0219it odat\u0103 cu noile confrunt\u0103ri.<\/p>\n<p><a href=\"https:\/\/agerpres.ro\/2026\/09\/02\/iranul-ataca-baze-ale-statelor-unite-dupa-noi-lovituri-americane--1589842\" target=\"_blank\">Miercuri, Iranul a lansat atacuri asupra mai multor \u021b\u0103ri din regiune, ca r\u0103spuns la bombardamentele americane.<\/a><\/p>\n<p>&#8216;\u00cen acest moment, (iranienii) efectueaz\u0103 atacuri \u00een \u00eentreaga regiune, cu excep\u021bia noastr\u0103. Dar este posibil s\u0103 ne atace \u0219i suntem preg\u0103ti\u021bi pentru asta&#8217;, a declarat ministrul ap\u0103r\u0103rii Israel Katz \u00eentr-o conferin\u021b\u0103 organizat\u0103 de institu\u021bia de pres\u0103 israelian\u0103 Ynet.<\/p>\n<div class=\"videoEmbed\"><iframe loading=\"lazy\" allowfullscreen frameborder height=\"349\" mozallowfullscreen src=\"https:\/\/www.youtube.com\/embed\/hBlAObrh0Ds?si=iMnIdqrAxPf1zIYi\" webkitallowfullscreen width=\"560\"><\/iframe><\/div>\n<p>Ministrul de externe Gideon Saar a dat asigur\u0103ri c\u0103 Israelul nu are &#8216;inten\u021bia de a se al\u0103tura r\u0103zboiului \u00een acest moment&#8217;.<\/p>\n<p>&#8216;Dac\u0103 vom ataca\u021bi de Iran, cu siguran\u021b\u0103 vom r\u0103spunde cu for\u021b\u0103, dar nu sunt sigur c\u0103 Iranul va comite aceast\u0103 gre\u0219eal\u0103&#8217;, a declarat el \u00eentr-un interviu acordat postului de televiziune France 24, difuzat miercuri.<\/p>\n<p>La r\u00e2ndul s\u0103u, Katz a afirmat c\u0103 avioanele militare israeliene sunt &#8216;gata de decolare&#8217; \u0219i a subliniat c\u0103 iranienilor &#8216;le place s\u0103 atace \u00een timpul s\u0103rb\u0103torilor evreie\u0219ti&#8217;.<\/p>\n<p>Israelul s-a confruntat de mai multe ori \u00een istoria sa cu atacuri \u00een timpul s\u0103rb\u0103torilor evreie\u0219ti &#8211; dar nu din partea Iranului -, o amintire care revine la suprafa\u021b\u0103 de fiecare dat\u0103 c\u00e2nd se apropie perioadele de s\u0103rb\u0103tori.<\/p>\n<p>Este cazul, de exemplu, al R\u0103zboiului de Yom Kippur din 1973, declan\u0219at de un atac surpriz\u0103 al Egiptului \u0219i Siriei chiar de Yom Kippur. Sau al atacului f\u0103r\u0103 precedent condus de mi\u0219carea palestinian\u0103 Hamas pe 7 octombrie 2023, \u00eentr-o zi de Sabat \u0219i de s\u0103rb\u0103toarea evreiasc\u0103 Simchat Torah.<\/p>\n<p>S\u0103rb\u0103torile evreie\u0219ti de toamn\u0103 vor \u00eencepe la c\u0103derea nop\u021bii pe 11 septembrie cu Rosh Hashana, Anul Nou evreiesc, urmat de Yom Kippur \u00eentre 20 \u0219i 21 septembrie \u0219i de Sukkot \u00eencep\u00e2nd cu 25 septembrie.<\/p>\n<p>Activitatea \u00eencetine\u0219te considerabil \u00een Israel \u00een aceast\u0103 perioad\u0103, \u00eens\u0103 armata \u0219i for\u021bele de securitate r\u0103m\u00e2n, \u00een mod tradi\u021bional, puternic mobilizate. AGERPRES\/(AS &#8211; redactor: Alic M\u00eerza, editor online: Alexandru Cojocaru)<\/p>\n<\/div>\n<div class=\"mx-auto pt-3\">\n                                Afisari: 78\n                            <\/div>\n<p>[analyse_source url=&#8221;https:\/\/agerpres.ro\/politic-extern\/2026\/09\/02\/video-israelul-pregatit-sa-raspunda-cu-forta-oricarui-atac-iranian&#8211;1590195&#8243;]<\/p>\n","protected":false},"excerpt":{"rendered":"<p>[analyse_image type=&#8221;featured&#8221; src=&#8221;https:\/\/agerpres.ro\/data\/202609\/20260902233922_136249.jpg&#8221;] Israelul s-a declarat preg\u0103tit miercuri s\u0103 riposteze &#8216;cu for\u021b\u0103&#8217; unui eventual atac iranian, \u00een plin\u0103 reluare a ostilit\u0103\u021bilor \u00eentre Teheran \u0219i Washington, relateaz\u0103 AFP. Israelul a declan\u0219at r\u0103zboiul \u00een Orientul Mijlociu al\u0103turi de Statele Unite la sf\u00e2r\u0219itul lunii februarie, dar a r\u0103mas \u00een retragere pe plan militar dup\u0103 semnarea unui acord de [&hellip;]<\/p>\n","protected":false},"author":1,"featured_media":0,"comment_status":"open","ping_status":"","sticky":false,"template":"","format":"standard","meta":{"footnotes":""},"categories":[2],"tags":[],"class_list":["post-2124961","post","type-post","status-publish","format-standard","hentry","category-politics"],"_links":{"self":[{"href":"https:\/\/analyse.optim.biz\/index.php?rest_route=\/wp\/v2\/posts\/2124961","targetHints":{"allow":["GET"]}}],"collection":[{"href":"https:\/\/analyse.optim.biz\/index.php?rest_route=\/wp\/v2\/posts"}],"about":[{"href":"https:\/\/analyse.optim.biz\/index.php?rest_route=\/wp\/v2\/types\/post"}],"author":[{"embeddable":true,"href":"https:\/\/analyse.optim.biz\/index.php?rest_route=\/wp\/v2\/users\/1"}],"replies":[{"embeddable":true,"href":"https:\/\/analyse.optim.biz\/index.php?rest_route=%2Fwp%2Fv2%2Fcomments&post=2124961"}],"version-history":[{"count":0,"href":"https:\/\/analyse.optim.biz\/index.php?rest_route=\/wp\/v2\/posts\/2124961\/revisions"}],"wp:attachment":[{"href":"https:\/\/analyse.optim.biz\/index.php?rest_route=%2Fwp%2Fv2%2Fmedia&parent=2124961"}],"wp:term":[{"taxonomy":"category","embeddable":true,"href":"https:\/\/analyse.optim.biz\/index.php?rest_route=%2Fwp%2Fv2%2Fcategories&post=2124961"},{"taxonomy":"post_tag","embeddable":true,"href":"https:\/\/analyse.optim.biz\/index.php?rest_route=%2Fwp%2Fv2%2Ftags&post=2124961"}],"curies":[{"name":"wp","href":"https:\/\/api.w.org\/{rel}","templated":true}]}}