{"id":2124952,"date":"2026-09-02T15:15:16","date_gmt":"2026-09-02T12:15:16","guid":{"rendered":"https:\/\/analyse.optim.biz\/?p=2124952"},"modified":"2026-09-02T15:15:16","modified_gmt":"2026-09-02T12:15:16","slug":"antonio-costa-vine-la-bucuresti-presedintele-consiliului-european-va-fi-primit-joi-la-palatul-cotroceni","status":"publish","type":"post","link":"https:\/\/analyse.optim.biz\/?p=2124952","title":{"rendered":"Antonio Costa vine la Bucure\u0219ti. Pre\u0219edintele Consiliului European va fi primit joi, la Palatul Cotroceni&#8230;"},"content":{"rendered":"<p>[analyse_image type=&#8221;featured&#8221; src=&#8221;https:\/\/s.iw.ro\/gateway\/g\/ZmlsZVNvdXJjZT1odHRwJTNBJTJGJTJG\/c3RvcmFnZTA4dHJhbnNjb2Rlci5yY3Mt\/cmRzLnJvJTJGc3RvcmFnZSUyRjIwMjUl\/MkYwOSUyRjAzJTJGMjM0MjY5OF8yMzQy\/Njk4X2Nvc3RhLXNpLWRhbi5wbmcmdz0x\/MjAwJmg9NjMwJnpjPTEmaGFzaD0wNTE0\/MGY5ZjVlYzY2YTVlYTExZTRiOTcyNDQzNTJlNg==.thumb.jpg&#8221;]<\/p>\n<div class=\"entry data-app-meta data-app-meta-article\" data-embed-base-url-canonical=\"https:\/\/www.digi24.ro\/embed\/stiri\/actualitate\/politica\/antonio-costa-vine-la-bucuresti-presedintele-consiliului-european-va-fi-primit-joi-la-palatul-cotroceni-de-presedintele-nicusor-dan-3932497\">\n<p data-index=\"1\"><strong>Pre\u015fedintele Consiliului European, Ant\u00f3nio Costa, vine \u00een Rom\u00e2nia, joi, el urm\u00e2nd s\u0103 fie primit la Palatul Cotroceni, de c\u0103tre pre\u015fedintele Nicu\u015for Dan.<\/strong><\/p>\n<p data-index=\"2\">Pre\u015fedintele Consiliului European, Ant\u00f3nio Costa, va fi primit la Palatul Cotroceni, la ora 9.30, de c\u0103tre pre\u015fedintele Nicu\u015for Dan. Cei doi vor avea convorbiri t\u00eate-\u00e0-t\u00eate \u015fi convorbiri oficiale \u015fi vor sus\u0163ine declara\u0163ii de pres\u0103 comune, \u00een jurul orei 11.00.<\/p>\n<p data-index=\"3\">Pre\u015fedintele Consiliului European a mai fost \u00een Rom\u00e2nia \u00een septembrie anul trecut, fiind primit de pre\u015fedintele Nicu\u015for Dan.<\/p>\n<p data-index=\"4\">Pre\u015fedintele Nicu\u015for Dan afirma c\u0103 au avut discu\u0163ii despre strategia UE la Marea Neagr\u0103, despre r\u0103zboiul hibrid, solidaritatea european\u0103 \u015fi mecanismul SAFE, dar \u015fi procesul de extindere al Uniunii Europene, pe care Rom\u00e2nia \u00eel sus\u0163ine, \u00een special pentru Republica Moldova.<\/p>\n<p data-index=\"5\">Pre\u015fedintele Consiliului European declara, atunci, \u00een cadrul declara\u0163iilor comune cu Nicu\u015for Dan, c\u0103 to\u0163i europenii \u015ftiu foarte bine c\u0103 securitatea lor depinde de securitatea pe frontiera estic\u0103 \u015fi Rom\u00e2nia este un pilon cheie al securit\u0103\u0163ii europene.<\/p>\n<p> Editor : <a href=\"https:\/\/www.digi24.ro\/autor\/bogdan-enache\"> B.E. <\/a><\/p>\n<\/div>\n<p>[analyse_source url=&#8221;https:\/\/www.digi24.ro\/stiri\/actualitate\/politica\/antonio-costa-vine-la-bucuresti-presedintele-consiliului-european-va-fi-primit-joi-la-palatul-cotroceni-de-presedintele-nicusor-dan-3932497&#8243;]<\/p>\n","protected":false},"excerpt":{"rendered":"<p>[analyse_image type=&#8221;featured&#8221; src=&#8221;https:\/\/s.iw.ro\/gateway\/g\/ZmlsZVNvdXJjZT1odHRwJTNBJTJGJTJG\/c3RvcmFnZTA4dHJhbnNjb2Rlci5yY3Mt\/cmRzLnJvJTJGc3RvcmFnZSUyRjIwMjUl\/MkYwOSUyRjAzJTJGMjM0MjY5OF8yMzQy\/Njk4X2Nvc3RhLXNpLWRhbi5wbmcmdz0x\/MjAwJmg9NjMwJnpjPTEmaGFzaD0wNTE0\/MGY5ZjVlYzY2YTVlYTExZTRiOTcyNDQzNTJlNg==.thumb.jpg&#8221;] Pre\u015fedintele Consiliului European, Ant\u00f3nio Costa, vine \u00een Rom\u00e2nia, joi, el urm\u00e2nd s\u0103 fie primit la Palatul Cotroceni, de c\u0103tre pre\u015fedintele Nicu\u015for Dan. Pre\u015fedintele Consiliului European, Ant\u00f3nio Costa, va fi primit la Palatul Cotroceni, la ora 9.30, de c\u0103tre pre\u015fedintele Nicu\u015for Dan. Cei doi vor avea convorbiri t\u00eate-\u00e0-t\u00eate \u015fi convorbiri oficiale \u015fi vor [&hellip;]<\/p>\n","protected":false},"author":1,"featured_media":0,"comment_status":"open","ping_status":"","sticky":false,"template":"","format":"standard","meta":{"footnotes":""},"categories":[89],"tags":[226,11],"class_list":["post-2124952","post","type-post","status-publish","format-standard","hentry","category-romania","tag-crawlmanager","tag-digi24"],"_links":{"self":[{"href":"https:\/\/analyse.optim.biz\/index.php?rest_route=\/wp\/v2\/posts\/2124952","targetHints":{"allow":["GET"]}}],"collection":[{"href":"https:\/\/analyse.optim.biz\/index.php?rest_route=\/wp\/v2\/posts"}],"about":[{"href":"https:\/\/analyse.optim.biz\/index.php?rest_route=\/wp\/v2\/types\/post"}],"author":[{"embeddable":true,"href":"https:\/\/analyse.optim.biz\/index.php?rest_route=\/wp\/v2\/users\/1"}],"replies":[{"embeddable":true,"href":"https:\/\/analyse.optim.biz\/index.php?rest_route=%2Fwp%2Fv2%2Fcomments&post=2124952"}],"version-history":[{"count":0,"href":"https:\/\/analyse.optim.biz\/index.php?rest_route=\/wp\/v2\/posts\/2124952\/revisions"}],"wp:attachment":[{"href":"https:\/\/analyse.optim.biz\/index.php?rest_route=%2Fwp%2Fv2%2Fmedia&parent=2124952"}],"wp:term":[{"taxonomy":"category","embeddable":true,"href":"https:\/\/analyse.optim.biz\/index.php?rest_route=%2Fwp%2Fv2%2Fcategories&post=2124952"},{"taxonomy":"post_tag","embeddable":true,"href":"https:\/\/analyse.optim.biz\/index.php?rest_route=%2Fwp%2Fv2%2Ftags&post=2124952"}],"curies":[{"name":"wp","href":"https:\/\/api.w.org\/{rel}","templated":true}]}}