{"id":2124949,"date":"2026-09-02T15:11:03","date_gmt":"2026-09-02T12:11:03","guid":{"rendered":"https:\/\/analyse.optim.biz\/?p=2124949"},"modified":"2026-09-02T15:11:03","modified_gmt":"2026-09-02T12:11:03","slug":"nicusor-dan-mesaj-de-felicitare-pentru-noul-presedinte-al-estoniei-astept-cu-interes-sa-colaboram","status":"publish","type":"post","link":"https:\/\/analyse.optim.biz\/?p=2124949","title":{"rendered":"Nicu\u0219or Dan, mesaj de felicitare pentru noul pre\u0219edinte al Estoniei: \u201eA\u0219tept cu interes s\u0103 colabor\u0103m&#8230;"},"content":{"rendered":"<p>[analyse_image type=&#8221;featured&#8221; src=&#8221;https:\/\/s.iw.ro\/gateway\/g\/ZmlsZVNvdXJjZT1odHRwJTNBJTJGJTJG\/c3RvcmFnZTA4dHJhbnNjb2Rlci5yY3Mt\/cmRzLnJvJTJGc3RvcmFnZSUyRjIwMjYl\/MkYwNyUyRjE1JTJGMjg1MTgwOV8yODUx\/ODA5X25pY3Vzb3ItZGFuLWtpZXYtMS5q\/cGcmdz0xMjAwJmg9NjMwJnpjPTEmaGFz\/aD0zOWQ3ZGUyNDI2ZjIwYTZhMmY5OTVjZjkwNmIwZGFiYQ==.thumb.jpg&#8221;]<\/p>\n<div class=\"entry data-app-meta data-app-meta-article\" data-embed-base-url-canonical=\"https:\/\/www.digi24.ro\/embed\/stiri\/actualitate\/politica\/nicusor-dan-mesaj-de-felicitare-pentru-noul-presedinte-al-estoniei-astept-cu-interes-sa-colaboram-indeaproape-3932519\">\n<p data-index=\"1\"><strong>Pre\u0219edintele Nicu\u0219or Dan a felicitat-o pe Ulle Madise cu ocazia alegerii \u00een func\u021bia de pre\u0219edinte al Estoniei. \u00cen mesajul s\u0103u, \u0219eful statului a subliniat c\u0103 Rom\u00e2nia \u0219i Estonia sunt parteneri europeni apropia\u021bi \u0219i alia\u021bi \u00een cadrul NATO, cele dou\u0103 \u021b\u0103ri fiind unite de o responsabilitate comun\u0103 pentru securitatea regiunii.<\/strong><\/p>\n<p data-index=\"2\"><span>\u201eFelicit\u0103ri, Ulle Madise, cu ocazia alegerii dumneavoastr\u0103 \u00een func\u021bia de pre\u0219edinte al Estoniei! Rom\u00e2nia \u0219i Estonia sunt parteneri europeni apropia\u021bi \u0219i alia\u021bi \u00een cadrul NATO, uni\u021bi de o responsabilitate comun\u0103 pentru securitatea regiunii noastre \u0219i a flancului estic al NATO, de la Marea Baltic\u0103 p\u00e2n\u0103 la Marea Neagr\u0103. A\u0219tept cu interes s\u0103 colabor\u0103m \u00eendeaproape pentru a ne consolida parteneriatul, \u00een interesul securit\u0103\u021bii \u0219i prosperit\u0103\u021bii popoarelor noastre\u201d, a scris Nicu\u0219or Dan pe X.<\/span><\/p>\n<p class=\"gdpr-placeholder gdpr-social-media \" data-index=\"3\"> Setarile tale privind cookie-urile nu permit afisarea continutul din aceasta sectiune. Poti actualiza setarile modulelor coookie direct din browser sau de <a class=\"ot-sdk-show-settings\" data-skip-linkfix=\"1\">aici<\/a> \u2013 e nevoie sa accepti cookie-urile social media<\/p>\n<p data-index=\"4\"><span>Mesajul vine \u00een contextul \u00een care parlamentul Estoniei a ales-o miercuri pe jurista constitu\u0163ional\u0103 Ulle Madise ca viitor pre\u015fedinte al acestei \u0163\u0103ri baltice, ea devenind astfel a doua femeie care ocup\u0103 aceast\u0103 func\u0163ie, \u00een mare parte ceremonial\u0103, relateaz\u0103 Reuters.\u00a0<\/span><\/p>\n<p data-index=\"5\"><span>Ulle Madise, \u00een v\u00e2rst\u0103 de 51 de ani, este ombudsmanul din Estonia din 2015 \u015fi ea va ocupa func\u0163ia de pre\u015fedinte pentru urm\u0103torii cinci ani.<\/span><\/p>\n<p data-index=\"6\"><span>Estonia, o \u0163ar\u0103 de 1,4 milioane de locuitori care se \u00eenvecineaz\u0103 cu Rusia, se num\u0103r\u0103 printre cei mai ferven\u0163i sus\u0163in\u0103tori ai Ucrainei \u015fi critici ai Moscovei din cadrul NATO \u015fi al Uniunii Europene. A devenit una dintre \u0163\u0103rile cu cele mai mari cheltuieli militare, aloc\u00e2nd \u00een acest an 5,4% din produsul intern brut pentru ap\u0103rare.<\/span><\/p>\n<p data-index=\"7\"><span>\u00cen Estonia, pre\u015fedintele este ales de Riigikogu, parlamentul \u0163\u0103rii. Madise a candidat f\u0103r\u0103 contracandidat, dup\u0103 ce niciun alt candidat nu a ob\u0163inut suficient sprijin parlamentar pentru a se \u00eenregistra.<\/span><\/p>\n<p data-index=\"8\"><span>Ea \u00eei succede lui Alar Karis, care nu a mai candidat pentru un al doilea mandat.<\/span><\/p>\n<p data-index=\"9\"><span>Riigikogu a ales-o din primul tur, cu 71 de voturi, peste pragul necesar de 68. Au participat la vot 78 de deputa\u0163i, iar \u015fapte buletine au r\u0103mas nemarcate.<\/span><\/p>\n<p data-index=\"10\"><span>Kersti Kaljulaid a fost prima femeie pre\u015fedinte a Estoniei, cu mandat din<\/span><span>2016 p\u00e2n\u0103 \u00een 2021.<\/span><\/p>\n<p data-index=\"11\"><span>Madise \u00ee\u015fi va prelua efectiv func\u0163ia la 12 octombrie, c\u00e2nd va depune jur\u0103m\u00e2ntul \u015fi \u00eel va \u00eenlocui pe Alar Karis.\u00a0<\/span><\/p>\n<p data-index=\"12\"><strong>Cite\u0219te \u0219i:<\/strong><\/p>\n<p data-index=\"13\"><a href=\"https:\/\/www.digi24.ro\/stiri\/externe\/ue\/de-ce-tarile-de-pe-flancul-estic-al-nato-resping-temerile-privind-un-atac-al-rusiei-exista-insa-motive-sa-credem-ca-riscul-a-crescut-3929317\" target=\"_blank\" rel=\"noopener\" data-skip-linkfix=\"1\"><strong>De ce \u021b\u0103rile de pe flancul estic al NATO resping temerile privind un atac al Rusiei: \u201eExist\u0103 \u00eens\u0103 motive s\u0103 credem c\u0103 riscul a crescut\u201d<\/strong><\/a><\/p>\n<p data-index=\"14\"><a href=\"https:\/\/www.digi24.ro\/stiri\/externe\/atacurile-hibride-tot-mai-intense-ale-rusiei-pun-europa-intr-o-dilema-dificila-raspunsurile-au-fost-reactive-si-defensive-3923143\" target=\"_blank\" rel=\"noopener\" data-skip-linkfix=\"1\"><strong>Atacurile hibride tot mai intense ale Rusiei pun Europa \u00eentr-o dilem\u0103 dificil\u0103. \u201eR\u0103spunsurile au fost reactive \u0219i defensive\u201d<\/strong><\/a><\/p>\n<p> Editor : <a href=\"https:\/\/www.digi24.ro\/autor\/ana-gherghita\"> A.M.G. <\/a><\/p>\n<\/div>\n<p>[analyse_source url=&#8221;https:\/\/www.digi24.ro\/stiri\/actualitate\/politica\/nicusor-dan-mesaj-de-felicitare-pentru-noul-presedinte-al-estoniei-astept-cu-interes-sa-colaboram-indeaproape-3932519&#8243;]<\/p>\n","protected":false},"excerpt":{"rendered":"<p>[analyse_image type=&#8221;featured&#8221; src=&#8221;https:\/\/s.iw.ro\/gateway\/g\/ZmlsZVNvdXJjZT1odHRwJTNBJTJGJTJG\/c3RvcmFnZTA4dHJhbnNjb2Rlci5yY3Mt\/cmRzLnJvJTJGc3RvcmFnZSUyRjIwMjYl\/MkYwNyUyRjE1JTJGMjg1MTgwOV8yODUx\/ODA5X25pY3Vzb3ItZGFuLWtpZXYtMS5q\/cGcmdz0xMjAwJmg9NjMwJnpjPTEmaGFz\/aD0zOWQ3ZGUyNDI2ZjIwYTZhMmY5OTVjZjkwNmIwZGFiYQ==.thumb.jpg&#8221;] Pre\u0219edintele Nicu\u0219or Dan a felicitat-o pe Ulle Madise cu ocazia alegerii \u00een func\u021bia de pre\u0219edinte al Estoniei. \u00cen mesajul s\u0103u, \u0219eful statului a subliniat c\u0103 Rom\u00e2nia \u0219i Estonia sunt parteneri europeni apropia\u021bi \u0219i alia\u021bi \u00een cadrul NATO, cele dou\u0103 \u021b\u0103ri fiind unite de o responsabilitate comun\u0103 pentru securitatea regiunii. \u201eFelicit\u0103ri, Ulle Madise, [&hellip;]<\/p>\n","protected":false},"author":1,"featured_media":0,"comment_status":"open","ping_status":"","sticky":false,"template":"","format":"standard","meta":{"footnotes":""},"categories":[89],"tags":[226,11],"class_list":["post-2124949","post","type-post","status-publish","format-standard","hentry","category-romania","tag-crawlmanager","tag-digi24"],"_links":{"self":[{"href":"https:\/\/analyse.optim.biz\/index.php?rest_route=\/wp\/v2\/posts\/2124949","targetHints":{"allow":["GET"]}}],"collection":[{"href":"https:\/\/analyse.optim.biz\/index.php?rest_route=\/wp\/v2\/posts"}],"about":[{"href":"https:\/\/analyse.optim.biz\/index.php?rest_route=\/wp\/v2\/types\/post"}],"author":[{"embeddable":true,"href":"https:\/\/analyse.optim.biz\/index.php?rest_route=\/wp\/v2\/users\/1"}],"replies":[{"embeddable":true,"href":"https:\/\/analyse.optim.biz\/index.php?rest_route=%2Fwp%2Fv2%2Fcomments&post=2124949"}],"version-history":[{"count":0,"href":"https:\/\/analyse.optim.biz\/index.php?rest_route=\/wp\/v2\/posts\/2124949\/revisions"}],"wp:attachment":[{"href":"https:\/\/analyse.optim.biz\/index.php?rest_route=%2Fwp%2Fv2%2Fmedia&parent=2124949"}],"wp:term":[{"taxonomy":"category","embeddable":true,"href":"https:\/\/analyse.optim.biz\/index.php?rest_route=%2Fwp%2Fv2%2Fcategories&post=2124949"},{"taxonomy":"post_tag","embeddable":true,"href":"https:\/\/analyse.optim.biz\/index.php?rest_route=%2Fwp%2Fv2%2Ftags&post=2124949"}],"curies":[{"name":"wp","href":"https:\/\/api.w.org\/{rel}","templated":true}]}}