{"id":2124940,"date":"2026-09-02T14:42:13","date_gmt":"2026-09-02T11:42:13","guid":{"rendered":"https:\/\/analyse.optim.biz\/?p=2124940"},"modified":"2026-09-02T14:42:13","modified_gmt":"2026-09-02T11:42:13","slug":"romania-si-tarile-din-ue-convoaca-ambasadori-sau-diplomati-rusi-dupa-incidentul-cu-drona-din-germania","status":"publish","type":"post","link":"https:\/\/analyse.optim.biz\/?p=2124940","title":{"rendered":"Rom\u00e2nia \u0219i \u021b\u0103rile din UE convoac\u0103 ambasadori sau diploma\u021bi ru\u0219i dup\u0103 incidentul cu dron\u0103 din Germania"},"content":{"rendered":"<p>[analyse_image type=&#8221;featured&#8221; src=&#8221;https:\/\/s.iw.ro\/gateway\/g\/ZmlsZVNvdXJjZT1odHRwJTNBJTJGJTJG\/c3RvcmFnZTA4dHJhbnNjb2Rlci5yY3Mt\/cmRzLnJvJTJGc3RvcmFnZSUyRjIwMjUl\/MkYwMSUyRjA4JTJGMjE2MzI5NV8yMTYz\/Mjk1X3N0ZWFnLXVlR2V0dHlJbWFnZXMt\/NDU3Nzg3NDI4LmpwZyZ3PTEyMDAmaD02\/MzAmemM9MSZoYXNoPTk3MjgyNWRjZTRhZDVkZDBkNWFkNDEzMTQ0MWRlMTFk.thumb.jpg&#8221;]<\/p>\n<div class=\"entry data-app-meta data-app-meta-article\" data-embed-base-url-canonical=\"https:\/\/www.digi24.ro\/embed\/stiri\/externe\/ue\/romania-si-tarile-din-ue-convoaca-ambasadori-sau-diplomati-rusi-dupa-incidentul-cu-drona-din-germania-3932465\">\n<p data-index=\"1\"><strong>Rom\u00e2nia \u0219i \u021b\u0103rile din Uniunea European\u0103 cheam\u0103 ambasadori sau diploma\u021bi ru\u0219i la sediile ministerelor de Externe. Aceste convoc\u0103ri au loc \u00een contextul sabotajului ordonat de Kremlin \u00een Germania.<\/strong><\/p>\n<p data-index=\"2\">Ministerul de Externe a dat un comunicat de pres\u0103 \u00een urm\u0103 cu pu\u021bin timp. A anun\u021bat c\u0103, dup\u0103 ce autorit\u0103\u021bile germane au stabilit c\u0103 Rusia este responsabil\u0103 pentru <a href=\"https:\/\/www.digi24.ro\/stiri\/externe\/ue\/noi-informatii-despre-tentativa-de-sabotaj-de-la-aeroportul-din-leipzig-au-fost-descoperite-inca-o-drona-si-urme-de-explozibil-militar-3920145\" target=\"_blank\" rel=\"noopener\" data-skip-linkfix=\"1\">sabotajul de pe aeroportul din Leipzig<\/a>, a decis s\u0103 \u00eel convoace pe ambasadorul Moscovei la Bucure\u0219ti, la Ministerul de Externe. Oana \u021aoiu a transmis c\u0103 \u00eei va spune un mesaj clar: Rom\u00e2nia nu tolereaz\u0103 ac\u021biunile hibride ale Rusiei \u0219i \u021b\u0103rile Uniunii Europene r\u0103m\u00e2n unite, relateaz\u0103 <span lang=\"ro-RO\">Alexandra Dinu, jurnalist Digi24<\/span>.<\/p>\n<p data-index=\"3\">De altfel, Germania a fost prima \u021bar\u0103 care a convocat ambasadorul rus la sediul Ministerului de Externe din Berlin. A anun\u021bat, desigur, \u0219i mai multe m\u0103suri: \u00eenchiderea consulatului general al Rusiei din Bonn este una dintre ele. Ast\u0103zi, <a href=\"https:\/\/www.digi24.ro\/stiri\/externe\/rusia\/moscova-l-a-convocat-pe-insarcinatul-cu-afaceri-al-germaniei-dupa-ce-berlinul-a-acuzat-moscova-de-razboi-hibrid-3932427\" target=\"_blank\" rel=\"noopener\" data-skip-linkfix=\"1\">o m\u0103sur\u0103 \u00een oglind\u0103 au luat \u0219i ru\u0219ii<\/a> &#8211; l-au chemat pe \u0219eful diploma\u021biei, reprezentantul diploma\u021biei la Moscova.<\/p>\n<p data-index=\"4\">De asemenea, sunt \u0219i alte \u021b\u0103ri europene care au convocat ambasadori sau diploma\u021bi. Fran\u021ba l-a chemat la Ministerul de Externe pe \u00eens\u0103rcinatul cu afaceri. De asemenea, ambasadori au fost convoca\u021bi \u0219i \u00een Belgia, Cehia, Portugalia \u0219i, iat\u0103, \u0219i acum Rom\u00e2nia.<\/p>\n<h2 id=\"highlight-3932465-1\">Oana \u021aoiu: Nu vom tolera ac\u021biunile hibride ale Rusiei \u0219i vom r\u0103spunde uni\u021bi.<\/h2>\n<p data-index=\"5\">\u201eDup\u0103 ce autorit\u0103\u021bile germane au stabilit c\u0103 Rusia poart\u0103 r\u0103spunderea pentru atacul cu dron\u0103 de pe aeroportul Leipzig\/Halle, ac\u021bion\u0103m colectiv \u0219i ferm ca state membre UE \u0219i alia\u021bi NATO.<\/p>\n<p data-index=\"6\">Rom\u00e2nia este pe deplin solidar\u0103 cu Germania \u0219i cu celelalte state europene care au fost martore ale activit\u0103\u021bilor hibride, ingerin\u021belor sau provoc\u0103rilor nechibzuite \u0219i persistente ale Rusiei. Rom\u00e2nia se num\u0103r\u0103 printre aceste \u021b\u0103ri. Aceste ac\u021biuni nu vor r\u0103m\u00e2ne f\u0103r\u0103 r\u0103spuns.<\/p>\n<p data-index=\"7\">Am decis convocarea ambasadorului Rusiei la Bucure\u0219ti la sediul MAE rom\u00e2n.<\/p>\n<p data-index=\"8\">Mesajul nostru este clar: nu vom tolera ac\u021biunile hibride ale Rusiei \u0219i vom r\u0103spunde uni\u021bi. Nu va exista impunitate. Descurajarea necesit\u0103 at\u00e2t preg\u0103tire, c\u00e2t \u0219i voin\u021ba de a impune un cost real agresorului\u201d, a scris Oana \u021aoiu pe X.<\/p>\n<p class=\"gdpr-placeholder gdpr-social-media \" data-index=\"9\"> Setarile tale privind cookie-urile nu permit afisarea continutul din aceasta sectiune. Poti actualiza setarile modulelor coookie direct din browser sau de <a class=\"ot-sdk-show-settings\" data-skip-linkfix=\"1\">aici<\/a> \u2013 e nevoie sa accepti cookie-urile social media<\/p>\n<h2 id=\"highlight-3932465-2\">Guvernul Rom\u00e2niei \u00ee\u0219i exprim\u0103 solidaritatea deplin\u0103 cu Germania<\/h2>\n<p data-index=\"10\">Guvernul Rom\u00e2niei \u015fi-a exprimat, mar\u0163i, solidaritatea deplin\u0103 cu Germania, dup\u0103 incidentul cu dron\u0103 de la Leipzig.<\/p>\n<p data-index=\"11\">\u201eGuvernul Rom\u00e2niei \u00ee\u0219i exprim\u0103 solidaritatea deplin\u0103 cu Germania \u00een urma atribuirii incidentului cu drona de la Leipzig statului rus. Acesta este un alt exemplu al comportamentului provocator al Rusiei fa\u021b\u0103 de UE \u0219i statele sale membre\u201d, a transmis Executivul pe platforma X.<\/p>\n<p class=\"gdpr-placeholder gdpr-social-media \" data-index=\"12\"> Setarile tale privind cookie-urile nu permit afisarea continutul din aceasta sectiune. Poti actualiza setarile modulelor coookie direct din browser sau de <a class=\"ot-sdk-show-settings\" data-skip-linkfix=\"1\">aici<\/a> \u2013 e nevoie sa accepti cookie-urile social media<\/p>\n<p> Editor : <a href=\"https:\/\/www.digi24.ro\/autor\/liviu-cojan\"> Liviu Cojan <\/a><\/p>\n<\/div>\n<p>[analyse_source url=&#8221;https:\/\/www.digi24.ro\/stiri\/externe\/ue\/romania-si-tarile-din-ue-convoaca-ambasadori-sau-diplomati-rusi-dupa-incidentul-cu-drona-din-germania-3932465&#8243;]<\/p>\n","protected":false},"excerpt":{"rendered":"<p>[analyse_image type=&#8221;featured&#8221; src=&#8221;https:\/\/s.iw.ro\/gateway\/g\/ZmlsZVNvdXJjZT1odHRwJTNBJTJGJTJG\/c3RvcmFnZTA4dHJhbnNjb2Rlci5yY3Mt\/cmRzLnJvJTJGc3RvcmFnZSUyRjIwMjUl\/MkYwMSUyRjA4JTJGMjE2MzI5NV8yMTYz\/Mjk1X3N0ZWFnLXVlR2V0dHlJbWFnZXMt\/NDU3Nzg3NDI4LmpwZyZ3PTEyMDAmaD02\/MzAmemM9MSZoYXNoPTk3MjgyNWRjZTRhZDVkZDBkNWFkNDEzMTQ0MWRlMTFk.thumb.jpg&#8221;] Rom\u00e2nia \u0219i \u021b\u0103rile din Uniunea European\u0103 cheam\u0103 ambasadori sau diploma\u021bi ru\u0219i la sediile ministerelor de Externe. Aceste convoc\u0103ri au loc \u00een contextul sabotajului ordonat de Kremlin \u00een Germania. Ministerul de Externe a dat un comunicat de pres\u0103 \u00een urm\u0103 cu pu\u021bin timp. A anun\u021bat c\u0103, dup\u0103 ce autorit\u0103\u021bile germane au stabilit c\u0103 [&hellip;]<\/p>\n","protected":false},"author":1,"featured_media":0,"comment_status":"open","ping_status":"","sticky":false,"template":"","format":"standard","meta":{"footnotes":""},"categories":[89],"tags":[226,11],"class_list":["post-2124940","post","type-post","status-publish","format-standard","hentry","category-romania","tag-crawlmanager","tag-digi24"],"_links":{"self":[{"href":"https:\/\/analyse.optim.biz\/index.php?rest_route=\/wp\/v2\/posts\/2124940","targetHints":{"allow":["GET"]}}],"collection":[{"href":"https:\/\/analyse.optim.biz\/index.php?rest_route=\/wp\/v2\/posts"}],"about":[{"href":"https:\/\/analyse.optim.biz\/index.php?rest_route=\/wp\/v2\/types\/post"}],"author":[{"embeddable":true,"href":"https:\/\/analyse.optim.biz\/index.php?rest_route=\/wp\/v2\/users\/1"}],"replies":[{"embeddable":true,"href":"https:\/\/analyse.optim.biz\/index.php?rest_route=%2Fwp%2Fv2%2Fcomments&post=2124940"}],"version-history":[{"count":0,"href":"https:\/\/analyse.optim.biz\/index.php?rest_route=\/wp\/v2\/posts\/2124940\/revisions"}],"wp:attachment":[{"href":"https:\/\/analyse.optim.biz\/index.php?rest_route=%2Fwp%2Fv2%2Fmedia&parent=2124940"}],"wp:term":[{"taxonomy":"category","embeddable":true,"href":"https:\/\/analyse.optim.biz\/index.php?rest_route=%2Fwp%2Fv2%2Fcategories&post=2124940"},{"taxonomy":"post_tag","embeddable":true,"href":"https:\/\/analyse.optim.biz\/index.php?rest_route=%2Fwp%2Fv2%2Ftags&post=2124940"}],"curies":[{"name":"wp","href":"https:\/\/api.w.org\/{rel}","templated":true}]}}