{"id":2124939,"date":"2026-09-02T16:55:18","date_gmt":"2026-09-02T13:55:18","guid":{"rendered":"https:\/\/analyse.optim.biz\/?p=2124939"},"modified":"2026-09-02T16:55:18","modified_gmt":"2026-09-02T13:55:18","slug":"comisia-europeana-cere-explicatii-romaniei-privind-noua-lege-a-integritatii-bruxelles-ul-verifica","status":"publish","type":"post","link":"https:\/\/analyse.optim.biz\/?p=2124939","title":{"rendered":"Comisia European\u0103 cere explica\u021bii Rom\u00e2niei privind noua Lege a integrit\u0103\u021bii. Bruxelles-ul verific\u0103&#8230;"},"content":{"rendered":"<p>[analyse_image type=&#8221;featured&#8221; src=&#8221;https:\/\/cdn.adh.reperio.news\/image-b\/b63233b9-93ae-43ce-a0fa-dd470fbf14dd\/index.png?p=f%3Djpeg%26w%3D1200%26h%3D630%26r%3Dcover&#8221;]<\/p>\n<article class=\"svelte-x63bga\">\n<nav>\n<ul class=\"breadcrump svelte-1pk9a69\">\n<li class=\"svelte-1pk9a69\"><a href=\"https:\/\/adevarul.ro\/\" title=\"Adev\u0103rul\" class=\"svelte-1pk9a69\">Home<\/a><\/li>\n<li class=\"svelte-1pk9a69\"><a href=\"https:\/\/adevarul.ro\/politica\" class=\"svelte-1pk9a69\">Politic\u0103<\/a><\/li>\n<li class=\"svelte-1pk9a69\"><a href=\"https:\/\/adevarul.ro\/politica\/comisia-europeana-cere-explicatii-romaniei-privind-2553721.html\" class=\"svelte-1pk9a69\">Comisia European\u0103 cere explica\u021bii Rom\u00e2niei privind noua Lege a integrit\u0103\u021bii. Bruxelles-ul verific\u0103 \u201eamendamentul Fritz\u201d \u0219i impactul asupra ale\u0219ilor locali<\/a><\/li>\n<\/ul>\n<\/nav>\n<p><main class=\"svelte-x63bga\"><\/p>\n<p>Comisia European\u0103 a solicitat oficial autorit\u0103\u021bilor rom\u00e2ne explica\u021bii cu privire la noua Lege a integrit\u0103\u021bii, intrat\u0103 recent \u00een vigoare, \u0219i \u00een special asupra prevederii cunoscute drept <i>\u201eamendamentul Fritz\u201d,<\/i> potrivit unor surse oficiale citate de\u00a0<a href=\"https:\/\/www.g4media.ro\/exclusiv-comisia-europeana-a-cerut-romaniei-clarificari-despre-amendamentul-fritz-introdus-de-psd-si-aur-in-legea-integritatii-jalon-pnrr-de-770-milioane-euro-ue-vrea-sa-stie-cum.html\" rel=\"nofollow\">G4Media.<\/a><\/p>\n<div class=\"container-image  svelte-1xbw4f3\"><source type=\"image\/webp\" srcset=\"https:\/\/cdn.adh.reperio.news\/image-b\/b63233b9-93ae-43ce-a0fa-dd470fbf14dd\/index.png?p=a%3D1%26co%3D1.05%26w%3D1400%26h%3D750%26r%3Dcontain%26f%3Dwebp 1400w\" media=\"(min-width: 1400px)\" \/><\/p>\n<div class=\"caption svelte-1xbw4f3\"><span class=\"captionText svelte-1xbw4f3\"><span class=\"source svelte-1xbw4f3\">Foto: Facebook<\/span><\/span><\/div>\n<\/div>\n<p>Solicitarea a fost transmis\u0103 de directorul general al Direc\u021biei Generale Justi\u021bie \u0219i Consumatori (DG JUST) din cadrul Comisiei Europene, Ana Gallego. <\/p>\n<p>Bucure\u0219tiul are la dispozi\u021bie dou\u0103 s\u0103pt\u0103m\u00e2ni pentru a r\u0103spunde unei serii de \u00eentreb\u0103ri referitoare la compatibilitatea noilor prevederi cu principiile dreptului european.<\/p>\n<h2>Bruxelles-ul verific\u0103 efectele asupra mandatelor ale\u0219ilor<\/h2>\n<p>Una dintre principalele preocup\u0103ri ale Comisiei Europene este impactul noilor prevederi asupra ale\u0219ilor locali \u0219i demnitarilor care sunt viza\u021bi de decizii privind incompatibilitatea sau conflictul de interese.<\/p>\n<p><a href=\"https:\/\/adevarul.ro\/stiri-interne\/evenimente\/legea-integritatii-a-fost-publicata-in-monitorul-2552804.html\">Legea prevede \u00eencetarea de drept a mandatelor,<\/a>\u00a0la o lun\u0103 de la intrarea \u00een vigoare, pentru persoanele vizate de anumite decizii anterioare. Printre cei care ar putea fi afecta\u021bi se num\u0103r\u0103 \u0219i primarul Timi\u0219oarei, Dominic Fritz.<\/p>\n<p>Prevederea a generat controverse politice \u0219i juridice, fiind criticat\u0103 de opozi\u021bie \u0219i de reprezentan\u021bi ai societ\u0103\u021bii civile. Criticii sus\u021bin c\u0103 aplicarea noilor reguli unor situa\u021bii produse \u00een trecut ridic\u0103 probleme \u00een raport cu principiul neretroactivit\u0103\u021bii \u0219i c\u0103 m\u0103sura ar putea avea un caracter punitiv.<\/p>\n<h2>Comisia \u00eentreab\u0103 dac\u0103 legea respect\u0103 principiile dreptului european<\/h2>\n<p>Potrivit documentului consultat de G4Media, Comisia European\u0103 solicit\u0103 informa\u021bii privind compatibilitatea noilor reglement\u0103ri cu principii precum securitatea juridic\u0103, propor\u021bionalitatea \u0219i neretroactivitatea.<\/p>\n<p>Bruxelles-ul vrea s\u0103 afle dac\u0103 \u00eencetarea automat\u0103 a mandatelor este precedat\u0103 de o analiz\u0103 individual\u0103 a gravit\u0103\u021bii fiec\u0103rui caz \u0219i dac\u0103 m\u0103sura respect\u0103 principiul <i>\u201ene bis in idem\u201d, <\/i>care interzice sanc\u021bionarea de dou\u0103 ori pentru aceea\u0219i fapt\u0103.<\/p>\n<p>Executivul european solicit\u0103, de asemenea, date privind num\u0103rul total al ale\u0219ilor care ar putea fi afecta\u021bi, natura juridic\u0103 a m\u0103surii \u0219i existen\u021ba unor mecanisme prin care instan\u021bele s\u0103 poat\u0103 exclude aplicarea acesteia \u00een cazurile considerate minore.<\/p>\n<p>O alt\u0103 \u00eentrebare se refer\u0103 la existen\u021ba unor c\u0103i efective de atac pentru persoanele care \u00ee\u0219i pierd mandatul \u00een baza noilor prevederi.<\/p>\n<h2>\u0218apte teme, puse \u00een discu\u021bie de Comisia European\u0103<\/h2>\n<p>Solicitarea transmis\u0103 autorit\u0103\u021bilor rom\u00e2ne se concentreaz\u0103 pe \u0219apte teme principale:<\/p>\n<p>&#8211; cadrul juridic anterior \u0219i \u00eencetarea mandatului;<\/p>\n<p>&#8211; raportarea noilor prevederi la principiul<i> \u201ene bis in idem\u201d;<\/i><\/p>\n<p>&#8211; justificarea \u00eencet\u0103rii automate a mandatului;<\/p>\n<p>&#8211; analiza circumstan\u021belor individuale \u0219i impactul concret al m\u0103surii;<\/p>\n<p>&#8211; natura juridic\u0103 a m\u0103surii \u0219i eventualul s\u0103u caracter penal;<\/p>\n<p>&#8211; posibilitatea excluderii m\u0103surii \u00een cazurile minore;<\/p>\n<p>&#8211; dreptul la o cale de atac.<\/p>\n<h2>Nicu\u0219or Dan a decis s\u0103 nu retrimit\u0103 legea \u00een Parlament pentru reexaminare<\/h2>\n<p>Noua Lege a integrit\u0103\u021bii este inclus\u0103 \u00een cadrul reformelor asumate de Rom\u00e2nia prin Planul Na\u021bional de Redresare \u0219i Rezilien\u021b\u0103, jalonul fiind \u00een valoare de aproximativ 770 de milioane de euro.<\/p>\n<p>Pre\u0219edintele Nicu\u0219or Dan a decis s\u0103 nu retrimit\u0103 legea \u00een Parlament pentru reexaminare, argument\u00e2nd c\u0103 nu mai exista timpul necesar pentru parcurgerea procedurii parlamentare \u00eenainte de expirarea termenului-limit\u0103 pentru \u00eendeplinirea jalonului, 31 august 2026.<\/p>\n<p>Comisia European\u0103 avertizeaz\u0103 c\u0103 r\u0103spunsurile furnizate de Bucure\u0219ti ar putea avea consecin\u021be inclusiv asupra evalu\u0103rii viitoarelor cereri de plat\u0103 depuse de Rom\u00e2nia prin PNRR.<\/p>\n<p>\u00cen func\u021bie de explica\u021biile primite, Bruxelles-ul \u00ee\u0219i rezerv\u0103 posibilitatea de a solicita informa\u021bii suplimentare pentru a stabili dac\u0103 legisla\u021bia adoptat\u0103 respect\u0103 angajamentele asumate de Rom\u00e2nia \u00een domeniul statului de drept.<\/p>\n<p><\/main><\/p>\n<footer class=\"svelte-x63bga\">\n<div class=\"related-wrap related-footer svelte-78g0vl\"><span class=\"related-label svelte-78g0vl\">Cite\u0219te \u0219i<\/span><a class=\"related svelte-78g0vl\" data-gtrack=\"{&quot;event&quot;:&quot;utm_click&quot;,&quot;data&quot;:{&quot;event_category&quot;:&quot;article_related&quot;}}\" href=\"https:\/\/adevarul.ro\/politica\/george-simion-cere-revenirea-la-urne-romania-are-2553632.html\" title=\"Alt articol de interes pentru tine\"><img decoding=\"async\" class=\"thumb svelte-78g0vl\" src=\"https:\/\/cdn.adh.reperio.news\/image-b\/b48c1073-beb3-41c9-a907-e6be7137be07\/index.png?p=f%3Dwebp%26w%3D120%26h%3D80%26r%3Dcover%26a%3D0\" alt loading=\"lazy\" width=\"80\" height=\"54\"><span class=\"title svelte-78g0vl\">George Simion cere revenirea la urne: \u201eRom\u00e2nia are nevoie de o majoritate parlamentar\u0103 stabil\u0103 \u0219i de un guvern pe urm\u0103torii patru ani\u201d<\/span><\/a><a class=\"related svelte-78g0vl\" data-gtrack=\"{&quot;event&quot;:&quot;utm_click&quot;,&quot;data&quot;:{&quot;event_category&quot;:&quot;article_related&quot;}}\" href=\"https:\/\/adevarul.ro\/politica\/grindeanu-critica-boicotul-usr-si-pnl-din-camera-2553648.html\" title=\"Alt articol de interes pentru tine\"><img decoding=\"async\" class=\"thumb svelte-78g0vl\" src=\"https:\/\/cdn.adh.reperio.news\/image-3\/3f015907-9743-4754-8b1b-247261a2c159\/index.jpeg?p=f%3Dwebp%26w%3D120%26h%3D80%26r%3Dcover%26a%3D0\" alt loading=\"lazy\" width=\"80\" height=\"54\"><span class=\"title svelte-78g0vl\">Grindeanu critic\u0103 boicotul USR \u0219i PNL din Camera Deputa\u021bilor: \u201eC\u00e2nd rezultatul nu le mai convine, este \u00een pericol chiar democra\u021bia!\u201d<\/span><\/a><a class=\"related svelte-78g0vl\" data-gtrack=\"{&quot;event&quot;:&quot;utm_click&quot;,&quot;data&quot;:{&quot;event_category&quot;:&quot;article_related&quot;}}\" href=\"https:\/\/adevarul.ro\/politica\/cum-explica-udmr-votul-pentru-functiile-din-2553659.html\" title=\"Alt articol de interes pentru tine\"><img decoding=\"async\" class=\"thumb svelte-78g0vl\" src=\"https:\/\/cdn.adh.reperio.news\/image-d\/d0f96974-4031-42c9-88e5-3c75f105df6b\/index.jpeg?p=f%3Dwebp%26w%3D120%26h%3D80%26r%3Dcover%26a%3D0\" alt loading=\"lazy\" width=\"80\" height=\"54\"><span class=\"title svelte-78g0vl\">Cum explic\u0103 UDMR votul pentru func\u021biile din Biroul permanent din Camera Deputa\u0163ilor: \u201eN-am votat cu AUR sau cu S.O.S. \u015fi n-am votat \u00eempotriva PNL sau USR\u201d<\/span><\/a><\/div>\n<div class=\"meta svelte-x63bga\">\n<div class=\"authors svelte-x63bga\"><span class=\"names svelte-x63bga\"><a href=\"https:\/\/adevarul.ro\/author\/2086\" rel=\"author\" class=\"svelte-x63bga\">Oana Ababei<\/a><\/span><\/p>\n<div class=\"_hydratable\" data-props=\"%7B%22showLive%22%3Atrue%7D\" data-context=\"%7B%22parentBlockColumnCount%22%3A%7B%22value%22%3A0%2C%22type%22%3A%22store%2Freadable%22%7D%2C%22parentBlockBackgroundColor%22%3A%7B%22type%22%3A%22store%2Freadable%22%7D%7D\" data-component=\"ShareButton\">\n<div class=\"shareButtons svelte-itwbrr\">\n<div class=\"liveSessions metaFont svelte-1maxmbf\"><span class=\"value svelte-1maxmbf\">1<\/span> live <\/div>\n<\/div>\n<\/div>\n<\/div>\n<div class=\"tags svelte-1l3vwp1\"><span class=\"tags-label metaFont svelte-1l3vwp1\">Cite\u0219te mai multe despre<\/span><\/p>\n<div class=\"tags-list svelte-1l3vwp1\"><a href=\"https:\/\/adevarul.ro\/tag\/comisia%20european%C4%83\" title=\"Ultimele \u0219tiri despre comisia european\u0103\" class=\"tag-pill svelte-1l3vwp1\">comisia european\u0103<\/a><a href=\"https:\/\/adevarul.ro\/tag\/nicusor%20dan\" title=\"Ultimele \u0219tiri despre nicusor dan\" class=\"tag-pill svelte-1l3vwp1\">nicusor dan<\/a><a href=\"https:\/\/adevarul.ro\/tag\/dominic%20fritz\" title=\"Ultimele \u0219tiri despre dominic fritz\" class=\"tag-pill svelte-1l3vwp1\">dominic fritz<\/a><a href=\"https:\/\/adevarul.ro\/tag\/legea%20integritatii\" title=\"Ultimele \u0219tiri despre legea integritatii\" class=\"tag-pill svelte-1l3vwp1\">legea integritatii<\/a><a href=\"https:\/\/adevarul.ro\/tag\/amendamentul%20fritz\" title=\"Ultimele \u0219tiri despre amendamentul fritz\" class=\"tag-pill svelte-1l3vwp1\">amendamentul fritz<\/a><\/div>\n<\/div>\n<\/div>\n<p><a class=\"moreFromCategory svelte-x63bga\" href=\"https:\/\/adevarul.ro\/politica\" title=\"Politic\u0103\">Mai multe din <strong class=\"svelte-x63bga\">Politic\u0103<\/strong> \u203a<\/a><\/footer>\n<\/article>\n<p>[analyse_source url=&#8221;https:\/\/adevarul.ro\/politica\/comisia-europeana-cere-explicatii-romaniei-privind-2553721.html&#8221;]<\/p>\n","protected":false},"excerpt":{"rendered":"<p>[analyse_image type=&#8221;featured&#8221; src=&#8221;https:\/\/cdn.adh.reperio.news\/image-b\/b63233b9-93ae-43ce-a0fa-dd470fbf14dd\/index.png?p=f%3Djpeg%26w%3D1200%26h%3D630%26r%3Dcover&#8221;] Home Politic\u0103 Comisia European\u0103 cere explica\u021bii Rom\u00e2niei privind noua Lege a integrit\u0103\u021bii. Bruxelles-ul verific\u0103 \u201eamendamentul Fritz\u201d \u0219i impactul asupra ale\u0219ilor locali Comisia European\u0103 a solicitat oficial autorit\u0103\u021bilor rom\u00e2ne explica\u021bii cu privire la noua Lege a integrit\u0103\u021bii, intrat\u0103 recent \u00een vigoare, \u0219i \u00een special asupra prevederii cunoscute drept \u201eamendamentul Fritz\u201d, potrivit unor surse [&hellip;]<\/p>\n","protected":false},"author":1,"featured_media":0,"comment_status":"open","ping_status":"","sticky":false,"template":"","format":"standard","meta":{"footnotes":""},"categories":[89],"tags":[19,226],"class_list":["post-2124939","post","type-post","status-publish","format-standard","hentry","category-romania","tag-adevarul","tag-crawlmanager"],"_links":{"self":[{"href":"https:\/\/analyse.optim.biz\/index.php?rest_route=\/wp\/v2\/posts\/2124939","targetHints":{"allow":["GET"]}}],"collection":[{"href":"https:\/\/analyse.optim.biz\/index.php?rest_route=\/wp\/v2\/posts"}],"about":[{"href":"https:\/\/analyse.optim.biz\/index.php?rest_route=\/wp\/v2\/types\/post"}],"author":[{"embeddable":true,"href":"https:\/\/analyse.optim.biz\/index.php?rest_route=\/wp\/v2\/users\/1"}],"replies":[{"embeddable":true,"href":"https:\/\/analyse.optim.biz\/index.php?rest_route=%2Fwp%2Fv2%2Fcomments&post=2124939"}],"version-history":[{"count":0,"href":"https:\/\/analyse.optim.biz\/index.php?rest_route=\/wp\/v2\/posts\/2124939\/revisions"}],"wp:attachment":[{"href":"https:\/\/analyse.optim.biz\/index.php?rest_route=%2Fwp%2Fv2%2Fmedia&parent=2124939"}],"wp:term":[{"taxonomy":"category","embeddable":true,"href":"https:\/\/analyse.optim.biz\/index.php?rest_route=%2Fwp%2Fv2%2Fcategories&post=2124939"},{"taxonomy":"post_tag","embeddable":true,"href":"https:\/\/analyse.optim.biz\/index.php?rest_route=%2Fwp%2Fv2%2Ftags&post=2124939"}],"curies":[{"name":"wp","href":"https:\/\/api.w.org\/{rel}","templated":true}]}}